{"id":58860,"date":"2026-04-29T14:42:07","date_gmt":"2026-04-29T12:42:07","guid":{"rendered":"https:\/\/retradycja.eu\/?p=58860"},"modified":"2026-04-29T14:42:07","modified_gmt":"2026-04-29T12:42:07","slug":"spotkanie-z-lukaszem-cieminskim-mozesz-mi-sie-przydac-w-pole-gaski-wygnac-o-dzieciach-wsi","status":"publish","type":"post","link":"https:\/\/retradycja.eu\/pl\/spotkanie-z-lukaszem-cieminskim-mozesz-mi-sie-przydac-w-pole-gaski-wygnac-o-dzieciach-wsi\/","title":{"rendered":"Spotkanie z \u0141ukaszem Ciemi\u0144skim | Mo\u017cesz mi si\u0119 przyda\u0107, w pole g\u0105ski wygna\u0107 \u2013 o dzieciach wsi"},"content":{"rendered":"<div class=\"fusion-fullwidth fullwidth-box fusion-builder-row-1 fusion-flex-container nonhundred-percent-fullwidth non-hundred-percent-height-scrolling\" style=\"--awb-border-radius-top-left:0px;--awb-border-radius-top-right:0px;--awb-border-radius-bottom-right:0px;--awb-border-radius-bottom-left:0px;--awb-flex-wrap:wrap;\" ><div class=\"fusion-builder-row fusion-row fusion-flex-align-items-flex-start fusion-flex-content-wrap\" style=\"max-width:calc( 1920px + 0px );margin-left: calc(-0px \/ 2 );margin-right: calc(-0px \/ 2 );\"><div class=\"fusion-layout-column fusion_builder_column fusion-builder-column-0 fusion_builder_column_1_1 1_1 fusion-flex-column\" style=\"--awb-bg-size:cover;--awb-width-large:100%;--awb-margin-top-large:0px;--awb-spacing-right-large:0px;--awb-margin-bottom-large:0px;--awb-spacing-left-large:0px;--awb-width-medium:100%;--awb-spacing-right-medium:0px;--awb-spacing-left-medium:0px;--awb-width-small:100%;--awb-spacing-right-small:0px;--awb-spacing-left-small:0px;\"><div class=\"fusion-column-wrapper fusion-flex-justify-content-flex-start fusion-content-layout-column\"><div class=\"fusion-text fusion-text-1 awb-text-cols fusion-text-columns-2\" style=\"--awb-columns:2;--awb-column-spacing:5em;--awb-column-min-width:250px;\"><h2><strong>Opis wydarzenia<\/strong><\/h2>\n<p>Nie wszyscy dzi\u015b wiedz\u0105, \u017ce na dawnej wsi dzie\u0144 dziecka trwa\u0142 przez ca\u0142y rok, cho\u0107 nie zawsze by\u0142 on czasem beztroskiego \u015bwi\u0119towania. Zapraszamy na dyskusj\u0119 o pracy, zabawach i dzieci\u0119cym folklorze &#8211; s\u0142owem o wszystkim, co budowa\u0142o \u015bwiat ch\u0142opskich dzieci. Podczas kolejnego spotkania z etnografem \u0141ukaszem Ciemi\u0144skim przyjrzymy si\u0119 funkcjonowaniu najm\u0142odszych w kulturze tradycyjnej. Po prelekcji naszego go\u015bcia przyjdzie czas na rozmow\u0119 oraz zadawanie pyta\u0144, do czego serdecznie zach\u0119camy.<\/p>\n<h2><strong>O \u0141ukaszu Ciemi\u0144skim<\/strong><\/h2>\n<p>Etnograf i historyk sztuki. Kustosz dzia\u0142u etnografii Muzeum im. ks. dr. W\u0142adys\u0142awa \u0141\u0119gi w Grudzi\u0105dzu. Cz\u0142onek Rady Naukowej Stowarzyszenia Tw\u00f3rc\u00f3w Ludowych (sekcja sztuki ludowej) redaktor Pisma Folkowego. Cz\u0142onek Polskiego Towarzystwa Ludoznawczego oraz Stowarzyszenia Muzealnik\u00f3w Polskich. Regularnie wsp\u00f3\u0142pracuje z portalem kulturaludowa.pl, publikuje w Pi\u015bmie Folkowym, Tw\u00f3rczo\u015bci Ludowej oraz Roczniku Grudzi\u0105dzkim i Literaturze Ludowej. Dla Radiowego Centrum Kultury Ludowej II Programu Polskiego Radia stworzy\u0142 cykl \u201ePasja wed\u0142ug \u0141ukasza\u201d oraz tworzy comiesi\u0119czne audycje \u201eCiemi\u0144ski i wszyscy \u015bwi\u0119ci\u201d. Zainteresowania badawcze koncentruje wok\u00f3\u0142 fenomenu ludowego kultu \u015bwi\u0119tych patron\u00f3w, antropologii wizerunku cudownego oraz sztuce ludowej i nieprofesjonalnej.<\/p>\n<p><em>W tle obraz \u201eG\u0119siarka\u201d autorstwa Antoniego Kozakiewicza.<\/em><\/p>\n<h2><strong>Informacje praktyczne<br \/>\n<\/strong><\/h2>\n<p><strong>Kiedy:<\/strong> 29 maja 2026 (pi\u0105tek), godz. 18.00-20.00<strong><br \/>\nGdzie:<\/strong> Warsztaty Kultury w Lublinie, ul. Grodzka 5a, sala widowiskowa \u2013 II pi\u0119tro<br \/>\n<strong>Dla kogo:<\/strong> zapraszamy doros\u0142ych zainteresowanych histori\u0105 i etnografi\u0105<strong><br \/>\nWst\u0119p wolny<\/strong>, liczba miejsc ograniczona, decyduje kolejno\u015b\u0107 przybycia<\/p>\n<h2><strong>Dost\u0119pno\u015b\u0107<\/strong><\/h2>\n<p>wydarzenie w przestrzeni niedost\u0119pnej architektonicznie<br \/>\nzapytaj o dost\u0119pno\u015b\u0107: <a href=\"https:\/\/forms.gle\/h9h1Pymro8BPd3hi9.\"><strong>wype\u0142nij formularz<\/strong><\/a><u><br \/>\n<\/u><a href=\"https:\/\/warsztatykultury.pl\/pl\/dostepnosc-wk\/\"><strong>poczytaj o dost\u0119pno\u015bci Warsztat\u00f3w Kultury i skontaktuj si\u0119 z nami<\/strong><\/a><\/p>\n<h2>Sprawd\u017a jak doj\u015b\u0107 i bariery architetoniczne<\/h2>\n<div class=\"fusion-video fusion-youtube\" style=\"--awb-max-width:600px;--awb-max-height:360px;\"><div class=\"video-shortcode\"><priv-fac-lite-youtube class=\"fusion-hidden\" data-privacy-type=\"youtube\" videoid=\"Vwch6q1EnSI\" class=\"landscape\" params=\"wmode=transparent&autoplay=1&enablejsapi=1\" title=\"YouTube video player 1\" width=\"600\" height=\"360\"><\/priv-fac-lite-youtube><div class=\"fusion-privacy-placeholder\" style=\"width:600px; height:360px;\" data-privacy-type=\"youtube\"><div class=\"fusion-privacy-placeholder-content\"><div class=\"fusion-privacy-label\">For privacy reasons YouTube needs your permission to be loaded.<\/div><a href=\"\" data-privacy-type=\"youtube\" class=\"fusion-button button-default fusion-button-default-size button fusion-privacy-consent\">Wyra\u017cam zgod\u0119<\/a><\/div><\/div><\/div><\/div>\n<\/div><\/div><\/div><\/div><\/div>\n","protected":false},"excerpt":{"rendered":"","protected":false},"author":5,"featured_media":58868,"comment_status":"closed","ping_status":"open","sticky":false,"template":"","format":"standard","meta":{"_acf_changed":false,"ngg_post_thumbnail":0,"footnotes":""},"categories":[1],"tags":[],"acf":[],"yoast_head":"<!-- This site is optimized with the Yoast SEO plugin v22.2 - https:\/\/yoast.com\/wordpress\/plugins\/seo\/ -->\n<title>Spotkanie z \u0141ukaszem Ciemi\u0144skim | Mo\u017cesz mi si\u0119 przyda\u0107, w pole g\u0105ski wygna\u0107<\/title>\n<meta name=\"description\" content=\"Spotkanie z \u0141ukaszem Ciemi\u0144skim | Mo\u017cesz mi si\u0119 przyda\u0107, w pole g\u0105ski wygna\u0107 \u2013 o dzieciach wsi\" \/>\n<meta name=\"robots\" content=\"index, follow, max-snippet:-1, max-image-preview:large, max-video-preview:-1\" \/>\n<link rel=\"canonical\" href=\"https:\/\/retradycja.eu\/pl\/spotkanie-z-lukaszem-cieminskim-mozesz-mi-sie-przydac-w-pole-gaski-wygnac-o-dzieciach-wsi\/\" \/>\n<meta property=\"og:locale\" content=\"pl_PL\" \/>\n<meta property=\"og:type\" content=\"article\" \/>\n<meta property=\"og:title\" content=\"Spotkanie z \u0141ukaszem Ciemi\u0144skim | Mo\u017cesz mi si\u0119 przyda\u0107, w pole g\u0105ski wygna\u0107\" \/>\n<meta property=\"og:description\" content=\"Spotkanie z \u0141ukaszem Ciemi\u0144skim | Mo\u017cesz mi si\u0119 przyda\u0107, w pole g\u0105ski wygna\u0107 \u2013 o dzieciach wsi\" \/>\n<meta property=\"og:url\" content=\"https:\/\/retradycja.eu\/pl\/spotkanie-z-lukaszem-cieminskim-mozesz-mi-sie-przydac-w-pole-gaski-wygnac-o-dzieciach-wsi\/\" \/>\n<meta property=\"og:site_name\" content=\"Festiwal Re:tradycja - Jarmark Jagiello\u0144ski\" \/>\n<meta property=\"article:publisher\" content=\"https:\/\/www.facebook.com\/retradycja\" \/>\n<meta property=\"article:published_time\" content=\"2026-04-29T12:42:07+00:00\" \/>\n<meta property=\"og:image\" content=\"https:\/\/retradycja.eu\/wp-content\/uploads\/2026\/04\/TETRISY_w_razie_W_Prawie-hd-1024x536.png\" \/>\n\t<meta property=\"og:image:width\" content=\"1024\" \/>\n\t<meta property=\"og:image:height\" content=\"536\" \/>\n\t<meta property=\"og:image:type\" content=\"image\/png\" \/>\n<meta name=\"author\" content=\"Ma\u0142gorzata\" \/>\n<meta name=\"twitter:card\" content=\"summary_large_image\" \/>\n<meta name=\"twitter:label1\" content=\"Napisane przez\" \/>\n\t<meta name=\"twitter:data1\" content=\"Ma\u0142gorzata\" \/>\n\t<meta name=\"twitter:label2\" content=\"Szacowany czas czytania\" \/>\n\t<meta name=\"twitter:data2\" content=\"2 minuty\" \/>\n<script type=\"application\/ld+json\" class=\"yoast-schema-graph\">{\"@context\":\"https:\/\/schema.org\",\"@graph\":[{\"@type\":\"Article\",\"@id\":\"https:\/\/retradycja.eu\/pl\/spotkanie-z-lukaszem-cieminskim-mozesz-mi-sie-przydac-w-pole-gaski-wygnac-o-dzieciach-wsi\/#article\",\"isPartOf\":{\"@id\":\"https:\/\/retradycja.eu\/pl\/spotkanie-z-lukaszem-cieminskim-mozesz-mi-sie-przydac-w-pole-gaski-wygnac-o-dzieciach-wsi\/\"},\"author\":{\"name\":\"Ma\u0142gorzata\",\"@id\":\"https:\/\/retradycja.eu\/pl\/#\/schema\/person\/fd205a687bde7f36f7900874fe9c96c0\"},\"headline\":\"Spotkanie z \u0141ukaszem Ciemi\u0144skim | Mo\u017cesz mi si\u0119 przyda\u0107, w pole g\u0105ski wygna\u0107 \u2013 o dzieciach wsi\",\"datePublished\":\"2026-04-29T12:42:07+00:00\",\"dateModified\":\"2026-04-29T12:42:07+00:00\",\"mainEntityOfPage\":{\"@id\":\"https:\/\/retradycja.eu\/pl\/spotkanie-z-lukaszem-cieminskim-mozesz-mi-sie-przydac-w-pole-gaski-wygnac-o-dzieciach-wsi\/\"},\"wordCount\":563,\"publisher\":{\"@id\":\"https:\/\/retradycja.eu\/pl\/#organization\"},\"image\":{\"@id\":\"https:\/\/retradycja.eu\/pl\/spotkanie-z-lukaszem-cieminskim-mozesz-mi-sie-przydac-w-pole-gaski-wygnac-o-dzieciach-wsi\/#primaryimage\"},\"thumbnailUrl\":\"https:\/\/retradycja.eu\/wp-content\/uploads\/2026\/04\/TETRISY_w_razie_W_Prawie-hd.png\",\"inLanguage\":\"pl-PL\"},{\"@type\":\"WebPage\",\"@id\":\"https:\/\/retradycja.eu\/pl\/spotkanie-z-lukaszem-cieminskim-mozesz-mi-sie-przydac-w-pole-gaski-wygnac-o-dzieciach-wsi\/\",\"url\":\"https:\/\/retradycja.eu\/pl\/spotkanie-z-lukaszem-cieminskim-mozesz-mi-sie-przydac-w-pole-gaski-wygnac-o-dzieciach-wsi\/\",\"name\":\"Spotkanie z \u0141ukaszem Ciemi\u0144skim | Mo\u017cesz mi si\u0119 przyda\u0107, w pole g\u0105ski wygna\u0107\",\"isPartOf\":{\"@id\":\"https:\/\/retradycja.eu\/pl\/#website\"},\"primaryImageOfPage\":{\"@id\":\"https:\/\/retradycja.eu\/pl\/spotkanie-z-lukaszem-cieminskim-mozesz-mi-sie-przydac-w-pole-gaski-wygnac-o-dzieciach-wsi\/#primaryimage\"},\"image\":{\"@id\":\"https:\/\/retradycja.eu\/pl\/spotkanie-z-lukaszem-cieminskim-mozesz-mi-sie-przydac-w-pole-gaski-wygnac-o-dzieciach-wsi\/#primaryimage\"},\"thumbnailUrl\":\"https:\/\/retradycja.eu\/wp-content\/uploads\/2026\/04\/TETRISY_w_razie_W_Prawie-hd.png\",\"datePublished\":\"2026-04-29T12:42:07+00:00\",\"dateModified\":\"2026-04-29T12:42:07+00:00\",\"description\":\"Spotkanie z \u0141ukaszem Ciemi\u0144skim | Mo\u017cesz mi si\u0119 przyda\u0107, w pole g\u0105ski wygna\u0107 \u2013 o dzieciach wsi\",\"breadcrumb\":{\"@id\":\"https:\/\/retradycja.eu\/pl\/spotkanie-z-lukaszem-cieminskim-mozesz-mi-sie-przydac-w-pole-gaski-wygnac-o-dzieciach-wsi\/#breadcrumb\"},\"inLanguage\":\"pl-PL\",\"potentialAction\":[{\"@type\":\"ReadAction\",\"target\":[\"https:\/\/retradycja.eu\/pl\/spotkanie-z-lukaszem-cieminskim-mozesz-mi-sie-przydac-w-pole-gaski-wygnac-o-dzieciach-wsi\/\"]}]},{\"@type\":\"ImageObject\",\"inLanguage\":\"pl-PL\",\"@id\":\"https:\/\/retradycja.eu\/pl\/spotkanie-z-lukaszem-cieminskim-mozesz-mi-sie-przydac-w-pole-gaski-wygnac-o-dzieciach-wsi\/#primaryimage\",\"url\":\"https:\/\/retradycja.eu\/wp-content\/uploads\/2026\/04\/TETRISY_w_razie_W_Prawie-hd.png\",\"contentUrl\":\"https:\/\/retradycja.eu\/wp-content\/uploads\/2026\/04\/TETRISY_w_razie_W_Prawie-hd.png\",\"width\":1920,\"height\":1005},{\"@type\":\"BreadcrumbList\",\"@id\":\"https:\/\/retradycja.eu\/pl\/spotkanie-z-lukaszem-cieminskim-mozesz-mi-sie-przydac-w-pole-gaski-wygnac-o-dzieciach-wsi\/#breadcrumb\",\"itemListElement\":[{\"@type\":\"ListItem\",\"position\":1,\"name\":\"Strona g\u0142\u00f3wna\",\"item\":\"https:\/\/retradycja.eu\/pl\/\"},{\"@type\":\"ListItem\",\"position\":2,\"name\":\"Spotkanie z \u0141ukaszem Ciemi\u0144skim | Mo\u017cesz mi si\u0119 przyda\u0107, w pole g\u0105ski wygna\u0107 \u2013 o dzieciach wsi\"}]},{\"@type\":\"WebSite\",\"@id\":\"https:\/\/retradycja.eu\/pl\/#website\",\"url\":\"https:\/\/retradycja.eu\/pl\/\",\"name\":\"Festiwal Re:tradycja - Jarmark Jagiello\u0144ski\",\"description\":\" Lublin, Stare Miasto\",\"publisher\":{\"@id\":\"https:\/\/retradycja.eu\/pl\/#organization\"},\"potentialAction\":[{\"@type\":\"SearchAction\",\"target\":{\"@type\":\"EntryPoint\",\"urlTemplate\":\"https:\/\/retradycja.eu\/pl\/?s={search_term_string}\"},\"query-input\":\"required name=search_term_string\"}],\"inLanguage\":\"pl-PL\"},{\"@type\":\"Organization\",\"@id\":\"https:\/\/retradycja.eu\/pl\/#organization\",\"name\":\"Warsztaty Kultury w Lublinie\",\"url\":\"https:\/\/retradycja.eu\/pl\/\",\"logo\":{\"@type\":\"ImageObject\",\"inLanguage\":\"pl-PL\",\"@id\":\"https:\/\/retradycja.eu\/pl\/#\/schema\/logo\/image\/\",\"url\":\"https:\/\/retradycja.eu\/wp-content\/uploads\/2022\/06\/logo_retradycje-01.png\",\"contentUrl\":\"https:\/\/retradycja.eu\/wp-content\/uploads\/2022\/06\/logo_retradycje-01.png\",\"width\":332,\"height\":63,\"caption\":\"Warsztaty Kultury w Lublinie\"},\"image\":{\"@id\":\"https:\/\/retradycja.eu\/pl\/#\/schema\/logo\/image\/\"},\"sameAs\":[\"https:\/\/www.facebook.com\/retradycja\",\"https:\/\/www.instagram.com\/retradycja_jarmarkjagiellonski\/\",\"https:\/\/www.youtube.com\/user\/JarmarkJagiellonski\"]},{\"@type\":\"Person\",\"@id\":\"https:\/\/retradycja.eu\/pl\/#\/schema\/person\/fd205a687bde7f36f7900874fe9c96c0\",\"name\":\"Ma\u0142gorzata\",\"image\":{\"@type\":\"ImageObject\",\"inLanguage\":\"pl-PL\",\"@id\":\"https:\/\/retradycja.eu\/pl\/#\/schema\/person\/image\/\",\"url\":\"https:\/\/secure.gravatar.com\/avatar\/c2f84c05c7c04cc536472b6e15a984f4?s=96&d=mm&r=g\",\"contentUrl\":\"https:\/\/secure.gravatar.com\/avatar\/c2f84c05c7c04cc536472b6e15a984f4?s=96&d=mm&r=g\",\"caption\":\"Ma\u0142gorzata\"}}]}<\/script>\n<!-- \/ Yoast SEO plugin. -->","yoast_head_json":{"title":"Spotkanie z \u0141ukaszem Ciemi\u0144skim | Mo\u017cesz mi si\u0119 przyda\u0107, w pole g\u0105ski wygna\u0107","description":"Spotkanie z \u0141ukaszem Ciemi\u0144skim | Mo\u017cesz mi si\u0119 przyda\u0107, w pole g\u0105ski wygna\u0107 \u2013 o dzieciach wsi","robots":{"index":"index","follow":"follow","max-snippet":"max-snippet:-1","max-image-preview":"max-image-preview:large","max-video-preview":"max-video-preview:-1"},"canonical":"https:\/\/retradycja.eu\/pl\/spotkanie-z-lukaszem-cieminskim-mozesz-mi-sie-przydac-w-pole-gaski-wygnac-o-dzieciach-wsi\/","og_locale":"pl_PL","og_type":"article","og_title":"Spotkanie z \u0141ukaszem Ciemi\u0144skim | Mo\u017cesz mi si\u0119 przyda\u0107, w pole g\u0105ski wygna\u0107","og_description":"Spotkanie z \u0141ukaszem Ciemi\u0144skim | Mo\u017cesz mi si\u0119 przyda\u0107, w pole g\u0105ski wygna\u0107 \u2013 o dzieciach wsi","og_url":"https:\/\/retradycja.eu\/pl\/spotkanie-z-lukaszem-cieminskim-mozesz-mi-sie-przydac-w-pole-gaski-wygnac-o-dzieciach-wsi\/","og_site_name":"Festiwal Re:tradycja - Jarmark Jagiello\u0144ski","article_publisher":"https:\/\/www.facebook.com\/retradycja","article_published_time":"2026-04-29T12:42:07+00:00","og_image":[{"width":1024,"height":536,"url":"https:\/\/retradycja.eu\/wp-content\/uploads\/2026\/04\/TETRISY_w_razie_W_Prawie-hd-1024x536.png","type":"image\/png"}],"author":"Ma\u0142gorzata","twitter_card":"summary_large_image","twitter_misc":{"Napisane przez":"Ma\u0142gorzata","Szacowany czas czytania":"2 minuty"},"schema":{"@context":"https:\/\/schema.org","@graph":[{"@type":"Article","@id":"https:\/\/retradycja.eu\/pl\/spotkanie-z-lukaszem-cieminskim-mozesz-mi-sie-przydac-w-pole-gaski-wygnac-o-dzieciach-wsi\/#article","isPartOf":{"@id":"https:\/\/retradycja.eu\/pl\/spotkanie-z-lukaszem-cieminskim-mozesz-mi-sie-przydac-w-pole-gaski-wygnac-o-dzieciach-wsi\/"},"author":{"name":"Ma\u0142gorzata","@id":"https:\/\/retradycja.eu\/pl\/#\/schema\/person\/fd205a687bde7f36f7900874fe9c96c0"},"headline":"Spotkanie z \u0141ukaszem Ciemi\u0144skim | Mo\u017cesz mi si\u0119 przyda\u0107, w pole g\u0105ski wygna\u0107 \u2013 o dzieciach wsi","datePublished":"2026-04-29T12:42:07+00:00","dateModified":"2026-04-29T12:42:07+00:00","mainEntityOfPage":{"@id":"https:\/\/retradycja.eu\/pl\/spotkanie-z-lukaszem-cieminskim-mozesz-mi-sie-przydac-w-pole-gaski-wygnac-o-dzieciach-wsi\/"},"wordCount":563,"publisher":{"@id":"https:\/\/retradycja.eu\/pl\/#organization"},"image":{"@id":"https:\/\/retradycja.eu\/pl\/spotkanie-z-lukaszem-cieminskim-mozesz-mi-sie-przydac-w-pole-gaski-wygnac-o-dzieciach-wsi\/#primaryimage"},"thumbnailUrl":"https:\/\/retradycja.eu\/wp-content\/uploads\/2026\/04\/TETRISY_w_razie_W_Prawie-hd.png","inLanguage":"pl-PL"},{"@type":"WebPage","@id":"https:\/\/retradycja.eu\/pl\/spotkanie-z-lukaszem-cieminskim-mozesz-mi-sie-przydac-w-pole-gaski-wygnac-o-dzieciach-wsi\/","url":"https:\/\/retradycja.eu\/pl\/spotkanie-z-lukaszem-cieminskim-mozesz-mi-sie-przydac-w-pole-gaski-wygnac-o-dzieciach-wsi\/","name":"Spotkanie z \u0141ukaszem Ciemi\u0144skim | Mo\u017cesz mi si\u0119 przyda\u0107, w pole g\u0105ski wygna\u0107","isPartOf":{"@id":"https:\/\/retradycja.eu\/pl\/#website"},"primaryImageOfPage":{"@id":"https:\/\/retradycja.eu\/pl\/spotkanie-z-lukaszem-cieminskim-mozesz-mi-sie-przydac-w-pole-gaski-wygnac-o-dzieciach-wsi\/#primaryimage"},"image":{"@id":"https:\/\/retradycja.eu\/pl\/spotkanie-z-lukaszem-cieminskim-mozesz-mi-sie-przydac-w-pole-gaski-wygnac-o-dzieciach-wsi\/#primaryimage"},"thumbnailUrl":"https:\/\/retradycja.eu\/wp-content\/uploads\/2026\/04\/TETRISY_w_razie_W_Prawie-hd.png","datePublished":"2026-04-29T12:42:07+00:00","dateModified":"2026-04-29T12:42:07+00:00","description":"Spotkanie z \u0141ukaszem Ciemi\u0144skim | Mo\u017cesz mi si\u0119 przyda\u0107, w pole g\u0105ski wygna\u0107 \u2013 o dzieciach wsi","breadcrumb":{"@id":"https:\/\/retradycja.eu\/pl\/spotkanie-z-lukaszem-cieminskim-mozesz-mi-sie-przydac-w-pole-gaski-wygnac-o-dzieciach-wsi\/#breadcrumb"},"inLanguage":"pl-PL","potentialAction":[{"@type":"ReadAction","target":["https:\/\/retradycja.eu\/pl\/spotkanie-z-lukaszem-cieminskim-mozesz-mi-sie-przydac-w-pole-gaski-wygnac-o-dzieciach-wsi\/"]}]},{"@type":"ImageObject","inLanguage":"pl-PL","@id":"https:\/\/retradycja.eu\/pl\/spotkanie-z-lukaszem-cieminskim-mozesz-mi-sie-przydac-w-pole-gaski-wygnac-o-dzieciach-wsi\/#primaryimage","url":"https:\/\/retradycja.eu\/wp-content\/uploads\/2026\/04\/TETRISY_w_razie_W_Prawie-hd.png","contentUrl":"https:\/\/retradycja.eu\/wp-content\/uploads\/2026\/04\/TETRISY_w_razie_W_Prawie-hd.png","width":1920,"height":1005},{"@type":"BreadcrumbList","@id":"https:\/\/retradycja.eu\/pl\/spotkanie-z-lukaszem-cieminskim-mozesz-mi-sie-przydac-w-pole-gaski-wygnac-o-dzieciach-wsi\/#breadcrumb","itemListElement":[{"@type":"ListItem","position":1,"name":"Strona g\u0142\u00f3wna","item":"https:\/\/retradycja.eu\/pl\/"},{"@type":"ListItem","position":2,"name":"Spotkanie z \u0141ukaszem Ciemi\u0144skim | Mo\u017cesz mi si\u0119 przyda\u0107, w pole g\u0105ski wygna\u0107 \u2013 o dzieciach wsi"}]},{"@type":"WebSite","@id":"https:\/\/retradycja.eu\/pl\/#website","url":"https:\/\/retradycja.eu\/pl\/","name":"Festiwal Re:tradycja - Jarmark Jagiello\u0144ski","description":" Lublin, Stare Miasto","publisher":{"@id":"https:\/\/retradycja.eu\/pl\/#organization"},"potentialAction":[{"@type":"SearchAction","target":{"@type":"EntryPoint","urlTemplate":"https:\/\/retradycja.eu\/pl\/?s={search_term_string}"},"query-input":"required name=search_term_string"}],"inLanguage":"pl-PL"},{"@type":"Organization","@id":"https:\/\/retradycja.eu\/pl\/#organization","name":"Warsztaty Kultury w Lublinie","url":"https:\/\/retradycja.eu\/pl\/","logo":{"@type":"ImageObject","inLanguage":"pl-PL","@id":"https:\/\/retradycja.eu\/pl\/#\/schema\/logo\/image\/","url":"https:\/\/retradycja.eu\/wp-content\/uploads\/2022\/06\/logo_retradycje-01.png","contentUrl":"https:\/\/retradycja.eu\/wp-content\/uploads\/2022\/06\/logo_retradycje-01.png","width":332,"height":63,"caption":"Warsztaty Kultury w Lublinie"},"image":{"@id":"https:\/\/retradycja.eu\/pl\/#\/schema\/logo\/image\/"},"sameAs":["https:\/\/www.facebook.com\/retradycja","https:\/\/www.instagram.com\/retradycja_jarmarkjagiellonski\/","https:\/\/www.youtube.com\/user\/JarmarkJagiellonski"]},{"@type":"Person","@id":"https:\/\/retradycja.eu\/pl\/#\/schema\/person\/fd205a687bde7f36f7900874fe9c96c0","name":"Ma\u0142gorzata","image":{"@type":"ImageObject","inLanguage":"pl-PL","@id":"https:\/\/retradycja.eu\/pl\/#\/schema\/person\/image\/","url":"https:\/\/secure.gravatar.com\/avatar\/c2f84c05c7c04cc536472b6e15a984f4?s=96&d=mm&r=g","contentUrl":"https:\/\/secure.gravatar.com\/avatar\/c2f84c05c7c04cc536472b6e15a984f4?s=96&d=mm&r=g","caption":"Ma\u0142gorzata"}}]}},"_links":{"self":[{"href":"https:\/\/retradycja.eu\/pl\/wp-json\/wp\/v2\/posts\/58860"}],"collection":[{"href":"https:\/\/retradycja.eu\/pl\/wp-json\/wp\/v2\/posts"}],"about":[{"href":"https:\/\/retradycja.eu\/pl\/wp-json\/wp\/v2\/types\/post"}],"author":[{"embeddable":true,"href":"https:\/\/retradycja.eu\/pl\/wp-json\/wp\/v2\/users\/5"}],"replies":[{"embeddable":true,"href":"https:\/\/retradycja.eu\/pl\/wp-json\/wp\/v2\/comments?post=58860"}],"version-history":[{"count":1,"href":"https:\/\/retradycja.eu\/pl\/wp-json\/wp\/v2\/posts\/58860\/revisions"}],"predecessor-version":[{"id":58870,"href":"https:\/\/retradycja.eu\/pl\/wp-json\/wp\/v2\/posts\/58860\/revisions\/58870"}],"wp:featuredmedia":[{"embeddable":true,"href":"https:\/\/retradycja.eu\/pl\/wp-json\/wp\/v2\/media\/58868"}],"wp:attachment":[{"href":"https:\/\/retradycja.eu\/pl\/wp-json\/wp\/v2\/media?parent=58860"}],"wp:term":[{"taxonomy":"category","embeddable":true,"href":"https:\/\/retradycja.eu\/pl\/wp-json\/wp\/v2\/categories?post=58860"},{"taxonomy":"post_tag","embeddable":true,"href":"https:\/\/retradycja.eu\/pl\/wp-json\/wp\/v2\/tags?post=58860"}],"curies":[{"name":"wp","href":"https:\/\/api.w.org\/{rel}","templated":true}]}}