{"id":58859,"date":"2026-04-29T14:33:16","date_gmt":"2026-04-29T12:33:16","guid":{"rendered":"https:\/\/retradycja.eu\/?p=58859"},"modified":"2026-04-29T14:37:33","modified_gmt":"2026-04-29T12:37:33","slug":"zabawy-z-wiejskiego-podworka-elementarz-tradycji","status":"publish","type":"post","link":"https:\/\/retradycja.eu\/pl\/zabawy-z-wiejskiego-podworka-elementarz-tradycji\/","title":{"rendered":"Zabawy z wiejskiego podw\u00f3rka | Elementarz tradycji"},"content":{"rendered":"<div class=\"fusion-fullwidth fullwidth-box fusion-builder-row-1 fusion-flex-container nonhundred-percent-fullwidth non-hundred-percent-height-scrolling\" style=\"--awb-border-radius-top-left:0px;--awb-border-radius-top-right:0px;--awb-border-radius-bottom-right:0px;--awb-border-radius-bottom-left:0px;--awb-flex-wrap:wrap;\" ><div class=\"fusion-builder-row fusion-row fusion-flex-align-items-flex-start fusion-flex-content-wrap\" style=\"max-width:calc( 1920px + 0px );margin-left: calc(-0px \/ 2 );margin-right: calc(-0px \/ 2 );\"><div class=\"fusion-layout-column fusion_builder_column fusion-builder-column-0 fusion_builder_column_1_1 1_1 fusion-flex-column\" style=\"--awb-bg-size:cover;--awb-width-large:100%;--awb-margin-top-large:0px;--awb-spacing-right-large:0px;--awb-margin-bottom-large:0px;--awb-spacing-left-large:0px;--awb-width-medium:100%;--awb-spacing-right-medium:0px;--awb-spacing-left-medium:0px;--awb-width-small:100%;--awb-spacing-right-small:0px;--awb-spacing-left-small:0px;\"><div class=\"fusion-column-wrapper fusion-flex-justify-content-flex-start fusion-content-layout-column\"><div style=\"text-align:center;\"><a class=\"fusion-button button-flat button-large button-default fusion-button-default button-1 fusion-button-span-no fusion-button-default-type\" style=\"--button-border-radius-top-left:0;--button-border-radius-top-right:0;--button-border-radius-bottom-right:0;--button-border-radius-bottom-left:0;--button_margin-top:1%;--button_margin-bottom:1%;\" target=\"_blank\" rel=\"noopener noreferrer\" href=\"https:\/\/forms.gle\/vfyPyCE5pnnbvdk1A\"><span class=\"fusion-button-text\">zapisz si\u0119<\/span><\/a><\/div><div class=\"fusion-text fusion-text-1 awb-text-cols fusion-text-columns-2\" style=\"--awb-columns:2;--awb-column-spacing:5em;--awb-column-min-width:250px;\"><p><strong>Kapela Niwi\u0144skich przygotowa\u0142a zaj\u0119cia muzyczno-taneczne po\u015bwi\u0119cone grom i zabawom, w kt\u00f3re bawi\u0142y si\u0119 dzieci, m\u0142odzie\u017c i doro\u015bli na polskiej wsi, umilaj\u0105c sobie czas po pracy i podczas wioskowych \u015bwi\u0105t. Spotkanie odb\u0119dzie si\u0119 w ramach cyklu \u201eElementarz tradycji\u201d i jest przeznaczone dla dzieci od 3. do 6. roku \u017cycia.<\/strong><\/p>\n<h2>Opis wydarzenia<\/h2>\n<p>Wyliczanki, ta\u0144ce w kr\u0119gu i w parach, gonitwy i zr\u0119czno\u015bciowe zmagania to tylko niekt\u00f3re elementy tradycyjnych zabaw wiejskich, w kt\u00f3rych \u015bpiew i ruch odgrywaj\u0105 kluczow\u0105 rol\u0119. B\u0119d\u0105 to zabawy adresowane do najm\u0142odszych: Kokoszka, Mak, Pan Zelman, a tak\u017ce ta\u0144ce-zabawy z Mazowsza, takie jak mazurek, trojak czy poleczka.<\/p>\n<p>Zaj\u0119cia b\u0119d\u0105 okazj\u0105 do kontaktu z \u017cyw\u0105 muzyk\u0105 oraz do poznania polskiej muzyki tradycyjnej. Prowadzonym przez kapel\u0119 zabawom towarzyszy\u0107 b\u0119d\u0105 akompaniament skrzypiec, bas\u00f3w, b\u0119bna obr\u0119czowego i barabanu &#8211; instrument\u00f3w typowych dla dawnych, mazowieckich kapel.<\/p>\n<p>Warsztaty poprowadzi rodzinna kapela Niwi\u0144skich tj. Agnieszka i Mateusz Niwi\u0144scy wraz z dzie\u0107mi Marysi\u0105 i Witkiem. To do\u015bwiadczeni muzycy z wiejskiego podw\u00f3rza, od lat dokumentuj\u0105cy i praktykuj\u0105cy muzyk\u0119 tradycyjn\u0105 Polski centralnej, aktywni uczestnicy polskiej sceny in crudo,  uczestnicy licznych koncert\u00f3w, pota\u0144c\u00f3wek i festiwali.<\/p>\n<p>Sk\u0142ad kapeli:<\/p>\n<p>Mateusz Niwi\u0144ski \u2013 skrzypce, \u015bpiew, ta\u0144ce, zabawy;<\/p>\n<p>Agnieszka Niwi\u0144ska \u2013 b\u0119ben obr\u0119czowy, baraban, basy, \u015bpiew, ta\u0144ce, zabawy;<\/p>\n<p>Marysia Niwi\u0144ska \u2013 skrzypce, \u015bpiew;<\/p>\n<p>Witek Niwi\u0144ski \u2013 b\u0119bny polskie, \u015bpiew.<\/p>\n<h2><strong>Informacje praktyczne<br \/>\n<\/strong><\/h2>\n<p><strong>Kiedy:<\/strong> 30 maja 2026 r., godz. 11.00\u201312.00<br \/>\n<strong>Gdzie:<\/strong> Warsztaty Kultury w Lublinie, ul. Grodzka 5a, sala widowiskowa \u2013 II pi\u0119tro<br \/>\n<strong>Dla kogo:<\/strong> dzieci w wieku 3\u20136 lat wraz z rodzicami<br \/>\n<strong>Zapisy: <a href=\"https:\/\/forms.gle\/vfyPyCE5pnnbvdk1A\">przez formularz on-line<\/a><\/strong>, wst\u0119p bezp\u0142atny, liczba miejsc ograniczona. Uwaga! Wype\u0142nienie formularza nie jest jednoznaczne z przyj\u0119ciem na zaj\u0119cia. Prosimy poczeka\u0107 na wiadomo\u015b\u0107 e-mail &#8211; poinformujemy Pa\u0144stwa o udziale lub znalezieniu si\u0119 na li\u015bcie rezerwowej.<strong><br \/>\n<\/strong><\/p>\n<h2><strong>Dost\u0119pno\u015b\u0107<\/strong><\/h2>\n<p>s\u0142uchawki wyciszaj\u0105ce<\/p>\n<p>wydarzenie w przestrzeni niedost\u0119pnej architektonicznie<\/p>\n<h2>Sprawd\u017a jak doj\u015b\u0107 i bariery architektoniczne<\/h2>\n<\/p>\n<div class=\"fusion-video fusion-youtube\" style=\"--awb-max-width:600px;--awb-max-height:360px;\"><div class=\"video-shortcode\"><priv-fac-lite-youtube class=\"fusion-hidden\" data-privacy-type=\"youtube\" videoid=\"Vwch6q1EnSI\" class=\"landscape\" params=\"wmode=transparent&autoplay=1&enablejsapi=1\" title=\"YouTube video player 1\" width=\"600\" height=\"360\"><\/priv-fac-lite-youtube><div class=\"fusion-privacy-placeholder\" style=\"width:600px; height:360px;\" data-privacy-type=\"youtube\"><div class=\"fusion-privacy-placeholder-content\"><div class=\"fusion-privacy-label\">For privacy reasons YouTube needs your permission to be loaded.<\/div><a href=\"\" data-privacy-type=\"youtube\" class=\"fusion-button button-default fusion-button-default-size button fusion-privacy-consent\">Wyra\u017cam zgod\u0119<\/a><\/div><\/div><\/div><\/div>\n<h2><strong>O Kapeli Niwi\u0144skich<\/strong><\/h2>\n<p>Ten muzyczny kolektyw tworz\u0105 Mateusz i Agnieszka Niwi\u0144scy oraz Jakub Mielcarek. Zesp\u00f3\u0142 od lat jest aktywnym uczestnikiem sceny IN CRUDO, wykonuje muzyk\u0119 tradycyjn\u0105 polskiej wsi, kultywuj\u0105c lokalne maniery i tradycyjne repertuary wybranych mikroregion\u00f3w Polski min. Radomszczyzny, Mazowsza Le\u015bnego, regionu Sannickiego, tak\u017ce Kujaw, dawnej Galicji, Polesia. Uczniowie wiejskich muzykant\u00f3w starego pokolenia (m.in. Piotra i Jana Gac\u00f3w, Stefana Nowaczka, Tadeusza Lipca, J\u00f3zefa Ciastka, Piotra Figurskiego). Zesp\u00f3\u0142 piel\u0119gnuje rdzenny styl starej muzyki wiejskiej oraz jej brzmienie, aran\u017cuj\u0105c, improwizuj\u0105c i ogrywaj\u0105c je w swoisty dla siebie spos\u00f3b. To badacze i praktycy  muzycznych tradycji Polski, poszukuj\u0105cy rdzennego brzmienia muzyki polskiej wsi, uczniowie wiejskich muzykant\u00f3w i \u015bpiewaczek, inicjatorzy i uczestnicy licznych dzia\u0142a\u0144 na rzecz o\u017cywiania rodzimej tradycji muzycznej a tak\u017ce muzycznych eksperyment\u00f3w z pogranicza innych gatunk\u00f3w muzycznych. Wydali dwie p\u0142yty: \u201eCzas wesela\u201d (2017) oraz \u201ePog\u0142osy\u201d (2022) a tak\u017ce bior\u0105 udzia\u0142 w wielu innych przedsi\u0119wzi\u0119ciach muzycznych po\u015bwi\u0119conych muzyce tradycyjnej min. w p\u0142ycie Poleskiego Sk\u0142adu Smyczkowego (2023), w serii p\u0142ytowej \u201eCztery Domy S\u0142o\u0144ca\u201d (2024), p\u0142yta \u201eDrogi\u201d Orkiestry Galicja (2024), projekt Oberkas Travel (2025).<\/p>\n<p><strong>Mateusz Niwi\u0144ski <\/strong>\u2013 skrzypek kultywuj\u0105cy ludow\u0105 manier\u0119 gry oraz repertuary wybranych mikroregion\u00f3w Polski Centralnej, w tym Radomszczyzny, Mazowsza Le\u015bnego, regionu Sannickiego, tak\u017ce Kujaw, dawnej Galicji, Polesia, ucze\u0144 wiejskich muzykant\u00f3w (min. Piotra i Jana Gac\u00f3w, Stefana Nowaczka, Tadeusza Lipca, J\u00f3zefa Ciastka, Piotra Figurskiego),  aktywny muzyk sceny IN CRUDO, lider Kapeli Niwi\u0144skich, Orkiestry Galicja, wsp\u00f3\u0142pracuje z ludow\u0105 \u015bpiewaczk\u0105 Mari\u0105 Siwiec. Uczestnik projekt\u00f3w muzycznych: Poleski Sk\u0142ad Smyczkowy, Oberkas Travel, Cztery Domy S\u0142o\u0144ca. Etnolog, pedagog, animator kultury, r\u0119kodzielnik, realizator projekt\u00f3w edukacyjnych w zakresie dziedzictwa kulturowego.<\/p>\n<p>Agnieszka Niwi\u0144ska \u2013 animatorka kultury, muzykantka i r\u0119kodzielniczka zwi\u0105zana z polsk\u0105 muzyk\u0105 tradycyjn\u0105. Gra na b\u0119bnie obr\u0119czowym i barabanie, rozwijaj\u0105c sw\u00f3j styl u boku wiejskich mistrz\u00f3w, m.in. Piotra Gacy, Jana Kmity, Stefana Nowaczka i Tadeusza Lipca. Wsp\u00f3\u0142tworzy Kapel\u0119 Niwi\u0144skich oraz projekty Orkiestra Galicja i Poleski Sk\u0142ad Smyczkowy. Prowadzi dzia\u0142ania edukacyjne \u0142\u0105cz\u0105ce muzyk\u0119 i r\u0119kodzie\u0142o, wsp\u00f3\u0142pracuj\u0105c m.in. z Mari\u0105 Siwiec i o\u015brodkami kultury tradycyjnej. Kontynuuje rodzinne tradycje tkackie \u2013 tworzy tkaniny na krosnach i prz\u0119dzie ni\u0107 w swojej pracowni w Siedlisku na Zawodziu.<\/p>\n<\/div><div style=\"text-align:center;\"><a class=\"fusion-button button-flat button-large button-default fusion-button-default button-2 fusion-button-span-no fusion-button-default-type\" style=\"--button-border-radius-top-left:0;--button-border-radius-top-right:0;--button-border-radius-bottom-right:0;--button-border-radius-bottom-left:0;--button_margin-top:1%;--button_margin-bottom:1%;\" target=\"_blank\" rel=\"noopener noreferrer\" href=\"https:\/\/forms.gle\/vfyPyCE5pnnbvdk1A\"><span class=\"fusion-button-text\">zapisz si\u0119<\/span><\/a><\/div><\/div><\/div><\/div><\/div>\n","protected":false},"excerpt":{"rendered":"","protected":false},"author":5,"featured_media":58863,"comment_status":"closed","ping_status":"open","sticky":false,"template":"","format":"standard","meta":{"_acf_changed":false,"ngg_post_thumbnail":0,"footnotes":""},"categories":[1],"tags":[],"acf":[],"yoast_head":"<!-- This site is optimized with the Yoast SEO plugin v22.2 - https:\/\/yoast.com\/wordpress\/plugins\/seo\/ -->\n<title>Zabawy z wiejskiego podw\u00f3rka | Elementarz tradycji<\/title>\n<meta name=\"description\" content=\"Kapela Niwi\u0144skich przygotowa\u0142a zaj\u0119cia muzyczno-taneczne po\u015bwi\u0119cone grom i zabawom, w kt\u00f3re bawi\u0142y si\u0119 dzieci, m\u0142odzie\u017c i doro\u015bli na polskiej wsi.\" \/>\n<meta name=\"robots\" content=\"index, follow, max-snippet:-1, max-image-preview:large, max-video-preview:-1\" \/>\n<link rel=\"canonical\" href=\"https:\/\/retradycja.eu\/pl\/zabawy-z-wiejskiego-podworka-elementarz-tradycji\/\" \/>\n<meta property=\"og:locale\" content=\"pl_PL\" \/>\n<meta property=\"og:type\" content=\"article\" \/>\n<meta property=\"og:title\" content=\"Zabawy z wiejskiego podw\u00f3rka | Elementarz tradycji\" \/>\n<meta property=\"og:description\" content=\"Kapela Niwi\u0144skich przygotowa\u0142a zaj\u0119cia muzyczno-taneczne po\u015bwi\u0119cone grom i zabawom, w kt\u00f3re bawi\u0142y si\u0119 dzieci, m\u0142odzie\u017c i doro\u015bli na polskiej wsi.\" \/>\n<meta property=\"og:url\" content=\"https:\/\/retradycja.eu\/pl\/zabawy-z-wiejskiego-podworka-elementarz-tradycji\/\" \/>\n<meta property=\"og:site_name\" content=\"Festiwal Re:tradycja - Jarmark Jagiello\u0144ski\" \/>\n<meta property=\"article:publisher\" content=\"https:\/\/www.facebook.com\/retradycja\" \/>\n<meta property=\"article:published_time\" content=\"2026-04-29T12:33:16+00:00\" \/>\n<meta property=\"article:modified_time\" content=\"2026-04-29T12:37:33+00:00\" \/>\n<meta property=\"og:image\" content=\"https:\/\/retradycja.eu\/wp-content\/uploads\/2026\/04\/Retradycja_Prawie-hd.png\" \/>\n\t<meta property=\"og:image:width\" content=\"1920\" \/>\n\t<meta property=\"og:image:height\" content=\"1005\" \/>\n\t<meta property=\"og:image:type\" content=\"image\/png\" \/>\n<meta name=\"author\" content=\"Ma\u0142gorzata\" \/>\n<meta name=\"twitter:card\" content=\"summary_large_image\" \/>\n<meta name=\"twitter:label1\" content=\"Napisane przez\" \/>\n\t<meta name=\"twitter:data1\" content=\"Ma\u0142gorzata\" \/>\n\t<meta name=\"twitter:label2\" content=\"Szacowany czas czytania\" \/>\n\t<meta name=\"twitter:data2\" content=\"3 minuty\" \/>\n<script type=\"application\/ld+json\" class=\"yoast-schema-graph\">{\"@context\":\"https:\/\/schema.org\",\"@graph\":[{\"@type\":\"Article\",\"@id\":\"https:\/\/retradycja.eu\/pl\/zabawy-z-wiejskiego-podworka-elementarz-tradycji\/#article\",\"isPartOf\":{\"@id\":\"https:\/\/retradycja.eu\/pl\/zabawy-z-wiejskiego-podworka-elementarz-tradycji\/\"},\"author\":{\"name\":\"Ma\u0142gorzata\",\"@id\":\"https:\/\/retradycja.eu\/pl\/#\/schema\/person\/fd205a687bde7f36f7900874fe9c96c0\"},\"headline\":\"Zabawy z wiejskiego podw\u00f3rka | Elementarz tradycji\",\"datePublished\":\"2026-04-29T12:33:16+00:00\",\"dateModified\":\"2026-04-29T12:37:33+00:00\",\"mainEntityOfPage\":{\"@id\":\"https:\/\/retradycja.eu\/pl\/zabawy-z-wiejskiego-podworka-elementarz-tradycji\/\"},\"wordCount\":1074,\"publisher\":{\"@id\":\"https:\/\/retradycja.eu\/pl\/#organization\"},\"image\":{\"@id\":\"https:\/\/retradycja.eu\/pl\/zabawy-z-wiejskiego-podworka-elementarz-tradycji\/#primaryimage\"},\"thumbnailUrl\":\"https:\/\/retradycja.eu\/wp-content\/uploads\/2026\/04\/Retradycja_Prawie-hd.png\",\"inLanguage\":\"pl-PL\"},{\"@type\":\"WebPage\",\"@id\":\"https:\/\/retradycja.eu\/pl\/zabawy-z-wiejskiego-podworka-elementarz-tradycji\/\",\"url\":\"https:\/\/retradycja.eu\/pl\/zabawy-z-wiejskiego-podworka-elementarz-tradycji\/\",\"name\":\"Zabawy z wiejskiego podw\u00f3rka | Elementarz tradycji\",\"isPartOf\":{\"@id\":\"https:\/\/retradycja.eu\/pl\/#website\"},\"primaryImageOfPage\":{\"@id\":\"https:\/\/retradycja.eu\/pl\/zabawy-z-wiejskiego-podworka-elementarz-tradycji\/#primaryimage\"},\"image\":{\"@id\":\"https:\/\/retradycja.eu\/pl\/zabawy-z-wiejskiego-podworka-elementarz-tradycji\/#primaryimage\"},\"thumbnailUrl\":\"https:\/\/retradycja.eu\/wp-content\/uploads\/2026\/04\/Retradycja_Prawie-hd.png\",\"datePublished\":\"2026-04-29T12:33:16+00:00\",\"dateModified\":\"2026-04-29T12:37:33+00:00\",\"description\":\"Kapela Niwi\u0144skich przygotowa\u0142a zaj\u0119cia muzyczno-taneczne po\u015bwi\u0119cone grom i zabawom, w kt\u00f3re bawi\u0142y si\u0119 dzieci, m\u0142odzie\u017c i doro\u015bli na polskiej wsi.\",\"breadcrumb\":{\"@id\":\"https:\/\/retradycja.eu\/pl\/zabawy-z-wiejskiego-podworka-elementarz-tradycji\/#breadcrumb\"},\"inLanguage\":\"pl-PL\",\"potentialAction\":[{\"@type\":\"ReadAction\",\"target\":[\"https:\/\/retradycja.eu\/pl\/zabawy-z-wiejskiego-podworka-elementarz-tradycji\/\"]}]},{\"@type\":\"ImageObject\",\"inLanguage\":\"pl-PL\",\"@id\":\"https:\/\/retradycja.eu\/pl\/zabawy-z-wiejskiego-podworka-elementarz-tradycji\/#primaryimage\",\"url\":\"https:\/\/retradycja.eu\/wp-content\/uploads\/2026\/04\/Retradycja_Prawie-hd.png\",\"contentUrl\":\"https:\/\/retradycja.eu\/wp-content\/uploads\/2026\/04\/Retradycja_Prawie-hd.png\",\"width\":1920,\"height\":1005},{\"@type\":\"BreadcrumbList\",\"@id\":\"https:\/\/retradycja.eu\/pl\/zabawy-z-wiejskiego-podworka-elementarz-tradycji\/#breadcrumb\",\"itemListElement\":[{\"@type\":\"ListItem\",\"position\":1,\"name\":\"Strona g\u0142\u00f3wna\",\"item\":\"https:\/\/retradycja.eu\/pl\/\"},{\"@type\":\"ListItem\",\"position\":2,\"name\":\"Zabawy z wiejskiego podw\u00f3rka | Elementarz tradycji\"}]},{\"@type\":\"WebSite\",\"@id\":\"https:\/\/retradycja.eu\/pl\/#website\",\"url\":\"https:\/\/retradycja.eu\/pl\/\",\"name\":\"Festiwal Re:tradycja - Jarmark Jagiello\u0144ski\",\"description\":\" Lublin, Stare Miasto\",\"publisher\":{\"@id\":\"https:\/\/retradycja.eu\/pl\/#organization\"},\"potentialAction\":[{\"@type\":\"SearchAction\",\"target\":{\"@type\":\"EntryPoint\",\"urlTemplate\":\"https:\/\/retradycja.eu\/pl\/?s={search_term_string}\"},\"query-input\":\"required name=search_term_string\"}],\"inLanguage\":\"pl-PL\"},{\"@type\":\"Organization\",\"@id\":\"https:\/\/retradycja.eu\/pl\/#organization\",\"name\":\"Warsztaty Kultury w Lublinie\",\"url\":\"https:\/\/retradycja.eu\/pl\/\",\"logo\":{\"@type\":\"ImageObject\",\"inLanguage\":\"pl-PL\",\"@id\":\"https:\/\/retradycja.eu\/pl\/#\/schema\/logo\/image\/\",\"url\":\"https:\/\/retradycja.eu\/wp-content\/uploads\/2022\/06\/logo_retradycje-01.png\",\"contentUrl\":\"https:\/\/retradycja.eu\/wp-content\/uploads\/2022\/06\/logo_retradycje-01.png\",\"width\":332,\"height\":63,\"caption\":\"Warsztaty Kultury w Lublinie\"},\"image\":{\"@id\":\"https:\/\/retradycja.eu\/pl\/#\/schema\/logo\/image\/\"},\"sameAs\":[\"https:\/\/www.facebook.com\/retradycja\",\"https:\/\/www.instagram.com\/retradycja_jarmarkjagiellonski\/\",\"https:\/\/www.youtube.com\/user\/JarmarkJagiellonski\"]},{\"@type\":\"Person\",\"@id\":\"https:\/\/retradycja.eu\/pl\/#\/schema\/person\/fd205a687bde7f36f7900874fe9c96c0\",\"name\":\"Ma\u0142gorzata\",\"image\":{\"@type\":\"ImageObject\",\"inLanguage\":\"pl-PL\",\"@id\":\"https:\/\/retradycja.eu\/pl\/#\/schema\/person\/image\/\",\"url\":\"https:\/\/secure.gravatar.com\/avatar\/c2f84c05c7c04cc536472b6e15a984f4?s=96&d=mm&r=g\",\"contentUrl\":\"https:\/\/secure.gravatar.com\/avatar\/c2f84c05c7c04cc536472b6e15a984f4?s=96&d=mm&r=g\",\"caption\":\"Ma\u0142gorzata\"}}]}<\/script>\n<!-- \/ Yoast SEO plugin. -->","yoast_head_json":{"title":"Zabawy z wiejskiego podw\u00f3rka | Elementarz tradycji","description":"Kapela Niwi\u0144skich przygotowa\u0142a zaj\u0119cia muzyczno-taneczne po\u015bwi\u0119cone grom i zabawom, w kt\u00f3re bawi\u0142y si\u0119 dzieci, m\u0142odzie\u017c i doro\u015bli na polskiej wsi.","robots":{"index":"index","follow":"follow","max-snippet":"max-snippet:-1","max-image-preview":"max-image-preview:large","max-video-preview":"max-video-preview:-1"},"canonical":"https:\/\/retradycja.eu\/pl\/zabawy-z-wiejskiego-podworka-elementarz-tradycji\/","og_locale":"pl_PL","og_type":"article","og_title":"Zabawy z wiejskiego podw\u00f3rka | Elementarz tradycji","og_description":"Kapela Niwi\u0144skich przygotowa\u0142a zaj\u0119cia muzyczno-taneczne po\u015bwi\u0119cone grom i zabawom, w kt\u00f3re bawi\u0142y si\u0119 dzieci, m\u0142odzie\u017c i doro\u015bli na polskiej wsi.","og_url":"https:\/\/retradycja.eu\/pl\/zabawy-z-wiejskiego-podworka-elementarz-tradycji\/","og_site_name":"Festiwal Re:tradycja - Jarmark Jagiello\u0144ski","article_publisher":"https:\/\/www.facebook.com\/retradycja","article_published_time":"2026-04-29T12:33:16+00:00","article_modified_time":"2026-04-29T12:37:33+00:00","og_image":[{"width":1920,"height":1005,"url":"https:\/\/retradycja.eu\/wp-content\/uploads\/2026\/04\/Retradycja_Prawie-hd.png","type":"image\/png"}],"author":"Ma\u0142gorzata","twitter_card":"summary_large_image","twitter_misc":{"Napisane przez":"Ma\u0142gorzata","Szacowany czas czytania":"3 minuty"},"schema":{"@context":"https:\/\/schema.org","@graph":[{"@type":"Article","@id":"https:\/\/retradycja.eu\/pl\/zabawy-z-wiejskiego-podworka-elementarz-tradycji\/#article","isPartOf":{"@id":"https:\/\/retradycja.eu\/pl\/zabawy-z-wiejskiego-podworka-elementarz-tradycji\/"},"author":{"name":"Ma\u0142gorzata","@id":"https:\/\/retradycja.eu\/pl\/#\/schema\/person\/fd205a687bde7f36f7900874fe9c96c0"},"headline":"Zabawy z wiejskiego podw\u00f3rka | Elementarz tradycji","datePublished":"2026-04-29T12:33:16+00:00","dateModified":"2026-04-29T12:37:33+00:00","mainEntityOfPage":{"@id":"https:\/\/retradycja.eu\/pl\/zabawy-z-wiejskiego-podworka-elementarz-tradycji\/"},"wordCount":1074,"publisher":{"@id":"https:\/\/retradycja.eu\/pl\/#organization"},"image":{"@id":"https:\/\/retradycja.eu\/pl\/zabawy-z-wiejskiego-podworka-elementarz-tradycji\/#primaryimage"},"thumbnailUrl":"https:\/\/retradycja.eu\/wp-content\/uploads\/2026\/04\/Retradycja_Prawie-hd.png","inLanguage":"pl-PL"},{"@type":"WebPage","@id":"https:\/\/retradycja.eu\/pl\/zabawy-z-wiejskiego-podworka-elementarz-tradycji\/","url":"https:\/\/retradycja.eu\/pl\/zabawy-z-wiejskiego-podworka-elementarz-tradycji\/","name":"Zabawy z wiejskiego podw\u00f3rka | Elementarz tradycji","isPartOf":{"@id":"https:\/\/retradycja.eu\/pl\/#website"},"primaryImageOfPage":{"@id":"https:\/\/retradycja.eu\/pl\/zabawy-z-wiejskiego-podworka-elementarz-tradycji\/#primaryimage"},"image":{"@id":"https:\/\/retradycja.eu\/pl\/zabawy-z-wiejskiego-podworka-elementarz-tradycji\/#primaryimage"},"thumbnailUrl":"https:\/\/retradycja.eu\/wp-content\/uploads\/2026\/04\/Retradycja_Prawie-hd.png","datePublished":"2026-04-29T12:33:16+00:00","dateModified":"2026-04-29T12:37:33+00:00","description":"Kapela Niwi\u0144skich przygotowa\u0142a zaj\u0119cia muzyczno-taneczne po\u015bwi\u0119cone grom i zabawom, w kt\u00f3re bawi\u0142y si\u0119 dzieci, m\u0142odzie\u017c i doro\u015bli na polskiej wsi.","breadcrumb":{"@id":"https:\/\/retradycja.eu\/pl\/zabawy-z-wiejskiego-podworka-elementarz-tradycji\/#breadcrumb"},"inLanguage":"pl-PL","potentialAction":[{"@type":"ReadAction","target":["https:\/\/retradycja.eu\/pl\/zabawy-z-wiejskiego-podworka-elementarz-tradycji\/"]}]},{"@type":"ImageObject","inLanguage":"pl-PL","@id":"https:\/\/retradycja.eu\/pl\/zabawy-z-wiejskiego-podworka-elementarz-tradycji\/#primaryimage","url":"https:\/\/retradycja.eu\/wp-content\/uploads\/2026\/04\/Retradycja_Prawie-hd.png","contentUrl":"https:\/\/retradycja.eu\/wp-content\/uploads\/2026\/04\/Retradycja_Prawie-hd.png","width":1920,"height":1005},{"@type":"BreadcrumbList","@id":"https:\/\/retradycja.eu\/pl\/zabawy-z-wiejskiego-podworka-elementarz-tradycji\/#breadcrumb","itemListElement":[{"@type":"ListItem","position":1,"name":"Strona g\u0142\u00f3wna","item":"https:\/\/retradycja.eu\/pl\/"},{"@type":"ListItem","position":2,"name":"Zabawy z wiejskiego podw\u00f3rka | Elementarz tradycji"}]},{"@type":"WebSite","@id":"https:\/\/retradycja.eu\/pl\/#website","url":"https:\/\/retradycja.eu\/pl\/","name":"Festiwal Re:tradycja - Jarmark Jagiello\u0144ski","description":" Lublin, Stare Miasto","publisher":{"@id":"https:\/\/retradycja.eu\/pl\/#organization"},"potentialAction":[{"@type":"SearchAction","target":{"@type":"EntryPoint","urlTemplate":"https:\/\/retradycja.eu\/pl\/?s={search_term_string}"},"query-input":"required name=search_term_string"}],"inLanguage":"pl-PL"},{"@type":"Organization","@id":"https:\/\/retradycja.eu\/pl\/#organization","name":"Warsztaty Kultury w Lublinie","url":"https:\/\/retradycja.eu\/pl\/","logo":{"@type":"ImageObject","inLanguage":"pl-PL","@id":"https:\/\/retradycja.eu\/pl\/#\/schema\/logo\/image\/","url":"https:\/\/retradycja.eu\/wp-content\/uploads\/2022\/06\/logo_retradycje-01.png","contentUrl":"https:\/\/retradycja.eu\/wp-content\/uploads\/2022\/06\/logo_retradycje-01.png","width":332,"height":63,"caption":"Warsztaty Kultury w Lublinie"},"image":{"@id":"https:\/\/retradycja.eu\/pl\/#\/schema\/logo\/image\/"},"sameAs":["https:\/\/www.facebook.com\/retradycja","https:\/\/www.instagram.com\/retradycja_jarmarkjagiellonski\/","https:\/\/www.youtube.com\/user\/JarmarkJagiellonski"]},{"@type":"Person","@id":"https:\/\/retradycja.eu\/pl\/#\/schema\/person\/fd205a687bde7f36f7900874fe9c96c0","name":"Ma\u0142gorzata","image":{"@type":"ImageObject","inLanguage":"pl-PL","@id":"https:\/\/retradycja.eu\/pl\/#\/schema\/person\/image\/","url":"https:\/\/secure.gravatar.com\/avatar\/c2f84c05c7c04cc536472b6e15a984f4?s=96&d=mm&r=g","contentUrl":"https:\/\/secure.gravatar.com\/avatar\/c2f84c05c7c04cc536472b6e15a984f4?s=96&d=mm&r=g","caption":"Ma\u0142gorzata"}}]}},"_links":{"self":[{"href":"https:\/\/retradycja.eu\/pl\/wp-json\/wp\/v2\/posts\/58859"}],"collection":[{"href":"https:\/\/retradycja.eu\/pl\/wp-json\/wp\/v2\/posts"}],"about":[{"href":"https:\/\/retradycja.eu\/pl\/wp-json\/wp\/v2\/types\/post"}],"author":[{"embeddable":true,"href":"https:\/\/retradycja.eu\/pl\/wp-json\/wp\/v2\/users\/5"}],"replies":[{"embeddable":true,"href":"https:\/\/retradycja.eu\/pl\/wp-json\/wp\/v2\/comments?post=58859"}],"version-history":[{"count":3,"href":"https:\/\/retradycja.eu\/pl\/wp-json\/wp\/v2\/posts\/58859\/revisions"}],"predecessor-version":[{"id":58867,"href":"https:\/\/retradycja.eu\/pl\/wp-json\/wp\/v2\/posts\/58859\/revisions\/58867"}],"wp:featuredmedia":[{"embeddable":true,"href":"https:\/\/retradycja.eu\/pl\/wp-json\/wp\/v2\/media\/58863"}],"wp:attachment":[{"href":"https:\/\/retradycja.eu\/pl\/wp-json\/wp\/v2\/media?parent=58859"}],"wp:term":[{"taxonomy":"category","embeddable":true,"href":"https:\/\/retradycja.eu\/pl\/wp-json\/wp\/v2\/categories?post=58859"},{"taxonomy":"post_tag","embeddable":true,"href":"https:\/\/retradycja.eu\/pl\/wp-json\/wp\/v2\/tags?post=58859"}],"curies":[{"name":"wp","href":"https:\/\/api.w.org\/{rel}","templated":true}]}}