{"id":58350,"date":"2025-12-10T14:32:49","date_gmt":"2025-12-10T13:32:49","guid":{"rendered":"https:\/\/retradycja.eu\/?p=58350"},"modified":"2025-12-10T14:32:49","modified_gmt":"2025-12-10T13:32:49","slug":"herody-widowisko-szopkowe","status":"publish","type":"post","link":"https:\/\/retradycja.eu\/pl\/herody-widowisko-szopkowe\/","title":{"rendered":"Herody \u2013 widowisko szopkowe"},"content":{"rendered":"<h2><strong>Opis wydarzenia:<\/strong><\/h2>\n<p><strong>Na wielobarwnym Podlasiu obok zwyczaju kol\u0119dowania z gwiazd\u0105, chodzi\u0142o si\u0119 tak\u017ce w przebraniach r\u00f3\u017cnych zwierz\u0105t i maszkar. W\u0119drowano te\u017c z koz\u0105, a jeszcze do niedawna z szopk\u0105 &#8211; ma\u0142\u0105 scenk\u0105 lalkow\u0105 z r\u0119cznie wykonanymi kukie\u0142kami. Zapraszamy na widowisko szopkowe pt. \u201eHerody\u201d inspirowane lokaln\u0105 tradycj\u0105, polskimi \u015bwi\u0105tecznymi zwyczajami i ludowymi kol\u0119dami, oparte na autentycznym scenariuszu z wioski Mi\u0142kowice-Ma\u0107ki.<\/strong><\/p>\n<p>W niewielkiej walizce po starym akordeonie arty\u015bci Teatru Latarnia pomie\u015bcili nie tylko \u015bwiat Heroda &#8211; bohatera bo\u017conarodzeniowego przedstawienia, niegdy\u015b niezwykle popularnego na polskich wsiach &#8211; ale tak\u017ce coraz bardziej odleg\u0142\u0105 tradycj\u0119 dawnego kol\u0119dowania. &#8211; <em>Ta korespondencja, mi\u0119dzy starodawnym obrz\u0119dem, szopk\u0105 i lalkarstwem oraz muzyk\u0105 tradycyjn\u0105, sk\u0142ada si\u0119 w teatralno-muzyczn\u0105 ca\u0142o\u015b\u0107, kt\u00f3r\u0105 chcemy przekazywa\u0107 dalej, wierz\u0105c, \u017ce w ten spos\u00f3b co\u015b z tej magii starych \u015bwi\u0105t uda si\u0119 nam przekaza\u0107 dla najm\u0142odszego pokolenia <\/em>\u2013 zapowiada aktor i muzykant Mateusz Tymura, pomys\u0142odawca widowiska.<\/p>\n<p>Lalki wykorzystane w spektaklu zosta\u0142y wykonano r\u0119cznie ze starych przedmiot\u00f3w i naturalnych materia\u0142\u00f3w gromadzonych przez lata. Warstw\u0119 d\u017awi\u0119kow\u0105 tworzy muzyka grana na \u017cywo na tradycyjnych instrumentach: aur\u0119 spektaklu buduj\u0105 d\u017awi\u0119ki przedwojennego akordeonu, b\u0119benka obr\u0119czowego, r\u0119cznie kutego tr\u00f3jk\u0105ta oraz rozmaitych perkusjonali\u00f3w. Dope\u0142niaj\u0105 je starodawne kantyczki i polskie kol\u0119dy \u015bpiewane przez Tymur\u0119.<\/p>\n<p>W \u201eHerodach\u201d zabawa miesza si\u0119 z ludowym patosem, a stara jak \u015bwiat opowie\u015b\u0107 przynosi widzom nie tylko przestrog\u0119, ale tak\u017ce sporo uciechy i bo\u017conarodzeniowej otuchy.<\/p>\n<p>Pomys\u0142: Mateusz Tymura \u2013 Teatr Latarnia<br \/>\nLalki: Monika Kwiatkowska, Mateusz Tymura \u2013 Teatr Latarnia<br \/>\nWykonanie: Mateusz Tymura \u2013 Teatr Latarnia<\/p>\n<p>Wydarzenie realizowane w ramach Jarmarku \u015awi\u0105tecznego 2025.<\/p>\n<h2><strong>Informacje praktyczne<\/strong><\/h2>\n<p><strong>Kiedy:<\/strong><br \/>\nsobota, 20 grudnia 2025, godz. 19.00-20.00<br \/>\nniedziela, 21 grudnia 2025, godz. 11.00-12.00<br \/>\n<strong>Gdzie:<\/strong> Warsztaty Kultury w Lublinie, ul. Grodzka 5a, sala widowiskowa &#8211; II pi\u0119tro<br \/>\nWst\u0119p wolny, ilo\u015b\u0107 miejsc ograniczona, decyduje kolejno\u015b\u0107 przybycia<br \/>\n<strong>Dost\u0119pno\u015b\u0107<\/strong><br \/>\nZapytaj o udogodnienia <strong><a href=\"https:\/\/forms.gle\/h9h1Pymro8BPd3hi9\" target=\"_blank\" rel=\"noopener\">TUTAJ<\/a><\/strong>.<br \/>\nPoczytaj o dost\u0119pno\u015bci Warsztat\u00f3w Kultury <strong><a href=\"https:\/\/warsztatykultury.pl\/pl\/dostepnosc\/\" target=\"_blank\" rel=\"noopener\">TUTAJ<\/a><\/strong>.<\/p>\n<p><strong>Podczas Jarmarku \u015awi\u0105tecznego 20 i 21 grudnia miniatur\u0119 spektaklu Herody b\u0119dzie mo\u017cna zobaczy\u0107 w Chacie Brodacza na Rynku Starego Miasta z ty\u0142u Trybuna\u0142u Koronnego.<\/strong><\/p>\n<p><strong>Kiedy:<br \/>\n<\/strong>sobota 20 grudnia 2025 \u2013 godz. 12.00-12.15, 14.00-14.15, 16.00-16.15, 17.30-17.45<br \/>\nniedziela 21 grudnia 2025 \u2013 godz. 13.00-13.15, 15.00-15.15, 16.00-16.15, 17.45-18.00<\/p>\n","protected":false},"excerpt":{"rendered":"<p>Opis wydarzenia: Na wielobarwnym Podlasiu obok zwyczaju kol\u0119dowania z gwiazd\u0105, chodzi\u0142o si\u0119 tak\u017ce w przebraniach r\u00f3\u017cnych zwierz\u0105t i maszkar. W\u0119drowano [&hellip;]<\/p>\n","protected":false},"author":4,"featured_media":58351,"comment_status":"closed","ping_status":"open","sticky":false,"template":"","format":"standard","meta":{"_acf_changed":false,"ngg_post_thumbnail":0,"footnotes":""},"categories":[1],"tags":[],"acf":[],"yoast_head":"<!-- This site is optimized with the Yoast SEO plugin v22.2 - https:\/\/yoast.com\/wordpress\/plugins\/seo\/ -->\n<title>Herody \u2013 widowisko szopkowe - Festiwal Re:tradycja - Jarmark Jagiello\u0144ski<\/title>\n<meta name=\"description\" content=\"Na wielobarwnym Podlasiu obok zwyczaju kol\u0119dowania z gwiazd\u0105, chodzi\u0142o si\u0119 tak\u017ce w przebraniach r\u00f3\u017cnych zwierz\u0105t i maszkar.\" \/>\n<meta name=\"robots\" content=\"index, follow, max-snippet:-1, max-image-preview:large, max-video-preview:-1\" \/>\n<link rel=\"canonical\" href=\"https:\/\/retradycja.eu\/pl\/herody-widowisko-szopkowe\/\" \/>\n<meta property=\"og:locale\" content=\"pl_PL\" \/>\n<meta property=\"og:type\" content=\"article\" \/>\n<meta property=\"og:title\" content=\"Herody \u2013 widowisko szopkowe - Festiwal Re:tradycja - Jarmark Jagiello\u0144ski\" \/>\n<meta property=\"og:description\" content=\"Na wielobarwnym Podlasiu obok zwyczaju kol\u0119dowania z gwiazd\u0105, chodzi\u0142o si\u0119 tak\u017ce w przebraniach r\u00f3\u017cnych zwierz\u0105t i maszkar.\" \/>\n<meta property=\"og:url\" content=\"https:\/\/retradycja.eu\/pl\/herody-widowisko-szopkowe\/\" \/>\n<meta property=\"og:site_name\" content=\"Festiwal Re:tradycja - Jarmark Jagiello\u0144ski\" \/>\n<meta property=\"article:publisher\" content=\"https:\/\/www.facebook.com\/retradycja\" \/>\n<meta property=\"article:published_time\" content=\"2025-12-10T13:32:49+00:00\" \/>\n<meta property=\"og:image\" content=\"https:\/\/retradycja.eu\/wp-content\/uploads\/2025\/12\/herody_prawie_hd.png\" \/>\n\t<meta property=\"og:image:width\" content=\"1921\" \/>\n\t<meta property=\"og:image:height\" content=\"1006\" \/>\n\t<meta property=\"og:image:type\" content=\"image\/png\" \/>\n<meta name=\"author\" content=\"Paulina Skipirzepa\" \/>\n<meta name=\"twitter:card\" content=\"summary_large_image\" \/>\n<meta name=\"twitter:label1\" content=\"Napisane przez\" \/>\n\t<meta name=\"twitter:data1\" content=\"Paulina Skipirzepa\" \/>\n\t<meta name=\"twitter:label2\" content=\"Szacowany czas czytania\" \/>\n\t<meta name=\"twitter:data2\" content=\"3 minuty\" \/>\n<script type=\"application\/ld+json\" class=\"yoast-schema-graph\">{\"@context\":\"https:\/\/schema.org\",\"@graph\":[{\"@type\":\"Article\",\"@id\":\"https:\/\/retradycja.eu\/pl\/herody-widowisko-szopkowe\/#article\",\"isPartOf\":{\"@id\":\"https:\/\/retradycja.eu\/pl\/herody-widowisko-szopkowe\/\"},\"author\":{\"name\":\"Paulina Skipirzepa\",\"@id\":\"https:\/\/retradycja.eu\/pl\/#\/schema\/person\/fbb573c18c4ee035050d7b7bcd3c7bcb\"},\"headline\":\"Herody \u2013 widowisko szopkowe\",\"datePublished\":\"2025-12-10T13:32:49+00:00\",\"dateModified\":\"2025-12-10T13:32:49+00:00\",\"mainEntityOfPage\":{\"@id\":\"https:\/\/retradycja.eu\/pl\/herody-widowisko-szopkowe\/\"},\"wordCount\":377,\"publisher\":{\"@id\":\"https:\/\/retradycja.eu\/pl\/#organization\"},\"image\":{\"@id\":\"https:\/\/retradycja.eu\/pl\/herody-widowisko-szopkowe\/#primaryimage\"},\"thumbnailUrl\":\"https:\/\/retradycja.eu\/wp-content\/uploads\/2025\/12\/herody_prawie_hd.png\",\"inLanguage\":\"pl-PL\"},{\"@type\":\"WebPage\",\"@id\":\"https:\/\/retradycja.eu\/pl\/herody-widowisko-szopkowe\/\",\"url\":\"https:\/\/retradycja.eu\/pl\/herody-widowisko-szopkowe\/\",\"name\":\"Herody \u2013 widowisko szopkowe - Festiwal Re:tradycja - Jarmark Jagiello\u0144ski\",\"isPartOf\":{\"@id\":\"https:\/\/retradycja.eu\/pl\/#website\"},\"primaryImageOfPage\":{\"@id\":\"https:\/\/retradycja.eu\/pl\/herody-widowisko-szopkowe\/#primaryimage\"},\"image\":{\"@id\":\"https:\/\/retradycja.eu\/pl\/herody-widowisko-szopkowe\/#primaryimage\"},\"thumbnailUrl\":\"https:\/\/retradycja.eu\/wp-content\/uploads\/2025\/12\/herody_prawie_hd.png\",\"datePublished\":\"2025-12-10T13:32:49+00:00\",\"dateModified\":\"2025-12-10T13:32:49+00:00\",\"description\":\"Na wielobarwnym Podlasiu obok zwyczaju kol\u0119dowania z gwiazd\u0105, chodzi\u0142o si\u0119 tak\u017ce w przebraniach r\u00f3\u017cnych zwierz\u0105t i maszkar.\",\"breadcrumb\":{\"@id\":\"https:\/\/retradycja.eu\/pl\/herody-widowisko-szopkowe\/#breadcrumb\"},\"inLanguage\":\"pl-PL\",\"potentialAction\":[{\"@type\":\"ReadAction\",\"target\":[\"https:\/\/retradycja.eu\/pl\/herody-widowisko-szopkowe\/\"]}]},{\"@type\":\"ImageObject\",\"inLanguage\":\"pl-PL\",\"@id\":\"https:\/\/retradycja.eu\/pl\/herody-widowisko-szopkowe\/#primaryimage\",\"url\":\"https:\/\/retradycja.eu\/wp-content\/uploads\/2025\/12\/herody_prawie_hd.png\",\"contentUrl\":\"https:\/\/retradycja.eu\/wp-content\/uploads\/2025\/12\/herody_prawie_hd.png\",\"width\":1921,\"height\":1006,\"caption\":\"M\u0119\u017cczyzna ma zawieszony na szyi akordeon. Trzyma w r\u0119ce figurk\u0119 kogo\u015b smutnego.\"},{\"@type\":\"BreadcrumbList\",\"@id\":\"https:\/\/retradycja.eu\/pl\/herody-widowisko-szopkowe\/#breadcrumb\",\"itemListElement\":[{\"@type\":\"ListItem\",\"position\":1,\"name\":\"Strona g\u0142\u00f3wna\",\"item\":\"https:\/\/retradycja.eu\/pl\/\"},{\"@type\":\"ListItem\",\"position\":2,\"name\":\"Herody \u2013 widowisko szopkowe\"}]},{\"@type\":\"WebSite\",\"@id\":\"https:\/\/retradycja.eu\/pl\/#website\",\"url\":\"https:\/\/retradycja.eu\/pl\/\",\"name\":\"Festiwal Re:tradycja - Jarmark Jagiello\u0144ski\",\"description\":\" Lublin, Stare Miasto\",\"publisher\":{\"@id\":\"https:\/\/retradycja.eu\/pl\/#organization\"},\"potentialAction\":[{\"@type\":\"SearchAction\",\"target\":{\"@type\":\"EntryPoint\",\"urlTemplate\":\"https:\/\/retradycja.eu\/pl\/?s={search_term_string}\"},\"query-input\":\"required name=search_term_string\"}],\"inLanguage\":\"pl-PL\"},{\"@type\":\"Organization\",\"@id\":\"https:\/\/retradycja.eu\/pl\/#organization\",\"name\":\"Warsztaty Kultury w Lublinie\",\"url\":\"https:\/\/retradycja.eu\/pl\/\",\"logo\":{\"@type\":\"ImageObject\",\"inLanguage\":\"pl-PL\",\"@id\":\"https:\/\/retradycja.eu\/pl\/#\/schema\/logo\/image\/\",\"url\":\"https:\/\/retradycja.eu\/wp-content\/uploads\/2022\/06\/logo_retradycje-01.png\",\"contentUrl\":\"https:\/\/retradycja.eu\/wp-content\/uploads\/2022\/06\/logo_retradycje-01.png\",\"width\":332,\"height\":63,\"caption\":\"Warsztaty Kultury w Lublinie\"},\"image\":{\"@id\":\"https:\/\/retradycja.eu\/pl\/#\/schema\/logo\/image\/\"},\"sameAs\":[\"https:\/\/www.facebook.com\/retradycja\",\"https:\/\/www.instagram.com\/retradycja_jarmarkjagiellonski\/\",\"https:\/\/www.youtube.com\/user\/JarmarkJagiellonski\"]},{\"@type\":\"Person\",\"@id\":\"https:\/\/retradycja.eu\/pl\/#\/schema\/person\/fbb573c18c4ee035050d7b7bcd3c7bcb\",\"name\":\"Paulina Skipirzepa\",\"image\":{\"@type\":\"ImageObject\",\"inLanguage\":\"pl-PL\",\"@id\":\"https:\/\/retradycja.eu\/pl\/#\/schema\/person\/image\/\",\"url\":\"https:\/\/secure.gravatar.com\/avatar\/fb950cd961e0466ac1b454fb0f303848?s=96&d=mm&r=g\",\"contentUrl\":\"https:\/\/secure.gravatar.com\/avatar\/fb950cd961e0466ac1b454fb0f303848?s=96&d=mm&r=g\",\"caption\":\"Paulina Skipirzepa\"}}]}<\/script>\n<!-- \/ Yoast SEO plugin. -->","yoast_head_json":{"title":"Herody \u2013 widowisko szopkowe - Festiwal Re:tradycja - Jarmark Jagiello\u0144ski","description":"Na wielobarwnym Podlasiu obok zwyczaju kol\u0119dowania z gwiazd\u0105, chodzi\u0142o si\u0119 tak\u017ce w przebraniach r\u00f3\u017cnych zwierz\u0105t i maszkar.","robots":{"index":"index","follow":"follow","max-snippet":"max-snippet:-1","max-image-preview":"max-image-preview:large","max-video-preview":"max-video-preview:-1"},"canonical":"https:\/\/retradycja.eu\/pl\/herody-widowisko-szopkowe\/","og_locale":"pl_PL","og_type":"article","og_title":"Herody \u2013 widowisko szopkowe - Festiwal Re:tradycja - Jarmark Jagiello\u0144ski","og_description":"Na wielobarwnym Podlasiu obok zwyczaju kol\u0119dowania z gwiazd\u0105, chodzi\u0142o si\u0119 tak\u017ce w przebraniach r\u00f3\u017cnych zwierz\u0105t i maszkar.","og_url":"https:\/\/retradycja.eu\/pl\/herody-widowisko-szopkowe\/","og_site_name":"Festiwal Re:tradycja - Jarmark Jagiello\u0144ski","article_publisher":"https:\/\/www.facebook.com\/retradycja","article_published_time":"2025-12-10T13:32:49+00:00","og_image":[{"width":1921,"height":1006,"url":"https:\/\/retradycja.eu\/wp-content\/uploads\/2025\/12\/herody_prawie_hd.png","type":"image\/png"}],"author":"Paulina Skipirzepa","twitter_card":"summary_large_image","twitter_misc":{"Napisane przez":"Paulina Skipirzepa","Szacowany czas czytania":"3 minuty"},"schema":{"@context":"https:\/\/schema.org","@graph":[{"@type":"Article","@id":"https:\/\/retradycja.eu\/pl\/herody-widowisko-szopkowe\/#article","isPartOf":{"@id":"https:\/\/retradycja.eu\/pl\/herody-widowisko-szopkowe\/"},"author":{"name":"Paulina Skipirzepa","@id":"https:\/\/retradycja.eu\/pl\/#\/schema\/person\/fbb573c18c4ee035050d7b7bcd3c7bcb"},"headline":"Herody \u2013 widowisko szopkowe","datePublished":"2025-12-10T13:32:49+00:00","dateModified":"2025-12-10T13:32:49+00:00","mainEntityOfPage":{"@id":"https:\/\/retradycja.eu\/pl\/herody-widowisko-szopkowe\/"},"wordCount":377,"publisher":{"@id":"https:\/\/retradycja.eu\/pl\/#organization"},"image":{"@id":"https:\/\/retradycja.eu\/pl\/herody-widowisko-szopkowe\/#primaryimage"},"thumbnailUrl":"https:\/\/retradycja.eu\/wp-content\/uploads\/2025\/12\/herody_prawie_hd.png","inLanguage":"pl-PL"},{"@type":"WebPage","@id":"https:\/\/retradycja.eu\/pl\/herody-widowisko-szopkowe\/","url":"https:\/\/retradycja.eu\/pl\/herody-widowisko-szopkowe\/","name":"Herody \u2013 widowisko szopkowe - Festiwal Re:tradycja - Jarmark Jagiello\u0144ski","isPartOf":{"@id":"https:\/\/retradycja.eu\/pl\/#website"},"primaryImageOfPage":{"@id":"https:\/\/retradycja.eu\/pl\/herody-widowisko-szopkowe\/#primaryimage"},"image":{"@id":"https:\/\/retradycja.eu\/pl\/herody-widowisko-szopkowe\/#primaryimage"},"thumbnailUrl":"https:\/\/retradycja.eu\/wp-content\/uploads\/2025\/12\/herody_prawie_hd.png","datePublished":"2025-12-10T13:32:49+00:00","dateModified":"2025-12-10T13:32:49+00:00","description":"Na wielobarwnym Podlasiu obok zwyczaju kol\u0119dowania z gwiazd\u0105, chodzi\u0142o si\u0119 tak\u017ce w przebraniach r\u00f3\u017cnych zwierz\u0105t i maszkar.","breadcrumb":{"@id":"https:\/\/retradycja.eu\/pl\/herody-widowisko-szopkowe\/#breadcrumb"},"inLanguage":"pl-PL","potentialAction":[{"@type":"ReadAction","target":["https:\/\/retradycja.eu\/pl\/herody-widowisko-szopkowe\/"]}]},{"@type":"ImageObject","inLanguage":"pl-PL","@id":"https:\/\/retradycja.eu\/pl\/herody-widowisko-szopkowe\/#primaryimage","url":"https:\/\/retradycja.eu\/wp-content\/uploads\/2025\/12\/herody_prawie_hd.png","contentUrl":"https:\/\/retradycja.eu\/wp-content\/uploads\/2025\/12\/herody_prawie_hd.png","width":1921,"height":1006,"caption":"M\u0119\u017cczyzna ma zawieszony na szyi akordeon. Trzyma w r\u0119ce figurk\u0119 kogo\u015b smutnego."},{"@type":"BreadcrumbList","@id":"https:\/\/retradycja.eu\/pl\/herody-widowisko-szopkowe\/#breadcrumb","itemListElement":[{"@type":"ListItem","position":1,"name":"Strona g\u0142\u00f3wna","item":"https:\/\/retradycja.eu\/pl\/"},{"@type":"ListItem","position":2,"name":"Herody \u2013 widowisko szopkowe"}]},{"@type":"WebSite","@id":"https:\/\/retradycja.eu\/pl\/#website","url":"https:\/\/retradycja.eu\/pl\/","name":"Festiwal Re:tradycja - Jarmark Jagiello\u0144ski","description":" Lublin, Stare Miasto","publisher":{"@id":"https:\/\/retradycja.eu\/pl\/#organization"},"potentialAction":[{"@type":"SearchAction","target":{"@type":"EntryPoint","urlTemplate":"https:\/\/retradycja.eu\/pl\/?s={search_term_string}"},"query-input":"required name=search_term_string"}],"inLanguage":"pl-PL"},{"@type":"Organization","@id":"https:\/\/retradycja.eu\/pl\/#organization","name":"Warsztaty Kultury w Lublinie","url":"https:\/\/retradycja.eu\/pl\/","logo":{"@type":"ImageObject","inLanguage":"pl-PL","@id":"https:\/\/retradycja.eu\/pl\/#\/schema\/logo\/image\/","url":"https:\/\/retradycja.eu\/wp-content\/uploads\/2022\/06\/logo_retradycje-01.png","contentUrl":"https:\/\/retradycja.eu\/wp-content\/uploads\/2022\/06\/logo_retradycje-01.png","width":332,"height":63,"caption":"Warsztaty Kultury w Lublinie"},"image":{"@id":"https:\/\/retradycja.eu\/pl\/#\/schema\/logo\/image\/"},"sameAs":["https:\/\/www.facebook.com\/retradycja","https:\/\/www.instagram.com\/retradycja_jarmarkjagiellonski\/","https:\/\/www.youtube.com\/user\/JarmarkJagiellonski"]},{"@type":"Person","@id":"https:\/\/retradycja.eu\/pl\/#\/schema\/person\/fbb573c18c4ee035050d7b7bcd3c7bcb","name":"Paulina Skipirzepa","image":{"@type":"ImageObject","inLanguage":"pl-PL","@id":"https:\/\/retradycja.eu\/pl\/#\/schema\/person\/image\/","url":"https:\/\/secure.gravatar.com\/avatar\/fb950cd961e0466ac1b454fb0f303848?s=96&d=mm&r=g","contentUrl":"https:\/\/secure.gravatar.com\/avatar\/fb950cd961e0466ac1b454fb0f303848?s=96&d=mm&r=g","caption":"Paulina Skipirzepa"}}]}},"_links":{"self":[{"href":"https:\/\/retradycja.eu\/pl\/wp-json\/wp\/v2\/posts\/58350"}],"collection":[{"href":"https:\/\/retradycja.eu\/pl\/wp-json\/wp\/v2\/posts"}],"about":[{"href":"https:\/\/retradycja.eu\/pl\/wp-json\/wp\/v2\/types\/post"}],"author":[{"embeddable":true,"href":"https:\/\/retradycja.eu\/pl\/wp-json\/wp\/v2\/users\/4"}],"replies":[{"embeddable":true,"href":"https:\/\/retradycja.eu\/pl\/wp-json\/wp\/v2\/comments?post=58350"}],"version-history":[{"count":3,"href":"https:\/\/retradycja.eu\/pl\/wp-json\/wp\/v2\/posts\/58350\/revisions"}],"predecessor-version":[{"id":58355,"href":"https:\/\/retradycja.eu\/pl\/wp-json\/wp\/v2\/posts\/58350\/revisions\/58355"}],"wp:featuredmedia":[{"embeddable":true,"href":"https:\/\/retradycja.eu\/pl\/wp-json\/wp\/v2\/media\/58351"}],"wp:attachment":[{"href":"https:\/\/retradycja.eu\/pl\/wp-json\/wp\/v2\/media?parent=58350"}],"wp:term":[{"taxonomy":"category","embeddable":true,"href":"https:\/\/retradycja.eu\/pl\/wp-json\/wp\/v2\/categories?post=58350"},{"taxonomy":"post_tag","embeddable":true,"href":"https:\/\/retradycja.eu\/pl\/wp-json\/wp\/v2\/tags?post=58350"}],"curies":[{"name":"wp","href":"https:\/\/api.w.org\/{rel}","templated":true}]}}