{"id":58321,"date":"2025-11-21T11:19:14","date_gmt":"2025-11-21T10:19:14","guid":{"rendered":"https:\/\/retradycja.eu\/?p=58321"},"modified":"2025-11-21T11:24:05","modified_gmt":"2025-11-21T10:24:05","slug":"jarmark-jagiellonski-2026-jak-sie-zglosic","status":"publish","type":"post","link":"https:\/\/retradycja.eu\/pl\/jarmark-jagiellonski-2026-jak-sie-zglosic\/","title":{"rendered":"Jarmark Jagiello\u0144ski 2026 | Jak si\u0119 zg\u0142osi\u0107?"},"content":{"rendered":"<div class=\"fusion-fullwidth fullwidth-box fusion-builder-row-1 fusion-flex-container nonhundred-percent-fullwidth non-hundred-percent-height-scrolling\" style=\"--awb-border-radius-top-left:0px;--awb-border-radius-top-right:0px;--awb-border-radius-bottom-right:0px;--awb-border-radius-bottom-left:0px;--awb-flex-wrap:wrap;\" ><div class=\"fusion-builder-row fusion-row fusion-flex-align-items-flex-start fusion-flex-content-wrap\" style=\"max-width:1996.8px;margin-left: calc(-4% \/ 2 );margin-right: calc(-4% \/ 2 );\"><div class=\"fusion-layout-column fusion_builder_column fusion-builder-column-0 fusion_builder_column_1_1 1_1 fusion-flex-column\" style=\"--awb-bg-size:cover;--awb-width-large:100%;--awb-margin-top-large:0px;--awb-spacing-right-large:1.92%;--awb-margin-bottom-large:20px;--awb-spacing-left-large:1.92%;--awb-width-medium:100%;--awb-order-medium:0;--awb-spacing-right-medium:1.92%;--awb-spacing-left-medium:1.92%;--awb-width-small:100%;--awb-order-small:0;--awb-spacing-right-small:1.92%;--awb-spacing-left-small:1.92%;\"><div class=\"fusion-column-wrapper fusion-column-has-shadow fusion-flex-justify-content-flex-start fusion-content-layout-column\"><div class=\"fusion-text fusion-text-1\"><p><strong>Tradycyjnych rzemie\u015blnik\u00f3w i tw\u00f3rc\u00f3w ludowych, kt\u00f3rzy s\u0105 zainteresowani wzi\u0119ciem udzia\u0142u w najbli\u017cszym Jarmarku Jagiello\u0144skim, b\u0119d\u0105cym cz\u0119\u015bci\u0105 Festiwalu Re:tradycja (21-23 sierpnia 2026), zach\u0119camy do przesy\u0142ania nam swoich zg\u0142osze\u0144.<\/strong><\/p>\n<h2>Opis<\/h2>\n<p>Jarmark Jagiello\u0144ski to targi sztuki ludowej, kt\u00f3re odbywaj\u0105 si\u0119 w czasie naszego sierpniowego wydarzenia. Stare Miasto w Lublinie wype\u0142nia si\u0119 wtedy wyj\u0105tkowymi pracami wyj\u0105tkowych tw\u00f3rczy\u0144 i tw\u00f3rc\u00f3w, pochodz\u0105cych m.in. z Polski, Ukrainy, S\u0142owacji czy Litwy. W naszym rozumieniu Jarmark Jagiello\u0144ski to wielka wystawa dzie\u0142 tradycyjnego rzemios\u0142a, kt\u00f3ra po\u0142\u0105czona jest z mo\u017cliwo\u015bci\u0105 bezpo\u015bredniego spotkania z mistrzami i szans\u0105 na zakup ich wyrob\u00f3w.<\/p>\n<p>Zale\u017cy nam na tym, by podczas Festiwalu prezentowa\u0107 tw\u00f3rczo\u015b\u0107 os\u00f3b, kt\u00f3re zajmuj\u0105 si\u0119 sztuk\u0105 ludow\u0105. Os\u00f3b, kt\u00f3re \u015bwiadomie bazuj\u0105 na lokalnej tradycji, dawnych wzorach i metodach pracy. Wa\u017cna jest dla nas wiedza i umiej\u0119tno\u015bci gromadzone przez pokolenia \u2013 w ramach przekazu rodzinnego czy kontaktu z mistrzem. Doceniamy tak\u017ce tw\u00f3rcze i \u015bwiadome nawi\u0105zywanie do tradycji.<\/p>\n<p>Do ko\u0144ca lutego 2026 czekamy na zg\u0142oszenia os\u00f3b, kt\u00f3re chc\u0105 zaprezentowa\u0107 swoj\u0105 tw\u00f3rczo\u015b\u0107 podczas festiwalu.<\/p>\n<p>Prosimy o przesy\u0142anie wiadomo\u015bci zawieraj\u0105cych:<br \/>\n1) imi\u0119 i nazwisko;<br \/>\n2) adres do korespondencji;<br \/>\n3) numer telefonu i adres mailowy;<br \/>\n4) kr\u00f3tki opis dzia\u0142alno\u015bci (od jak dawna zajmuj\u0105 si\u0119 Pa\u0144stwo rzemios\u0142em, od kogo czerpali Pa\u0144stwo wiedz\u0119 i umiej\u0119tno\u015bci, tradycj\u0119 jakiego regionu Pa\u0144stwo kontynuuj\u0105 itp.);<br \/>\n5) kilka zdj\u0119\u0107 swoich wyrob\u00f3w<br \/>\nna adres: <strong><a href=\"mailto:biuro@retradycja.eu\">biuro@retradycja.eu<\/a><\/strong><br \/>\nlub poczt\u0105 tradycyjn\u0105 na adres: Warsztaty Kultury w Lublinie, ul. Grodzka 7, 20-112 Lublin z dopiskiem \u201eJarmark Jagiello\u0144ski\u201d<\/p>\n<p>Przes\u0142anie zg\u0142oszenia jest r\u00f3wnoznaczne z akceptacj\u0105 zasad przetwarzania danych osobowych przez Warsztaty Kultury w Lublinie. Tre\u015b\u0107 klauzuli informacyjnej jest dost\u0119pna <strong><a href=\"https:\/\/warsztatykultury.pl\/klauzula-informacyjna\/\" target=\"_blank\" rel=\"noopener\">TUTAJ<\/a><\/strong>.<\/p>\n<p>Oko\u0142o po\u0142owy kwietnia spo\u015br\u00f3d nades\u0142anych zg\u0142osze\u0144 wybierzemy osoby, kt\u00f3re zaprosimy do udzia\u0142u w Jarmarku Jagiello\u0144skim.<br \/>\nWi\u0119cej informacji na temat naboru mo\u017cna znale\u017a\u0107 <strong><a href=\"https:\/\/retradycja.eu\/pl\/dla-wystawcy\/\" target=\"_blank\" rel=\"noopener\">TUTAJ<\/a><\/strong>.<\/p>\n<\/div><\/div><\/div><\/div><\/div>\n","protected":false},"excerpt":{"rendered":"","protected":false},"author":8,"featured_media":58323,"comment_status":"closed","ping_status":"open","sticky":false,"template":"","format":"standard","meta":{"_acf_changed":false,"ngg_post_thumbnail":0,"footnotes":""},"categories":[1],"tags":[],"acf":[],"yoast_head":"<!-- This site is optimized with the Yoast SEO plugin v22.2 - https:\/\/yoast.com\/wordpress\/plugins\/seo\/ -->\n<title>Jarmark Jagiello\u0144ski | Jak si\u0119 zg\u0142osi\u0107?<\/title>\n<meta name=\"description\" content=\"Wa\u017cna jest dla nas wiedza i umiej\u0119tno\u015bci gromadzone przez pokolenia. Doceniamy tak\u017ce tw\u00f3rcze i \u015bwiadome nawi\u0105zywanie do tradycji.\" \/>\n<meta name=\"robots\" content=\"index, follow, max-snippet:-1, max-image-preview:large, max-video-preview:-1\" \/>\n<link rel=\"canonical\" href=\"https:\/\/retradycja.eu\/pl\/jarmark-jagiellonski-2026-jak-sie-zglosic\/\" \/>\n<meta property=\"og:locale\" content=\"pl_PL\" \/>\n<meta property=\"og:type\" content=\"article\" \/>\n<meta property=\"og:title\" content=\"Jarmark Jagiello\u0144ski | Jak si\u0119 zg\u0142osi\u0107?\" \/>\n<meta property=\"og:description\" content=\"Wa\u017cna jest dla nas wiedza i umiej\u0119tno\u015bci gromadzone przez pokolenia. Doceniamy tak\u017ce tw\u00f3rcze i \u015bwiadome nawi\u0105zywanie do tradycji.\" \/>\n<meta property=\"og:url\" content=\"https:\/\/retradycja.eu\/pl\/jarmark-jagiellonski-2026-jak-sie-zglosic\/\" \/>\n<meta property=\"og:site_name\" content=\"Festiwal Re:tradycja - Jarmark Jagiello\u0144ski\" \/>\n<meta property=\"article:publisher\" content=\"https:\/\/www.facebook.com\/retradycja\" \/>\n<meta property=\"article:published_time\" content=\"2025-11-21T10:19:14+00:00\" \/>\n<meta property=\"article:modified_time\" content=\"2025-11-21T10:24:05+00:00\" \/>\n<meta property=\"og:image\" content=\"https:\/\/retradycja.eu\/wp-content\/uploads\/2025\/11\/fot.-BartekZurawski-203-e1763720631178.webp\" \/>\n\t<meta property=\"og:image:width\" content=\"2000\" \/>\n\t<meta property=\"og:image:height\" content=\"1126\" \/>\n\t<meta property=\"og:image:type\" content=\"image\/webp\" \/>\n<meta name=\"author\" content=\"Agata Turczyn\" \/>\n<meta name=\"twitter:card\" content=\"summary_large_image\" \/>\n<meta name=\"twitter:label1\" content=\"Napisane przez\" \/>\n\t<meta name=\"twitter:data1\" content=\"Agata Turczyn\" \/>\n\t<meta name=\"twitter:label2\" content=\"Szacowany czas czytania\" \/>\n\t<meta name=\"twitter:data2\" content=\"2 minuty\" \/>\n<script type=\"application\/ld+json\" class=\"yoast-schema-graph\">{\"@context\":\"https:\/\/schema.org\",\"@graph\":[{\"@type\":\"Article\",\"@id\":\"https:\/\/retradycja.eu\/pl\/jarmark-jagiellonski-2026-jak-sie-zglosic\/#article\",\"isPartOf\":{\"@id\":\"https:\/\/retradycja.eu\/pl\/jarmark-jagiellonski-2026-jak-sie-zglosic\/\"},\"author\":{\"name\":\"Agata Turczyn\",\"@id\":\"https:\/\/retradycja.eu\/pl\/#\/schema\/person\/4e55ac2fcef4dc9c502630711c4dbb25\"},\"headline\":\"Jarmark Jagiello\u0144ski 2026 | Jak si\u0119 zg\u0142osi\u0107?\",\"datePublished\":\"2025-11-21T10:19:14+00:00\",\"dateModified\":\"2025-11-21T10:24:05+00:00\",\"mainEntityOfPage\":{\"@id\":\"https:\/\/retradycja.eu\/pl\/jarmark-jagiellonski-2026-jak-sie-zglosic\/\"},\"wordCount\":763,\"publisher\":{\"@id\":\"https:\/\/retradycja.eu\/pl\/#organization\"},\"image\":{\"@id\":\"https:\/\/retradycja.eu\/pl\/jarmark-jagiellonski-2026-jak-sie-zglosic\/#primaryimage\"},\"thumbnailUrl\":\"https:\/\/retradycja.eu\/wp-content\/uploads\/2025\/11\/fot.-BartekZurawski-203-e1763720631178.webp\",\"inLanguage\":\"pl-PL\"},{\"@type\":\"WebPage\",\"@id\":\"https:\/\/retradycja.eu\/pl\/jarmark-jagiellonski-2026-jak-sie-zglosic\/\",\"url\":\"https:\/\/retradycja.eu\/pl\/jarmark-jagiellonski-2026-jak-sie-zglosic\/\",\"name\":\"Jarmark Jagiello\u0144ski | Jak si\u0119 zg\u0142osi\u0107?\",\"isPartOf\":{\"@id\":\"https:\/\/retradycja.eu\/pl\/#website\"},\"primaryImageOfPage\":{\"@id\":\"https:\/\/retradycja.eu\/pl\/jarmark-jagiellonski-2026-jak-sie-zglosic\/#primaryimage\"},\"image\":{\"@id\":\"https:\/\/retradycja.eu\/pl\/jarmark-jagiellonski-2026-jak-sie-zglosic\/#primaryimage\"},\"thumbnailUrl\":\"https:\/\/retradycja.eu\/wp-content\/uploads\/2025\/11\/fot.-BartekZurawski-203-e1763720631178.webp\",\"datePublished\":\"2025-11-21T10:19:14+00:00\",\"dateModified\":\"2025-11-21T10:24:05+00:00\",\"description\":\"Wa\u017cna jest dla nas wiedza i umiej\u0119tno\u015bci gromadzone przez pokolenia. Doceniamy tak\u017ce tw\u00f3rcze i \u015bwiadome nawi\u0105zywanie do tradycji.\",\"breadcrumb\":{\"@id\":\"https:\/\/retradycja.eu\/pl\/jarmark-jagiellonski-2026-jak-sie-zglosic\/#breadcrumb\"},\"inLanguage\":\"pl-PL\",\"potentialAction\":[{\"@type\":\"ReadAction\",\"target\":[\"https:\/\/retradycja.eu\/pl\/jarmark-jagiellonski-2026-jak-sie-zglosic\/\"]}]},{\"@type\":\"ImageObject\",\"inLanguage\":\"pl-PL\",\"@id\":\"https:\/\/retradycja.eu\/pl\/jarmark-jagiellonski-2026-jak-sie-zglosic\/#primaryimage\",\"url\":\"https:\/\/retradycja.eu\/wp-content\/uploads\/2025\/11\/fot.-BartekZurawski-203-e1763720631178.webp\",\"contentUrl\":\"https:\/\/retradycja.eu\/wp-content\/uploads\/2025\/11\/fot.-BartekZurawski-203-e1763720631178.webp\",\"width\":2000,\"height\":1126,\"caption\":\"Tw\u00f3rczyni trzyma w r\u0119ku wyci\u0119t\u0105 w drewnie ozdob\u0119 nadokienn\u0105. W tle Brama Krakowska.\"},{\"@type\":\"BreadcrumbList\",\"@id\":\"https:\/\/retradycja.eu\/pl\/jarmark-jagiellonski-2026-jak-sie-zglosic\/#breadcrumb\",\"itemListElement\":[{\"@type\":\"ListItem\",\"position\":1,\"name\":\"Strona g\u0142\u00f3wna\",\"item\":\"https:\/\/retradycja.eu\/pl\/\"},{\"@type\":\"ListItem\",\"position\":2,\"name\":\"Jarmark Jagiello\u0144ski 2026 | Jak si\u0119 zg\u0142osi\u0107?\"}]},{\"@type\":\"WebSite\",\"@id\":\"https:\/\/retradycja.eu\/pl\/#website\",\"url\":\"https:\/\/retradycja.eu\/pl\/\",\"name\":\"Festiwal Re:tradycja - Jarmark Jagiello\u0144ski\",\"description\":\" Lublin, Stare Miasto\",\"publisher\":{\"@id\":\"https:\/\/retradycja.eu\/pl\/#organization\"},\"potentialAction\":[{\"@type\":\"SearchAction\",\"target\":{\"@type\":\"EntryPoint\",\"urlTemplate\":\"https:\/\/retradycja.eu\/pl\/?s={search_term_string}\"},\"query-input\":\"required name=search_term_string\"}],\"inLanguage\":\"pl-PL\"},{\"@type\":\"Organization\",\"@id\":\"https:\/\/retradycja.eu\/pl\/#organization\",\"name\":\"Warsztaty Kultury w Lublinie\",\"url\":\"https:\/\/retradycja.eu\/pl\/\",\"logo\":{\"@type\":\"ImageObject\",\"inLanguage\":\"pl-PL\",\"@id\":\"https:\/\/retradycja.eu\/pl\/#\/schema\/logo\/image\/\",\"url\":\"https:\/\/retradycja.eu\/wp-content\/uploads\/2022\/06\/logo_retradycje-01.png\",\"contentUrl\":\"https:\/\/retradycja.eu\/wp-content\/uploads\/2022\/06\/logo_retradycje-01.png\",\"width\":332,\"height\":63,\"caption\":\"Warsztaty Kultury w Lublinie\"},\"image\":{\"@id\":\"https:\/\/retradycja.eu\/pl\/#\/schema\/logo\/image\/\"},\"sameAs\":[\"https:\/\/www.facebook.com\/retradycja\",\"https:\/\/www.instagram.com\/retradycja_jarmarkjagiellonski\/\",\"https:\/\/www.youtube.com\/user\/JarmarkJagiellonski\"]},{\"@type\":\"Person\",\"@id\":\"https:\/\/retradycja.eu\/pl\/#\/schema\/person\/4e55ac2fcef4dc9c502630711c4dbb25\",\"name\":\"Agata Turczyn\",\"image\":{\"@type\":\"ImageObject\",\"inLanguage\":\"pl-PL\",\"@id\":\"https:\/\/retradycja.eu\/pl\/#\/schema\/person\/image\/\",\"url\":\"https:\/\/secure.gravatar.com\/avatar\/a674b715f4c402737c1007e045e1ec06?s=96&d=mm&r=g\",\"contentUrl\":\"https:\/\/secure.gravatar.com\/avatar\/a674b715f4c402737c1007e045e1ec06?s=96&d=mm&r=g\",\"caption\":\"Agata Turczyn\"}}]}<\/script>\n<!-- \/ Yoast SEO plugin. -->","yoast_head_json":{"title":"Jarmark Jagiello\u0144ski | Jak si\u0119 zg\u0142osi\u0107?","description":"Wa\u017cna jest dla nas wiedza i umiej\u0119tno\u015bci gromadzone przez pokolenia. Doceniamy tak\u017ce tw\u00f3rcze i \u015bwiadome nawi\u0105zywanie do tradycji.","robots":{"index":"index","follow":"follow","max-snippet":"max-snippet:-1","max-image-preview":"max-image-preview:large","max-video-preview":"max-video-preview:-1"},"canonical":"https:\/\/retradycja.eu\/pl\/jarmark-jagiellonski-2026-jak-sie-zglosic\/","og_locale":"pl_PL","og_type":"article","og_title":"Jarmark Jagiello\u0144ski | Jak si\u0119 zg\u0142osi\u0107?","og_description":"Wa\u017cna jest dla nas wiedza i umiej\u0119tno\u015bci gromadzone przez pokolenia. Doceniamy tak\u017ce tw\u00f3rcze i \u015bwiadome nawi\u0105zywanie do tradycji.","og_url":"https:\/\/retradycja.eu\/pl\/jarmark-jagiellonski-2026-jak-sie-zglosic\/","og_site_name":"Festiwal Re:tradycja - Jarmark Jagiello\u0144ski","article_publisher":"https:\/\/www.facebook.com\/retradycja","article_published_time":"2025-11-21T10:19:14+00:00","article_modified_time":"2025-11-21T10:24:05+00:00","og_image":[{"width":2000,"height":1126,"url":"https:\/\/retradycja.eu\/wp-content\/uploads\/2025\/11\/fot.-BartekZurawski-203-e1763720631178.webp","type":"image\/webp"}],"author":"Agata Turczyn","twitter_card":"summary_large_image","twitter_misc":{"Napisane przez":"Agata Turczyn","Szacowany czas czytania":"2 minuty"},"schema":{"@context":"https:\/\/schema.org","@graph":[{"@type":"Article","@id":"https:\/\/retradycja.eu\/pl\/jarmark-jagiellonski-2026-jak-sie-zglosic\/#article","isPartOf":{"@id":"https:\/\/retradycja.eu\/pl\/jarmark-jagiellonski-2026-jak-sie-zglosic\/"},"author":{"name":"Agata Turczyn","@id":"https:\/\/retradycja.eu\/pl\/#\/schema\/person\/4e55ac2fcef4dc9c502630711c4dbb25"},"headline":"Jarmark Jagiello\u0144ski 2026 | Jak si\u0119 zg\u0142osi\u0107?","datePublished":"2025-11-21T10:19:14+00:00","dateModified":"2025-11-21T10:24:05+00:00","mainEntityOfPage":{"@id":"https:\/\/retradycja.eu\/pl\/jarmark-jagiellonski-2026-jak-sie-zglosic\/"},"wordCount":763,"publisher":{"@id":"https:\/\/retradycja.eu\/pl\/#organization"},"image":{"@id":"https:\/\/retradycja.eu\/pl\/jarmark-jagiellonski-2026-jak-sie-zglosic\/#primaryimage"},"thumbnailUrl":"https:\/\/retradycja.eu\/wp-content\/uploads\/2025\/11\/fot.-BartekZurawski-203-e1763720631178.webp","inLanguage":"pl-PL"},{"@type":"WebPage","@id":"https:\/\/retradycja.eu\/pl\/jarmark-jagiellonski-2026-jak-sie-zglosic\/","url":"https:\/\/retradycja.eu\/pl\/jarmark-jagiellonski-2026-jak-sie-zglosic\/","name":"Jarmark Jagiello\u0144ski | Jak si\u0119 zg\u0142osi\u0107?","isPartOf":{"@id":"https:\/\/retradycja.eu\/pl\/#website"},"primaryImageOfPage":{"@id":"https:\/\/retradycja.eu\/pl\/jarmark-jagiellonski-2026-jak-sie-zglosic\/#primaryimage"},"image":{"@id":"https:\/\/retradycja.eu\/pl\/jarmark-jagiellonski-2026-jak-sie-zglosic\/#primaryimage"},"thumbnailUrl":"https:\/\/retradycja.eu\/wp-content\/uploads\/2025\/11\/fot.-BartekZurawski-203-e1763720631178.webp","datePublished":"2025-11-21T10:19:14+00:00","dateModified":"2025-11-21T10:24:05+00:00","description":"Wa\u017cna jest dla nas wiedza i umiej\u0119tno\u015bci gromadzone przez pokolenia. Doceniamy tak\u017ce tw\u00f3rcze i \u015bwiadome nawi\u0105zywanie do tradycji.","breadcrumb":{"@id":"https:\/\/retradycja.eu\/pl\/jarmark-jagiellonski-2026-jak-sie-zglosic\/#breadcrumb"},"inLanguage":"pl-PL","potentialAction":[{"@type":"ReadAction","target":["https:\/\/retradycja.eu\/pl\/jarmark-jagiellonski-2026-jak-sie-zglosic\/"]}]},{"@type":"ImageObject","inLanguage":"pl-PL","@id":"https:\/\/retradycja.eu\/pl\/jarmark-jagiellonski-2026-jak-sie-zglosic\/#primaryimage","url":"https:\/\/retradycja.eu\/wp-content\/uploads\/2025\/11\/fot.-BartekZurawski-203-e1763720631178.webp","contentUrl":"https:\/\/retradycja.eu\/wp-content\/uploads\/2025\/11\/fot.-BartekZurawski-203-e1763720631178.webp","width":2000,"height":1126,"caption":"Tw\u00f3rczyni trzyma w r\u0119ku wyci\u0119t\u0105 w drewnie ozdob\u0119 nadokienn\u0105. W tle Brama Krakowska."},{"@type":"BreadcrumbList","@id":"https:\/\/retradycja.eu\/pl\/jarmark-jagiellonski-2026-jak-sie-zglosic\/#breadcrumb","itemListElement":[{"@type":"ListItem","position":1,"name":"Strona g\u0142\u00f3wna","item":"https:\/\/retradycja.eu\/pl\/"},{"@type":"ListItem","position":2,"name":"Jarmark Jagiello\u0144ski 2026 | Jak si\u0119 zg\u0142osi\u0107?"}]},{"@type":"WebSite","@id":"https:\/\/retradycja.eu\/pl\/#website","url":"https:\/\/retradycja.eu\/pl\/","name":"Festiwal Re:tradycja - Jarmark Jagiello\u0144ski","description":" Lublin, Stare Miasto","publisher":{"@id":"https:\/\/retradycja.eu\/pl\/#organization"},"potentialAction":[{"@type":"SearchAction","target":{"@type":"EntryPoint","urlTemplate":"https:\/\/retradycja.eu\/pl\/?s={search_term_string}"},"query-input":"required name=search_term_string"}],"inLanguage":"pl-PL"},{"@type":"Organization","@id":"https:\/\/retradycja.eu\/pl\/#organization","name":"Warsztaty Kultury w Lublinie","url":"https:\/\/retradycja.eu\/pl\/","logo":{"@type":"ImageObject","inLanguage":"pl-PL","@id":"https:\/\/retradycja.eu\/pl\/#\/schema\/logo\/image\/","url":"https:\/\/retradycja.eu\/wp-content\/uploads\/2022\/06\/logo_retradycje-01.png","contentUrl":"https:\/\/retradycja.eu\/wp-content\/uploads\/2022\/06\/logo_retradycje-01.png","width":332,"height":63,"caption":"Warsztaty Kultury w Lublinie"},"image":{"@id":"https:\/\/retradycja.eu\/pl\/#\/schema\/logo\/image\/"},"sameAs":["https:\/\/www.facebook.com\/retradycja","https:\/\/www.instagram.com\/retradycja_jarmarkjagiellonski\/","https:\/\/www.youtube.com\/user\/JarmarkJagiellonski"]},{"@type":"Person","@id":"https:\/\/retradycja.eu\/pl\/#\/schema\/person\/4e55ac2fcef4dc9c502630711c4dbb25","name":"Agata Turczyn","image":{"@type":"ImageObject","inLanguage":"pl-PL","@id":"https:\/\/retradycja.eu\/pl\/#\/schema\/person\/image\/","url":"https:\/\/secure.gravatar.com\/avatar\/a674b715f4c402737c1007e045e1ec06?s=96&d=mm&r=g","contentUrl":"https:\/\/secure.gravatar.com\/avatar\/a674b715f4c402737c1007e045e1ec06?s=96&d=mm&r=g","caption":"Agata Turczyn"}}]}},"_links":{"self":[{"href":"https:\/\/retradycja.eu\/pl\/wp-json\/wp\/v2\/posts\/58321"}],"collection":[{"href":"https:\/\/retradycja.eu\/pl\/wp-json\/wp\/v2\/posts"}],"about":[{"href":"https:\/\/retradycja.eu\/pl\/wp-json\/wp\/v2\/types\/post"}],"author":[{"embeddable":true,"href":"https:\/\/retradycja.eu\/pl\/wp-json\/wp\/v2\/users\/8"}],"replies":[{"embeddable":true,"href":"https:\/\/retradycja.eu\/pl\/wp-json\/wp\/v2\/comments?post=58321"}],"version-history":[{"count":2,"href":"https:\/\/retradycja.eu\/pl\/wp-json\/wp\/v2\/posts\/58321\/revisions"}],"predecessor-version":[{"id":58325,"href":"https:\/\/retradycja.eu\/pl\/wp-json\/wp\/v2\/posts\/58321\/revisions\/58325"}],"wp:featuredmedia":[{"embeddable":true,"href":"https:\/\/retradycja.eu\/pl\/wp-json\/wp\/v2\/media\/58323"}],"wp:attachment":[{"href":"https:\/\/retradycja.eu\/pl\/wp-json\/wp\/v2\/media?parent=58321"}],"wp:term":[{"taxonomy":"category","embeddable":true,"href":"https:\/\/retradycja.eu\/pl\/wp-json\/wp\/v2\/categories?post=58321"},{"taxonomy":"post_tag","embeddable":true,"href":"https:\/\/retradycja.eu\/pl\/wp-json\/wp\/v2\/tags?post=58321"}],"curies":[{"name":"wp","href":"https:\/\/api.w.org\/{rel}","templated":true}]}}