{"id":57363,"date":"2025-08-13T12:12:10","date_gmt":"2025-08-13T10:12:10","guid":{"rendered":"https:\/\/retradycja.eu\/?p=57363"},"modified":"2025-08-13T12:20:07","modified_gmt":"2025-08-13T10:20:07","slug":"atrakcje-dla-dzieci-podczas-tegorocznej-edycji-festiwalu","status":"publish","type":"post","link":"https:\/\/retradycja.eu\/pl\/atrakcje-dla-dzieci-podczas-tegorocznej-edycji-festiwalu\/","title":{"rendered":"Atrakcje dla dzieci podczas tegorocznej edycji festiwalu"},"content":{"rendered":"<div class=\"fusion-fullwidth fullwidth-box fusion-builder-row-1 fusion-flex-container nonhundred-percent-fullwidth non-hundred-percent-height-scrolling\" style=\"--awb-border-radius-top-left:0px;--awb-border-radius-top-right:0px;--awb-border-radius-bottom-right:0px;--awb-border-radius-bottom-left:0px;--awb-flex-wrap:wrap;\" ><div class=\"fusion-builder-row fusion-row fusion-flex-align-items-flex-start fusion-flex-content-wrap\" style=\"max-width:calc( 1920px + 0px );margin-left: calc(-0px \/ 2 );margin-right: calc(-0px \/ 2 );\"><div class=\"fusion-layout-column fusion_builder_column fusion-builder-column-0 fusion_builder_column_1_1 1_1 fusion-flex-column\" style=\"--awb-bg-size:cover;--awb-width-large:100%;--awb-margin-top-large:0px;--awb-spacing-right-large:0px;--awb-margin-bottom-large:0px;--awb-spacing-left-large:0px;--awb-width-medium:100%;--awb-spacing-right-medium:0px;--awb-spacing-left-medium:0px;--awb-width-small:100%;--awb-spacing-right-small:0px;--awb-spacing-left-small:0px;\"><div class=\"fusion-column-wrapper fusion-flex-justify-content-flex-start fusion-content-layout-column\"><div class=\"fusion-text fusion-text-1 awb-text-cols fusion-text-columns-2\" style=\"--awb-columns:2;--awb-column-spacing:5em;--awb-column-min-width:250px;\"><p><strong>Na Festiwalu Re:tradycja \u2013 Jarmark Jagiello\u0144ski (22\u201324 sierpnia, Lublin) nie mo\u017ce zabrakn\u0105\u0107 wydarze\u0144 dla dzieci! Z my\u015bl\u0105 o najm\u0142odszych zn\u00f3w powstanie Podw\u00f3rko Re:tradycji, czyli rodzinna przestrze\u0144, kt\u00f3ra pozwoli wsp\u00f3lnie odkry\u0107 urok gier tradycyjnych. Podczas Festiwalu odb\u0119dzie si\u0119 tak\u017ce spektakl oraz liczne warsztaty dla dzieci.<\/strong><\/p>\n<h2><strong>Podw\u00f3rko Re:tradycji<\/strong><\/h2>\n<p>Podw\u00f3rko Re:tradycji to przestrze\u0144, w kt\u00f3rej doro\u015bli powr\u00f3c\u0105 pami\u0119ci\u0105 do swojego dzieci\u0144stwa, a dzieci odkryj\u0105 niesamowite bogactwo gier i zabaw tradycyjnych.&nbsp;<\/p>\n<p>Jak co roku w trakcie Festiwalu nadarzy si\u0119 tak\u017ce okazja, by wprawi\u0107 w ruch drewniane zabawki wykonane przez Jana Puka, lasowiackiego tw\u00f3rc\u0119 ludowego, u\u0142o\u017cy\u0107 klockowe puzzle z obrazami wybitnego lubelskiego malarza Stanis\u0142awa Koguciuka czy spr\u00f3bowa\u0107 zagra\u0107 na kaszubskim burczybasie i diabelskich skrzypcach przygotowanych przez Tadeusza Makowskiego. Nie zabraknie te\u017c kolorowych konik\u00f3w, kurek na pochylni, karuzelek pochodz\u0105cych ze Stryszawy oraz Pewli Wielkiej, kt\u00f3re od lat s\u0142yn\u0105 ze swoich zabawkarskich wyrob\u00f3w.<\/p>\n<p>Opr\u00f3cz tego pojawi\u0105 si\u0119 te\u017c specjalne sto\u0142y do gry w pche\u0142ki, tory do zabawy w kapsle, b\u0119d\u0105 gry w gum\u0119 czy b\u0142otna kuchnia. Poza zabawkami i grami, kt\u00f3re wype\u0142ni\u0105 B\u0142onia pod Zamkiem, w przestrzeni tej odbywa\u0107 si\u0119 b\u0119d\u0105 tak\u017ce muzyczne warsztaty dla najm\u0142odszych. W \u015bwiat tradycyjnej muzyki, zabaw i ta\u0144c\u00f3w wprowadzi dzieci Studio folkloru podlaskich Bia\u0142orusin\u00f3w \u201e\u017bemerwa\u201d, a tak\u017ce krakowska grupa Fiksum Dyrdum.&nbsp;&nbsp;<\/p>\n<p>Podw\u00f3rko Re:tradycji to miejsce stworzone z my\u015bl\u0105 o rodzinach, kt\u00f3re poprzez zabaw\u0119 i dzia\u0142ania edukacyjne mog\u0105 razem sp\u0119dzi\u0107 czas, wzmacniaj\u0105c tym samym wi\u0119zi i zainteresowa\u0107 najm\u0142odszych kultur\u0105 tradycyjn\u0105.<\/p>\n<p><strong>Informacje praktyczne<\/strong><\/p>\n<p><strong>Kiedy:<br \/>\n<\/strong>22 sierpnia, godz. 13.00\u201318.30<br \/>\n23\u201324 sierpnia, godz. 11.00\u201318.30<br \/>\n<strong>Gdzie: <\/strong>Podw\u00f3rko Re:tradycji, B\u0142onia pod Zamkiem<br \/>\n<strong>Wst\u0119p wolny<\/strong><\/p>\n<hr>\n<h2><strong>Spektakl dla dzieci<\/strong><\/h2>\n<p><strong>&nbsp;<\/strong><strong><u>Tajemnice glinianych dzbank\u00f3w | Mozaika (POL)<\/u><\/strong><\/p>\n<p>Tajemnice glinianych dzbank\u00f3w to interaktywny spektakl dla dzieci i rodzin, kt\u00f3ry zaprasza do \u015bwiata garncarstwa.<\/p>\n<p>Niekt\u00f3rzy m\u00f3wi\u0105, \u017ce ten, kto zna tajemnice ziemi, powietrza i ognia, zna tajemnice \u015bwiata\u2026 M\u00f3wi\u0105 te\u017c, \u017ce sam Stw\u00f3rca jest garncarzem, kt\u00f3ry \u015bwiat, zwierz\u0119ta i ludzi ulepi\u0142. O tym w\u0142a\u015bnie b\u0119dzie ta opowie\u015b\u0107. I o tym jeszcze, \u017ce nie \u015bwi\u0119ci garnki lepi\u0105 oraz o tym, \u017ce nawet p\u0119kni\u0119ty dzbanek jest po co\u015b, tylko cz\u0119sto nie wiadomo, po co\u2026<\/p>\n<p><em>\u2013 Poznamy tajemnice dzbank\u00f3w i nauczymy Was piosenek, kt\u00f3re znaj\u0105 tylko garncarscy mistrzowie. S\u0142owem, ulepimy dzbany pe\u0142ne pi\u0119knych d\u017awi\u0119k\u00f3w, opowie\u015bci oraz\u2026 ta\u0144c\u00f3w<\/em> \u2013 zapowiadaj\u0105 cz\u0142onkinie Teatru Mozaika, autorki spektaklu.<\/p>\n<p><strong>Informacje praktyczne<br \/>\n<\/strong>Kiedy: 24 sierpnia (niedziela), godz. 16.00\u201317.00<br \/>\nGdzie: Dom na Podwalu, ul. Podwale 15, ogr\u00f3d, wej\u015bcie przez bram\u0119 parkingu<br \/>\nDla kogo: dla dzieci z opiekunami<br \/>\nWst\u0119p wolny, ilo\u015b\u0107 miejsc ograniczona<br \/>\nSpektakl t\u0142umaczony na Polski J\u0119zyk Migowy. T\u0142umaczka: Ewelina Lachowska<\/p>\n<hr>\n<h2><strong>Dzieci\u0119ce warsztaty<\/strong><\/h2>\n<p>Tradycyjnie ju\u017c w ramach Festiwalu odb\u0119d\u0105 si\u0119 warsztaty przygotowane dla dzieci, kt\u00f3re po\u0142\u0105cz\u0105 nauk\u0119 z zabaw\u0105, oferuj\u0105c uczestniczkom i uczestniczkom niezapomniane do\u015bwiadczenia. W tym roku czekaj\u0105 na nich nast\u0119puj\u0105ce zaj\u0119cia:<\/p>\n<p><a href=\"https:\/\/retradycja.eu\/pl\/events\/warsztaty-a-my-wszyscy-bec-tradycyjne-zabawy-i-tance-fiksum-dyrdum-zapisy-od-11-sierpnia\/\">A my wszyscy b\u0119c \u2013 tradycyjne zabawy i ta\u0144ce | Fiksum Dyrdum<\/a> \u2013 dla dzieci 5+ z opiekunami<\/p>\n<p><a href=\"https:\/\/retradycja.eu\/pl\/events\/warsztaty-biehaw-zajczyk-po-kapusci-zabawy-i-tance-podlaskie-dla-dzieci-zemerwa-zapisy-od-11-sierpnia\">Biehaw zajczyk po kapu\u015bci &#8211; zabawy i ta\u0144ce podlaskie dla dzieci | \u017bemerwa<\/a> \u2013 dla dzieci 5+ z opiekunami<\/p>\n<p><a href=\"https:\/\/retradycja.eu\/pl\/events\/warsztat-wycinanka-swietokrzyska-lucyna-kozlowska-wiek-6-z-opiekunem-zapisy-od-11-sierpnia\/\">Wycinanka \u015bwi\u0119tokrzyska | Lucyna Koz\u0142owska<\/a> \u2013 dla dzieci 6+ z opiekunami<\/p>\n<p><a href=\"https:\/\/retradycja.eu\/pl\/events\/warsztaty-brykajacy-kon-zabawka-z-papieru-zofia-sompolinska-wiek-6-z-opiekunami-zapisy-od-11-sierpnia\/\">Brykaj\u0105cy ko\u0144 &#8211; zabawka z papieru | Zofia Sompoli\u0144ska<\/a> \u2013 dla dzieci 6+ z opiekunami<\/p>\n<p><a href=\"https:\/\/retradycja.eu\/pl\/events\/warsztaty-malowanie-zakladki-we-wzory-fajansu-wloclawskiego-krystyna-zagrabska-wiek-6-z-opiekunem-zapisy-od-11-sierpnia\/\">Malowanie zak\u0142adki we wzory fajansu w\u0142oc\u0142awskiego | Krystyna Zagrabska<\/a> \u2013 dla dzieci 6+ z opiekunami<\/p>\n<p><a href=\"https:\/\/retradycja.eu\/pl\/events\/warsztaty-rzezba-w-korze-krzysztof-zawacki-wiek-8-z-opiekunem-zapisy-od-11-sierpnia\/\">Rze\u017aba w korze | Krzysztof Zawacki<\/a> &nbsp;\u2013 dla dzieci 6+ z opiekunami<\/p>\n<p><a href=\"https:\/\/retradycja.eu\/pl\/events\/warsztat-malarstwo-z-petrykivki-olena-kovalenko-wiek-8-z-opiekunem-zapisy-od-11-sierpnia\/\">Malarstwo z Petrykivki | Olena Kovalenko<\/a> \u2013 dla dzieci 8+ z opiekunami<\/p>\n<p><a href=\"https:\/\/retradycja.eu\/pl\/events\/warsztaty-krysztalek-ze-slomy-iwona-barecka-wiek-8-z-opiekunem\/\">Kryszta\u0142ek ze s\u0142omy | Iwona Barecka<\/a> \u2013 &nbsp;dla dzieci 8+ z opiekunami<\/p>\n<p><a href=\"https:\/\/retradycja.eu\/pl\/events\/warsztaty-przypinka-z-haftem-opoczynskim-zofia-pacan-wiek-8-z-opiekunem-zapisy-od-11-sierpnia\/\">Przypinka z haftem opoczy\u0144skim | Zofia Pacan<\/a> \u2013 &nbsp;dla dzieci 8+ z opiekunami<\/p>\n<p>Aby wzi\u0105\u0107 udzia\u0142 w warsztatach, nale\u017cy wype\u0142ni\u0107 formularz zg\u0142oszeniowy <a href=\"https:\/\/retradycja.eu\/pl\/retradycja-jarmark-jagiellonski-2025-na-te-wydarzenia-obowiazuja-zapisy\/\">dost\u0119pny na stronie<\/a>.<\/p>\n<h2><strong>O festiwalu Re:tradycja \u2013 Jarmark Jagiello\u0144ski<\/strong><\/h2>\n<p>Re:tradycja \u2013 Jarmark Jagiello\u0144ski (22\u201324 sierpnia, Stare Miasto, Lublin) jest jednym z najwi\u0119kszych festiwali kultury ludowej w Polsce, kt\u00f3ry przez trzy sierpniowe dni wype\u0142nia przestrze\u0144 Starego Miasta w Lublinie. To czas niezwyk\u0142ych koncert\u00f3w, inspiruj\u0105cych warsztat\u00f3w, poznawania rzemios\u0142a tradycyjnego i odwiedzania wystaw pobudzaj\u0105cych wyobra\u017ani\u0119. Wydarzenie jest te\u017c okazj\u0105 do spotkania artyst\u00f3w i artystek oraz rzemie\u015blnik\u00f3w i rzemie\u015blniczek z r\u00f3\u017cnych stron \u015bwiata. Jego si\u0142\u0105 jest \u0142\u0105czenie tradycji z nowoczesno\u015bci\u0105. Od lat pokazuje on, \u017ce kultura ludowa wci\u0105\u017c jest \u017cywa i inspiruj\u0105ca dla kolejnych pokole\u0144.<\/p>\n<p>W tym roku odb\u0119dzie si\u0119 ju\u017c 19. edycja festiwalu, a jego tematem przewodnim b\u0119dzie taniec tradycyjny. Zapraszamy na pi\u0105tkowy spektakl \u201eDanse staur, danse staur\u201d norweskiej kompanii tanecznej Kartellet, inspirowany dawnymi zwyczajami tanecznymi z archipelagu Lofot\u00f3w. Na Scenie G\u0142\u00f3wnej zagraj\u0105 r\u00f3wnie\u017c zespo\u0142y: PoMore TanzOrkiestra \u2013 polsko-niemiecki projekt przywracaj\u0105cy do \u017cywej praktyki muzyk\u0119 Pomorza; El Khat, kt\u00f3ry si\u0119ga do tradycyjnej muzyki jeme\u0144skiej, \u0142\u0105cz\u0105c j\u0105 z eksperymentalnym brzmieniem i osobist\u0105 histori\u0105 migracji oraz GMM \u2013 specjali\u015bci od elektryzuj\u0105cych aran\u017cacji weselnych melodii ludowych, inspirowanych zbiorami Oskara Kolberga. Z kolei w Bazylice oo. Dominikan\u00f3w zaplanowano koncert Studia folkloru podlaskich Bia\u0142orusin\u00f3w \u201e\u017bemerwa\u201d oraz dzia\u0142aj\u0105cej w jego ramach m\u0119skiej grupy \u201eOsoczniki\u201d.<\/p>\n<p>W programie tradycyjnie nie zabraknie pota\u0144c\u00f3wek, Podw\u00f3rka Re:tradycji, targ\u00f3w sztuki ludowej, spotka\u0144 z rzemie\u015blnikami, pokaz\u00f3w filmowych i warsztat\u00f3w.<\/p>\n<p><strong>Re:tradycja \u2013 Jarmark Jagiello\u0144ski<\/strong><\/p>\n<p>22\u201324 sierpnia 2025&nbsp;<br \/>\nLublin, Stare Miasto<br \/>\nWst\u0119p na wydarzenie jest wolny.<br \/>\nretradycja.eu<\/p>\n<p><strong>Organizatorzy:<\/strong> Warsztaty Kultury w Lublinie, Instytucja Kultury Miasta Lublin, Lublin Miasto Inspiracji<\/p>\n<p><strong>Patronat honorowy:<\/strong> Prezydent Miasta Lublin \u2013 Krzysztof \u017buk, Narodowy Instytut Dziedzictwa<\/p>\n<p><strong>Patroni medialni:<\/strong>&nbsp;TVP Kultura, TVP3 Lublin, Polskie Radio Program II, Radiowe Centrum Kultury Ludowej, Radio Lublin, Gazeta Wyborcza, KulturaLudowa.pl, MuzykaTradycyjna.pl, Kultura Enter, ONET<\/p>\n<p><strong>Partnerzy<\/strong>: Fundacja Kultura Enter, O\u015brodek Praktyk Teatralnych Gardzienice, Teatr Stary w Lublinie,&nbsp; Dominikanie Lublin, Muzeum Narodowe w Lublinie, Ivan Honchar Museum, Stowarzyszenie Tw\u00f3rc\u00f3w Ludowych<\/p>\n<p><strong>Sponsor:<\/strong>&nbsp;Inter Broker<\/p>\n<p><strong>Dofinansowano ze \u015brodk\u00f3w Ministra Kultury i Dziedzictwa Narodowego pochodz\u0105cych z Funduszu Promocji Kultury.<\/strong><\/p>\n<\/div><\/div><\/div><\/div><\/div>\n","protected":false},"excerpt":{"rendered":"","protected":false},"author":5,"featured_media":57364,"comment_status":"closed","ping_status":"open","sticky":false,"template":"","format":"standard","meta":{"_acf_changed":false,"ngg_post_thumbnail":0,"footnotes":""},"categories":[1],"tags":[],"acf":[],"yoast_head":"<!-- This site is optimized with the Yoast SEO plugin v22.2 - https:\/\/yoast.com\/wordpress\/plugins\/seo\/ -->\n<title>Re:tradycja \u2013 Jarmark Jagiello\u0144ski: atrakcje dla najm\u0142odszych<\/title>\n<meta name=\"description\" content=\"Z my\u015bl\u0105 o najm\u0142odszych zn\u00f3w powstanie Podw\u00f3rko Re:tradycji, czyli rodzinna przestrze\u0144, kt\u00f3ra pozwoli wsp\u00f3lnie odkry\u0107 urok gier tradycyjnych.\" \/>\n<meta name=\"robots\" content=\"index, follow, max-snippet:-1, max-image-preview:large, max-video-preview:-1\" \/>\n<link rel=\"canonical\" href=\"https:\/\/retradycja.eu\/pl\/atrakcje-dla-dzieci-podczas-tegorocznej-edycji-festiwalu\/\" \/>\n<meta property=\"og:locale\" content=\"pl_PL\" \/>\n<meta property=\"og:type\" content=\"article\" \/>\n<meta property=\"og:title\" content=\"Re:tradycja \u2013 Jarmark Jagiello\u0144ski: atrakcje dla najm\u0142odszych\" \/>\n<meta property=\"og:description\" content=\"Z my\u015bl\u0105 o najm\u0142odszych zn\u00f3w powstanie Podw\u00f3rko Re:tradycji, czyli rodzinna przestrze\u0144, kt\u00f3ra pozwoli wsp\u00f3lnie odkry\u0107 urok gier tradycyjnych.\" \/>\n<meta property=\"og:url\" content=\"https:\/\/retradycja.eu\/pl\/atrakcje-dla-dzieci-podczas-tegorocznej-edycji-festiwalu\/\" \/>\n<meta property=\"og:site_name\" content=\"Festiwal Re:tradycja - Jarmark Jagiello\u0144ski\" \/>\n<meta property=\"article:publisher\" content=\"https:\/\/www.facebook.com\/retradycja\" \/>\n<meta property=\"article:published_time\" content=\"2025-08-13T10:12:10+00:00\" \/>\n<meta property=\"article:modified_time\" content=\"2025-08-13T10:20:07+00:00\" \/>\n<meta property=\"og:image\" content=\"https:\/\/retradycja.eu\/wp-content\/uploads\/2025\/08\/DZIECI_2_hd.jpg\" \/>\n\t<meta property=\"og:image:width\" content=\"1920\" \/>\n\t<meta property=\"og:image:height\" content=\"1080\" \/>\n\t<meta property=\"og:image:type\" content=\"image\/jpeg\" \/>\n<meta name=\"author\" content=\"Ma\u0142gorzata\" \/>\n<meta name=\"twitter:card\" content=\"summary_large_image\" \/>\n<meta name=\"twitter:label1\" content=\"Napisane przez\" \/>\n\t<meta name=\"twitter:data1\" content=\"Ma\u0142gorzata\" \/>\n\t<meta name=\"twitter:label2\" content=\"Szacowany czas czytania\" \/>\n\t<meta name=\"twitter:data2\" content=\"5 minut\" \/>\n<script type=\"application\/ld+json\" class=\"yoast-schema-graph\">{\"@context\":\"https:\/\/schema.org\",\"@graph\":[{\"@type\":\"Article\",\"@id\":\"https:\/\/retradycja.eu\/pl\/atrakcje-dla-dzieci-podczas-tegorocznej-edycji-festiwalu\/#article\",\"isPartOf\":{\"@id\":\"https:\/\/retradycja.eu\/pl\/atrakcje-dla-dzieci-podczas-tegorocznej-edycji-festiwalu\/\"},\"author\":{\"name\":\"Ma\u0142gorzata\",\"@id\":\"https:\/\/retradycja.eu\/pl\/#\/schema\/person\/fd205a687bde7f36f7900874fe9c96c0\"},\"headline\":\"Atrakcje dla dzieci podczas tegorocznej edycji festiwalu\",\"datePublished\":\"2025-08-13T10:12:10+00:00\",\"dateModified\":\"2025-08-13T10:20:07+00:00\",\"mainEntityOfPage\":{\"@id\":\"https:\/\/retradycja.eu\/pl\/atrakcje-dla-dzieci-podczas-tegorocznej-edycji-festiwalu\/\"},\"wordCount\":1244,\"publisher\":{\"@id\":\"https:\/\/retradycja.eu\/pl\/#organization\"},\"image\":{\"@id\":\"https:\/\/retradycja.eu\/pl\/atrakcje-dla-dzieci-podczas-tegorocznej-edycji-festiwalu\/#primaryimage\"},\"thumbnailUrl\":\"https:\/\/retradycja.eu\/wp-content\/uploads\/2025\/08\/DZIECI_2_hd.jpg\",\"inLanguage\":\"pl-PL\"},{\"@type\":\"WebPage\",\"@id\":\"https:\/\/retradycja.eu\/pl\/atrakcje-dla-dzieci-podczas-tegorocznej-edycji-festiwalu\/\",\"url\":\"https:\/\/retradycja.eu\/pl\/atrakcje-dla-dzieci-podczas-tegorocznej-edycji-festiwalu\/\",\"name\":\"Re:tradycja \u2013 Jarmark Jagiello\u0144ski: atrakcje dla najm\u0142odszych\",\"isPartOf\":{\"@id\":\"https:\/\/retradycja.eu\/pl\/#website\"},\"primaryImageOfPage\":{\"@id\":\"https:\/\/retradycja.eu\/pl\/atrakcje-dla-dzieci-podczas-tegorocznej-edycji-festiwalu\/#primaryimage\"},\"image\":{\"@id\":\"https:\/\/retradycja.eu\/pl\/atrakcje-dla-dzieci-podczas-tegorocznej-edycji-festiwalu\/#primaryimage\"},\"thumbnailUrl\":\"https:\/\/retradycja.eu\/wp-content\/uploads\/2025\/08\/DZIECI_2_hd.jpg\",\"datePublished\":\"2025-08-13T10:12:10+00:00\",\"dateModified\":\"2025-08-13T10:20:07+00:00\",\"description\":\"Z my\u015bl\u0105 o najm\u0142odszych zn\u00f3w powstanie Podw\u00f3rko Re:tradycji, czyli rodzinna przestrze\u0144, kt\u00f3ra pozwoli wsp\u00f3lnie odkry\u0107 urok gier tradycyjnych.\",\"breadcrumb\":{\"@id\":\"https:\/\/retradycja.eu\/pl\/atrakcje-dla-dzieci-podczas-tegorocznej-edycji-festiwalu\/#breadcrumb\"},\"inLanguage\":\"pl-PL\",\"potentialAction\":[{\"@type\":\"ReadAction\",\"target\":[\"https:\/\/retradycja.eu\/pl\/atrakcje-dla-dzieci-podczas-tegorocznej-edycji-festiwalu\/\"]}]},{\"@type\":\"ImageObject\",\"inLanguage\":\"pl-PL\",\"@id\":\"https:\/\/retradycja.eu\/pl\/atrakcje-dla-dzieci-podczas-tegorocznej-edycji-festiwalu\/#primaryimage\",\"url\":\"https:\/\/retradycja.eu\/wp-content\/uploads\/2025\/08\/DZIECI_2_hd.jpg\",\"contentUrl\":\"https:\/\/retradycja.eu\/wp-content\/uploads\/2025\/08\/DZIECI_2_hd.jpg\",\"width\":1920,\"height\":1080,\"caption\":\"Drewniane zabawki na B\u0142oniach. Napis: Wydarzenia dla dzieci.\"},{\"@type\":\"BreadcrumbList\",\"@id\":\"https:\/\/retradycja.eu\/pl\/atrakcje-dla-dzieci-podczas-tegorocznej-edycji-festiwalu\/#breadcrumb\",\"itemListElement\":[{\"@type\":\"ListItem\",\"position\":1,\"name\":\"Strona g\u0142\u00f3wna\",\"item\":\"https:\/\/retradycja.eu\/pl\/\"},{\"@type\":\"ListItem\",\"position\":2,\"name\":\"Atrakcje dla dzieci podczas tegorocznej edycji festiwalu\"}]},{\"@type\":\"WebSite\",\"@id\":\"https:\/\/retradycja.eu\/pl\/#website\",\"url\":\"https:\/\/retradycja.eu\/pl\/\",\"name\":\"Festiwal Re:tradycja - Jarmark Jagiello\u0144ski\",\"description\":\" Lublin, Stare Miasto\",\"publisher\":{\"@id\":\"https:\/\/retradycja.eu\/pl\/#organization\"},\"potentialAction\":[{\"@type\":\"SearchAction\",\"target\":{\"@type\":\"EntryPoint\",\"urlTemplate\":\"https:\/\/retradycja.eu\/pl\/?s={search_term_string}\"},\"query-input\":\"required name=search_term_string\"}],\"inLanguage\":\"pl-PL\"},{\"@type\":\"Organization\",\"@id\":\"https:\/\/retradycja.eu\/pl\/#organization\",\"name\":\"Warsztaty Kultury w Lublinie\",\"url\":\"https:\/\/retradycja.eu\/pl\/\",\"logo\":{\"@type\":\"ImageObject\",\"inLanguage\":\"pl-PL\",\"@id\":\"https:\/\/retradycja.eu\/pl\/#\/schema\/logo\/image\/\",\"url\":\"https:\/\/retradycja.eu\/wp-content\/uploads\/2022\/06\/logo_retradycje-01.png\",\"contentUrl\":\"https:\/\/retradycja.eu\/wp-content\/uploads\/2022\/06\/logo_retradycje-01.png\",\"width\":332,\"height\":63,\"caption\":\"Warsztaty Kultury w Lublinie\"},\"image\":{\"@id\":\"https:\/\/retradycja.eu\/pl\/#\/schema\/logo\/image\/\"},\"sameAs\":[\"https:\/\/www.facebook.com\/retradycja\",\"https:\/\/www.instagram.com\/retradycja_jarmarkjagiellonski\/\",\"https:\/\/www.youtube.com\/user\/JarmarkJagiellonski\"]},{\"@type\":\"Person\",\"@id\":\"https:\/\/retradycja.eu\/pl\/#\/schema\/person\/fd205a687bde7f36f7900874fe9c96c0\",\"name\":\"Ma\u0142gorzata\",\"image\":{\"@type\":\"ImageObject\",\"inLanguage\":\"pl-PL\",\"@id\":\"https:\/\/retradycja.eu\/pl\/#\/schema\/person\/image\/\",\"url\":\"https:\/\/secure.gravatar.com\/avatar\/c2f84c05c7c04cc536472b6e15a984f4?s=96&d=mm&r=g\",\"contentUrl\":\"https:\/\/secure.gravatar.com\/avatar\/c2f84c05c7c04cc536472b6e15a984f4?s=96&d=mm&r=g\",\"caption\":\"Ma\u0142gorzata\"}}]}<\/script>\n<!-- \/ Yoast SEO plugin. -->","yoast_head_json":{"title":"Re:tradycja \u2013 Jarmark Jagiello\u0144ski: atrakcje dla najm\u0142odszych","description":"Z my\u015bl\u0105 o najm\u0142odszych zn\u00f3w powstanie Podw\u00f3rko Re:tradycji, czyli rodzinna przestrze\u0144, kt\u00f3ra pozwoli wsp\u00f3lnie odkry\u0107 urok gier tradycyjnych.","robots":{"index":"index","follow":"follow","max-snippet":"max-snippet:-1","max-image-preview":"max-image-preview:large","max-video-preview":"max-video-preview:-1"},"canonical":"https:\/\/retradycja.eu\/pl\/atrakcje-dla-dzieci-podczas-tegorocznej-edycji-festiwalu\/","og_locale":"pl_PL","og_type":"article","og_title":"Re:tradycja \u2013 Jarmark Jagiello\u0144ski: atrakcje dla najm\u0142odszych","og_description":"Z my\u015bl\u0105 o najm\u0142odszych zn\u00f3w powstanie Podw\u00f3rko Re:tradycji, czyli rodzinna przestrze\u0144, kt\u00f3ra pozwoli wsp\u00f3lnie odkry\u0107 urok gier tradycyjnych.","og_url":"https:\/\/retradycja.eu\/pl\/atrakcje-dla-dzieci-podczas-tegorocznej-edycji-festiwalu\/","og_site_name":"Festiwal Re:tradycja - Jarmark Jagiello\u0144ski","article_publisher":"https:\/\/www.facebook.com\/retradycja","article_published_time":"2025-08-13T10:12:10+00:00","article_modified_time":"2025-08-13T10:20:07+00:00","og_image":[{"width":1920,"height":1080,"url":"https:\/\/retradycja.eu\/wp-content\/uploads\/2025\/08\/DZIECI_2_hd.jpg","type":"image\/jpeg"}],"author":"Ma\u0142gorzata","twitter_card":"summary_large_image","twitter_misc":{"Napisane przez":"Ma\u0142gorzata","Szacowany czas czytania":"5 minut"},"schema":{"@context":"https:\/\/schema.org","@graph":[{"@type":"Article","@id":"https:\/\/retradycja.eu\/pl\/atrakcje-dla-dzieci-podczas-tegorocznej-edycji-festiwalu\/#article","isPartOf":{"@id":"https:\/\/retradycja.eu\/pl\/atrakcje-dla-dzieci-podczas-tegorocznej-edycji-festiwalu\/"},"author":{"name":"Ma\u0142gorzata","@id":"https:\/\/retradycja.eu\/pl\/#\/schema\/person\/fd205a687bde7f36f7900874fe9c96c0"},"headline":"Atrakcje dla dzieci podczas tegorocznej edycji festiwalu","datePublished":"2025-08-13T10:12:10+00:00","dateModified":"2025-08-13T10:20:07+00:00","mainEntityOfPage":{"@id":"https:\/\/retradycja.eu\/pl\/atrakcje-dla-dzieci-podczas-tegorocznej-edycji-festiwalu\/"},"wordCount":1244,"publisher":{"@id":"https:\/\/retradycja.eu\/pl\/#organization"},"image":{"@id":"https:\/\/retradycja.eu\/pl\/atrakcje-dla-dzieci-podczas-tegorocznej-edycji-festiwalu\/#primaryimage"},"thumbnailUrl":"https:\/\/retradycja.eu\/wp-content\/uploads\/2025\/08\/DZIECI_2_hd.jpg","inLanguage":"pl-PL"},{"@type":"WebPage","@id":"https:\/\/retradycja.eu\/pl\/atrakcje-dla-dzieci-podczas-tegorocznej-edycji-festiwalu\/","url":"https:\/\/retradycja.eu\/pl\/atrakcje-dla-dzieci-podczas-tegorocznej-edycji-festiwalu\/","name":"Re:tradycja \u2013 Jarmark Jagiello\u0144ski: atrakcje dla najm\u0142odszych","isPartOf":{"@id":"https:\/\/retradycja.eu\/pl\/#website"},"primaryImageOfPage":{"@id":"https:\/\/retradycja.eu\/pl\/atrakcje-dla-dzieci-podczas-tegorocznej-edycji-festiwalu\/#primaryimage"},"image":{"@id":"https:\/\/retradycja.eu\/pl\/atrakcje-dla-dzieci-podczas-tegorocznej-edycji-festiwalu\/#primaryimage"},"thumbnailUrl":"https:\/\/retradycja.eu\/wp-content\/uploads\/2025\/08\/DZIECI_2_hd.jpg","datePublished":"2025-08-13T10:12:10+00:00","dateModified":"2025-08-13T10:20:07+00:00","description":"Z my\u015bl\u0105 o najm\u0142odszych zn\u00f3w powstanie Podw\u00f3rko Re:tradycji, czyli rodzinna przestrze\u0144, kt\u00f3ra pozwoli wsp\u00f3lnie odkry\u0107 urok gier tradycyjnych.","breadcrumb":{"@id":"https:\/\/retradycja.eu\/pl\/atrakcje-dla-dzieci-podczas-tegorocznej-edycji-festiwalu\/#breadcrumb"},"inLanguage":"pl-PL","potentialAction":[{"@type":"ReadAction","target":["https:\/\/retradycja.eu\/pl\/atrakcje-dla-dzieci-podczas-tegorocznej-edycji-festiwalu\/"]}]},{"@type":"ImageObject","inLanguage":"pl-PL","@id":"https:\/\/retradycja.eu\/pl\/atrakcje-dla-dzieci-podczas-tegorocznej-edycji-festiwalu\/#primaryimage","url":"https:\/\/retradycja.eu\/wp-content\/uploads\/2025\/08\/DZIECI_2_hd.jpg","contentUrl":"https:\/\/retradycja.eu\/wp-content\/uploads\/2025\/08\/DZIECI_2_hd.jpg","width":1920,"height":1080,"caption":"Drewniane zabawki na B\u0142oniach. Napis: Wydarzenia dla dzieci."},{"@type":"BreadcrumbList","@id":"https:\/\/retradycja.eu\/pl\/atrakcje-dla-dzieci-podczas-tegorocznej-edycji-festiwalu\/#breadcrumb","itemListElement":[{"@type":"ListItem","position":1,"name":"Strona g\u0142\u00f3wna","item":"https:\/\/retradycja.eu\/pl\/"},{"@type":"ListItem","position":2,"name":"Atrakcje dla dzieci podczas tegorocznej edycji festiwalu"}]},{"@type":"WebSite","@id":"https:\/\/retradycja.eu\/pl\/#website","url":"https:\/\/retradycja.eu\/pl\/","name":"Festiwal Re:tradycja - Jarmark Jagiello\u0144ski","description":" Lublin, Stare Miasto","publisher":{"@id":"https:\/\/retradycja.eu\/pl\/#organization"},"potentialAction":[{"@type":"SearchAction","target":{"@type":"EntryPoint","urlTemplate":"https:\/\/retradycja.eu\/pl\/?s={search_term_string}"},"query-input":"required name=search_term_string"}],"inLanguage":"pl-PL"},{"@type":"Organization","@id":"https:\/\/retradycja.eu\/pl\/#organization","name":"Warsztaty Kultury w Lublinie","url":"https:\/\/retradycja.eu\/pl\/","logo":{"@type":"ImageObject","inLanguage":"pl-PL","@id":"https:\/\/retradycja.eu\/pl\/#\/schema\/logo\/image\/","url":"https:\/\/retradycja.eu\/wp-content\/uploads\/2022\/06\/logo_retradycje-01.png","contentUrl":"https:\/\/retradycja.eu\/wp-content\/uploads\/2022\/06\/logo_retradycje-01.png","width":332,"height":63,"caption":"Warsztaty Kultury w Lublinie"},"image":{"@id":"https:\/\/retradycja.eu\/pl\/#\/schema\/logo\/image\/"},"sameAs":["https:\/\/www.facebook.com\/retradycja","https:\/\/www.instagram.com\/retradycja_jarmarkjagiellonski\/","https:\/\/www.youtube.com\/user\/JarmarkJagiellonski"]},{"@type":"Person","@id":"https:\/\/retradycja.eu\/pl\/#\/schema\/person\/fd205a687bde7f36f7900874fe9c96c0","name":"Ma\u0142gorzata","image":{"@type":"ImageObject","inLanguage":"pl-PL","@id":"https:\/\/retradycja.eu\/pl\/#\/schema\/person\/image\/","url":"https:\/\/secure.gravatar.com\/avatar\/c2f84c05c7c04cc536472b6e15a984f4?s=96&d=mm&r=g","contentUrl":"https:\/\/secure.gravatar.com\/avatar\/c2f84c05c7c04cc536472b6e15a984f4?s=96&d=mm&r=g","caption":"Ma\u0142gorzata"}}]}},"_links":{"self":[{"href":"https:\/\/retradycja.eu\/pl\/wp-json\/wp\/v2\/posts\/57363"}],"collection":[{"href":"https:\/\/retradycja.eu\/pl\/wp-json\/wp\/v2\/posts"}],"about":[{"href":"https:\/\/retradycja.eu\/pl\/wp-json\/wp\/v2\/types\/post"}],"author":[{"embeddable":true,"href":"https:\/\/retradycja.eu\/pl\/wp-json\/wp\/v2\/users\/5"}],"replies":[{"embeddable":true,"href":"https:\/\/retradycja.eu\/pl\/wp-json\/wp\/v2\/comments?post=57363"}],"version-history":[{"count":2,"href":"https:\/\/retradycja.eu\/pl\/wp-json\/wp\/v2\/posts\/57363\/revisions"}],"predecessor-version":[{"id":57368,"href":"https:\/\/retradycja.eu\/pl\/wp-json\/wp\/v2\/posts\/57363\/revisions\/57368"}],"wp:featuredmedia":[{"embeddable":true,"href":"https:\/\/retradycja.eu\/pl\/wp-json\/wp\/v2\/media\/57364"}],"wp:attachment":[{"href":"https:\/\/retradycja.eu\/pl\/wp-json\/wp\/v2\/media?parent=57363"}],"wp:term":[{"taxonomy":"category","embeddable":true,"href":"https:\/\/retradycja.eu\/pl\/wp-json\/wp\/v2\/categories?post=57363"},{"taxonomy":"post_tag","embeddable":true,"href":"https:\/\/retradycja.eu\/pl\/wp-json\/wp\/v2\/tags?post=57363"}],"curies":[{"name":"wp","href":"https:\/\/api.w.org\/{rel}","templated":true}]}}