{"id":56976,"date":"2025-07-31T10:30:55","date_gmt":"2025-07-31T08:30:55","guid":{"rendered":"https:\/\/retradycja.eu\/?p=56976"},"modified":"2025-08-14T11:46:23","modified_gmt":"2025-08-14T09:46:23","slug":"pomore-tanzorkiestra-pol-deu-na-festiwalu-retradycja-jarmark-jagiellonski","status":"publish","type":"post","link":"https:\/\/retradycja.eu\/pl\/pomore-tanzorkiestra-pol-deu-na-festiwalu-retradycja-jarmark-jagiellonski\/","title":{"rendered":"PoMore TanzOrkiestra (POL\/DEU) na festiwalu Re:tradycja \u2013 Jarmark Jagiello\u0144ski"},"content":{"rendered":"<div class=\"fusion-fullwidth fullwidth-box fusion-builder-row-1 fusion-flex-container nonhundred-percent-fullwidth non-hundred-percent-height-scrolling\" style=\"--awb-border-radius-top-left:0px;--awb-border-radius-top-right:0px;--awb-border-radius-bottom-right:0px;--awb-border-radius-bottom-left:0px;--awb-flex-wrap:wrap;\" ><div class=\"fusion-builder-row fusion-row fusion-flex-align-items-flex-start fusion-flex-content-wrap\" style=\"max-width:calc( 1920px + 0px );margin-left: calc(-0px \/ 2 );margin-right: calc(-0px \/ 2 );\"><div class=\"fusion-layout-column fusion_builder_column fusion-builder-column-0 fusion_builder_column_1_1 1_1 fusion-flex-column\" style=\"--awb-bg-size:cover;--awb-width-large:100%;--awb-margin-top-large:0px;--awb-spacing-right-large:0px;--awb-margin-bottom-large:0px;--awb-spacing-left-large:0px;--awb-width-medium:100%;--awb-spacing-right-medium:0px;--awb-spacing-left-medium:0px;--awb-width-small:100%;--awb-spacing-right-small:0px;--awb-spacing-left-small:0px;\"><div class=\"fusion-column-wrapper fusion-flex-justify-content-flex-start fusion-content-layout-column\"><div class=\"fusion-text fusion-text-1 awb-text-cols fusion-text-columns-2\" style=\"--awb-columns:2;--awb-column-spacing:5em;--awb-column-min-width:250px;\"><p><strong>Odliczamy ju\u017c dni do 19. edycji festiwalu Re:tradycja \u2013 Jarmark Jagiello\u0144ski (22\u201324 sierpnia). Motywem przewodnim b\u0119dzie w tym roku taniec. Nie zabraknie go m.in. podczas koncertu <\/strong><strong>zespo\u0142u PoMore TanzOrkiestra \u2013 polsko-niemieckiego projektu przywracaj\u0105cego do \u017cywej praktyki muzyk\u0119 Pomorza \u2013 tak\u017ce t\u0119 taneczn\u0105.&nbsp;<\/strong><\/p>\n<h2>Opis<\/h2>\n<p>Zesp\u00f3\u0142 powsta\u0142 na Pomorzu Zachodnim jesieni\u0105 2018 roku. Ten unikalny projekt tworz\u0105 arty\u015bci i artystki z Polski i Niemiec, kt\u00f3rzy na co dzie\u0144 zajmuj\u0105 si\u0119 tradycjami muzycznymi swoich rodzinnych kraj\u00f3w i region\u00f3w: graj\u0105 do ta\u0144ca, ucz\u0105, badaj\u0105 i wykonuj\u0105 \u015bpiew tradycyjny i muzyk\u0119 instrumentaln\u0105. Realizuj\u0105 koncerty, pokazy, warsztaty, animuj\u0105 i wsp\u00f3\u0142tworz\u0105 kultur\u0119 lokalnych spo\u0142eczno\u015bci. &nbsp;<\/p>\n<p>Marzeniem grupy jest przywr\u00f3cenie do \u017cywej praktyki muzyki tradycyjnej Pomorza, w szerokim kontek\u015bcie geograficznym, historycznym i kulturowym po obu stronach dawnej i wsp\u00f3\u0142czesnej granicy polsko-niemieckiej.<\/p>\n<p>Trudna historia regionu jest inspiracj\u0105 do wsp\u00f3lnej pracy \u2013 polscy i niemieccy przodkowie os\u00f3b tworz\u0105cych zesp\u00f3\u0142 do\u015bwiadczyli wojny i przesiedle\u0144, a wraz z nimi w\u0119drowa\u0142a muzyka i pami\u0119\u0107, z kt\u00f3rej czerpiemy. &nbsp;<\/p>\n<p>\u2013<em> Przygl\u0105damy si\u0119 przedwojennym \u017ar\u00f3d\u0142om, materia\u0142om archiwalnym, zapisom nutowym z dzisiejszego Pomorza Zachodniego po stronie polskiej i po\u0142o\u017conego po stronie niemieckiej Pomorza Przedniego (Vorpommern). S\u0142uchamy te\u017c melodii i pie\u015bni przywiezionych na Pomorze przez powojennych osadnik\u00f3w z r\u00f3\u017cnych region\u00f3w Polski<\/em> \u2013 m\u00f3wi Ewa Grochowska, jedna z inicjatorek i artystek zespo\u0142u.<\/p>\n<p>Arty\u015bci i artystki korzystaj\u0105 te\u017c z do\u015bwiadcze\u0144 zdobytych podczas nauki u wiejskich mistrz\u00f3w i kontynuator\u00f3w tradycji, szukaj\u0105 wsp\u00f3lnego j\u0119zyka interpretacji oraz wymieniaj\u0105 si\u0119 wiedz\u0105 i do\u015bwiadczeniem. Du\u017c\u0105 rado\u015b\u0107 i satysfakcj\u0119 sprawia im opowiadanie historii poprzez muzyk\u0119.<\/p>\n<p>Zesp\u00f3\u0142 PoMore TanzOrkiestra tworz\u0105:<\/p>\n<p>Ewa Grochowska \u2013 skrzypce, \u015bpiew<\/p>\n<p>Katarzyna Janiszewska \u2013 skrzypce<\/p>\n<p>Krzysztof Janiszewski \u2013 akordeon, baraban<\/p>\n<p>Maciej Marcinkowski \u2013 klarnet, klarnet basowy<\/p>\n<p>Ma\u0142gorzata M\u00fcller \u2013 skrzypce, alt\u00f3wka<\/p>\n<p>Wolfgang Meyering \u2013 mandolina, mandola, \u015bpiew<\/p>\n<p>Ernst Poets \u2013 koncertyna<\/p>\n<p>Vivien Zeller \u2013 skrzypce<\/p>\n<h2><strong>Informacje praktyczne:<\/strong><\/h2>\n<p><strong>Kiedy: <\/strong>23 sierpnia (sobota), godz. 19.30<br \/>\n<strong>Gdzie: <\/strong>Scena G\u0142\u00f3wna, B\u0142onia pod Zamkiem<\/p>\n<p><strong>Wst\u0119p wolny<\/strong><\/p>\n<h2>Co jeszcze w programie?<\/h2>\n<p>To oczywi\u015bcie nie jedyny punkt programu. Jeszcze tego samego wieczoru pota\u0144c\u00f3wk\u0119 rozkr\u0119ci m.in. fi\u0144ski zesp\u00f3\u0142 <a href=\"https:\/\/retradycja.eu\/pl\/artysta\/ralla-fin-2\/\"><strong>R\u00e4ll\u00e4<\/strong><\/a>, kt\u00f3ry &nbsp;wykonuje tradycyjny repertuar taneczny Ostrobotni P\u00f3\u0142nocnej. Dzie\u0144 p\u00f3\u017aniej na Scenie G\u0142\u00f3wnej zagraj\u0105 r\u00f3wnie\u017c zespo\u0142y<a href=\"https:\/\/retradycja.eu\/pl\/koncert-tria-gmm-na-festiwalu-retradycja-jarmark-jagiellonski\/\"><strong> GMM<\/strong> <\/a>\u2013 specjali\u015bci od elektryzuj\u0105cych aran\u017cacji weselnych melodii ludowych, inspirowanych zbiorami Oskara Kolberga oraz<a href=\"https:\/\/retradycja.eu\/pl\/artysta\/el-khat-yem\/\"> El Khat<\/a>, kt\u00f3ry si\u0119ga do tradycyjnej muzyki jeme\u0144skiej, \u0142\u0105cz\u0105c j\u0105 z eksperymentalnym brzmieniem i osobist\u0105 histori\u0105 migracji. Podczas festiwalu zapraszamy te\u017c na spektakl norweskiej kompanii tanecznej<a href=\"https:\/\/retradycja.eu\/pl\/artysta\/kartellet-nor\/\"><strong> Kartellet<\/strong><\/a>, inspirowany dawnymi zwyczajami tanecznymi z archipelagu Lofot\u00f3w \u201e<strong><a href=\"https:\/\/retradycja.eu\/pl\/events\/danse-staur-danse-staur-kartellet\/\">Danse staur, danse staur\u201d<\/a><\/strong>. W programie tradycyjnie nie zabraknie <strong><a href=\"https:\/\/retradycja.eu\/pl\/events\/podworko-retradycji-nd\/\">Podw\u00f3rka Re:tradycji<\/a><\/strong>, targ\u00f3w sztuki ludowej, spotka\u0144 z rzemie\u015blnikami, pokaz\u00f3w filmowych, wystaw i warsztat\u00f3w.<\/p>\n<h2><strong>O festiwalu Re:tradycja \u2013 Jarmark Jagiello\u0144ski<\/strong><\/h2>\n<p>Re:tradycja \u2013 Jarmark Jagiello\u0144ski (22\u201324 sierpnia, Stare Miasto, Lublin) jest jednym z najwi\u0119kszych festiwali kultury ludowej w Polsce, kt\u00f3ry przez trzy sierpniowe dni wype\u0142nia przestrze\u0144 Starego Miasta w Lublinie. To czas niezwyk\u0142ych koncert\u00f3w, inspiruj\u0105cych warsztat\u00f3w, poznawania rzemios\u0142a tradycyjnego i odwiedzania wystaw pobudzaj\u0105cych wyobra\u017ani\u0119. Wydarzenie jest te\u017c okazj\u0105 do spotkania artyst\u00f3w i rzemie\u015blnik\u00f3w z r\u00f3\u017cnych stron \u015bwiata. Jego si\u0142\u0105 jest \u0142\u0105czenie tradycji z nowoczesno\u015bci\u0105. Od lat pokazuje on, \u017ce kultura ludowa wci\u0105\u017c jest \u017cywa i bywa inspiruj\u0105ca dla kolejnych pokole\u0144. W tym roku odb\u0119dzie si\u0119 ju\u017c 19. edycja festiwalu, a jego tematem przewodnim b\u0119dzie taniec tradycyjny.<\/p>\n<p><strong>Re:tradycja \u2013 Jarmark Jagiello\u0144ski<\/strong><\/p>\n<p>22\u201324 sierpnia 2025&nbsp;<br \/>\nLublin, Stare Miasto<br \/>\nWst\u0119p na wydarzenie jest wolny.<br \/>\nretradycja.eu<\/p>\n<p><strong>Organizatorzy:<\/strong> Warsztaty Kultury w Lublinie, Instytucja Kultury Miasta Lublin, Lublin Miasto Inspiracji<\/p>\n<p><strong>Patronat honorowy:<\/strong> Prezydent Miasta Lublin \u2013 Krzysztof \u017buk, Narodowy Instytut Dziedzictwa<\/p>\n<p><strong>Patroni medialni:<\/strong>&nbsp;TVP Kultura, TVP3 Lublin, Polskie Radio Program II, Radiowe Centrum Kultury Ludowej, Radio Lublin, Gazeta Wyborcza, KulturaLudowa.pl, MuzykaTradycyjna.pl, Kultura Enter, ONET<\/p>\n<p><strong>Partnerzy<\/strong>: Fundacja Kultura Enter, O\u015brodek Praktyk Teatralnych Gardzienice, Teatr Stary w Lublinie,&nbsp; Dominikanie Lublin, Muzeum Narodowe w Lublinie, Ivan Honchar Museum, Stowarzyszenie Tw\u00f3rc\u00f3w Ludowych<\/p>\n<p><strong>Sponsor:<\/strong>&nbsp;Inter Broker<\/p>\n<p><strong>Dofinansowano ze \u015brodk\u00f3w Ministra Kultury i Dziedzictwa Narodowego pochodz\u0105cych z funduszu promocji kultury.<\/strong><\/p>\n<p>&nbsp;<\/p>\n<\/div><\/div><\/div><\/div><\/div>\n","protected":false},"excerpt":{"rendered":"","protected":false},"author":5,"featured_media":56977,"comment_status":"closed","ping_status":"open","sticky":false,"template":"","format":"standard","meta":{"_acf_changed":false,"ngg_post_thumbnail":0,"footnotes":""},"categories":[1],"tags":[],"acf":[],"yoast_head":"<!-- This site is optimized with the Yoast SEO plugin v22.2 - https:\/\/yoast.com\/wordpress\/plugins\/seo\/ -->\n<title>PoMore TanzOrkiestra (POL\/DEU) na festiwalu<\/title>\n<meta name=\"description\" content=\"Odliczamy ju\u017c dni do 19. edycji festiwalu Re:tradycja \u2013 Jarmark Jagiello\u0144ski (22\u201324 sierpnia). Motywem przewodnim b\u0119dzie w tym roku taniec. Nie zabraknie go m.in. podczas koncertu zespo\u0142u PoMore TanzOrkiestra\" \/>\n<meta name=\"robots\" content=\"index, follow, max-snippet:-1, max-image-preview:large, max-video-preview:-1\" \/>\n<link rel=\"canonical\" href=\"https:\/\/retradycja.eu\/pl\/pomore-tanzorkiestra-pol-deu-na-festiwalu-retradycja-jarmark-jagiellonski\/\" \/>\n<meta property=\"og:locale\" content=\"pl_PL\" \/>\n<meta property=\"og:type\" content=\"article\" \/>\n<meta property=\"og:title\" content=\"PoMore TanzOrkiestra (POL\/DEU) na festiwalu\" \/>\n<meta property=\"og:description\" content=\"Odliczamy ju\u017c dni do 19. edycji festiwalu Re:tradycja \u2013 Jarmark Jagiello\u0144ski (22\u201324 sierpnia). Motywem przewodnim b\u0119dzie w tym roku taniec. Nie zabraknie go m.in. podczas koncertu zespo\u0142u PoMore TanzOrkiestra\" \/>\n<meta property=\"og:url\" content=\"https:\/\/retradycja.eu\/pl\/pomore-tanzorkiestra-pol-deu-na-festiwalu-retradycja-jarmark-jagiellonski\/\" \/>\n<meta property=\"og:site_name\" content=\"Festiwal Re:tradycja - Jarmark Jagiello\u0144ski\" \/>\n<meta property=\"article:publisher\" content=\"https:\/\/www.facebook.com\/retradycja\" \/>\n<meta property=\"article:published_time\" content=\"2025-07-31T08:30:55+00:00\" \/>\n<meta property=\"article:modified_time\" content=\"2025-08-14T09:46:23+00:00\" \/>\n<meta property=\"og:image\" content=\"https:\/\/retradycja.eu\/wp-content\/uploads\/2025\/07\/pomore_hd.webp\" \/>\n\t<meta property=\"og:image:width\" content=\"1920\" \/>\n\t<meta property=\"og:image:height\" content=\"1080\" \/>\n\t<meta property=\"og:image:type\" content=\"image\/webp\" \/>\n<meta name=\"author\" content=\"Ma\u0142gorzata\" \/>\n<meta name=\"twitter:card\" content=\"summary_large_image\" \/>\n<meta name=\"twitter:label1\" content=\"Napisane przez\" \/>\n\t<meta name=\"twitter:data1\" content=\"Ma\u0142gorzata\" \/>\n\t<meta name=\"twitter:label2\" content=\"Szacowany czas czytania\" \/>\n\t<meta name=\"twitter:data2\" content=\"3 minuty\" \/>\n<script type=\"application\/ld+json\" class=\"yoast-schema-graph\">{\"@context\":\"https:\/\/schema.org\",\"@graph\":[{\"@type\":\"Article\",\"@id\":\"https:\/\/retradycja.eu\/pl\/pomore-tanzorkiestra-pol-deu-na-festiwalu-retradycja-jarmark-jagiellonski\/#article\",\"isPartOf\":{\"@id\":\"https:\/\/retradycja.eu\/pl\/pomore-tanzorkiestra-pol-deu-na-festiwalu-retradycja-jarmark-jagiellonski\/\"},\"author\":{\"name\":\"Ma\u0142gorzata\",\"@id\":\"https:\/\/retradycja.eu\/pl\/#\/schema\/person\/fd205a687bde7f36f7900874fe9c96c0\"},\"headline\":\"PoMore TanzOrkiestra (POL\/DEU) na festiwalu Re:tradycja \u2013 Jarmark Jagiello\u0144ski\",\"datePublished\":\"2025-07-31T08:30:55+00:00\",\"dateModified\":\"2025-08-14T09:46:23+00:00\",\"mainEntityOfPage\":{\"@id\":\"https:\/\/retradycja.eu\/pl\/pomore-tanzorkiestra-pol-deu-na-festiwalu-retradycja-jarmark-jagiellonski\/\"},\"wordCount\":920,\"publisher\":{\"@id\":\"https:\/\/retradycja.eu\/pl\/#organization\"},\"image\":{\"@id\":\"https:\/\/retradycja.eu\/pl\/pomore-tanzorkiestra-pol-deu-na-festiwalu-retradycja-jarmark-jagiellonski\/#primaryimage\"},\"thumbnailUrl\":\"https:\/\/retradycja.eu\/wp-content\/uploads\/2025\/07\/pomore_hd.webp\",\"inLanguage\":\"pl-PL\"},{\"@type\":\"WebPage\",\"@id\":\"https:\/\/retradycja.eu\/pl\/pomore-tanzorkiestra-pol-deu-na-festiwalu-retradycja-jarmark-jagiellonski\/\",\"url\":\"https:\/\/retradycja.eu\/pl\/pomore-tanzorkiestra-pol-deu-na-festiwalu-retradycja-jarmark-jagiellonski\/\",\"name\":\"PoMore TanzOrkiestra (POL\/DEU) na festiwalu\",\"isPartOf\":{\"@id\":\"https:\/\/retradycja.eu\/pl\/#website\"},\"primaryImageOfPage\":{\"@id\":\"https:\/\/retradycja.eu\/pl\/pomore-tanzorkiestra-pol-deu-na-festiwalu-retradycja-jarmark-jagiellonski\/#primaryimage\"},\"image\":{\"@id\":\"https:\/\/retradycja.eu\/pl\/pomore-tanzorkiestra-pol-deu-na-festiwalu-retradycja-jarmark-jagiellonski\/#primaryimage\"},\"thumbnailUrl\":\"https:\/\/retradycja.eu\/wp-content\/uploads\/2025\/07\/pomore_hd.webp\",\"datePublished\":\"2025-07-31T08:30:55+00:00\",\"dateModified\":\"2025-08-14T09:46:23+00:00\",\"description\":\"Odliczamy ju\u017c dni do 19. edycji festiwalu Re:tradycja \u2013 Jarmark Jagiello\u0144ski (22\u201324 sierpnia). Motywem przewodnim b\u0119dzie w tym roku taniec. Nie zabraknie go m.in. podczas koncertu zespo\u0142u PoMore TanzOrkiestra\",\"breadcrumb\":{\"@id\":\"https:\/\/retradycja.eu\/pl\/pomore-tanzorkiestra-pol-deu-na-festiwalu-retradycja-jarmark-jagiellonski\/#breadcrumb\"},\"inLanguage\":\"pl-PL\",\"potentialAction\":[{\"@type\":\"ReadAction\",\"target\":[\"https:\/\/retradycja.eu\/pl\/pomore-tanzorkiestra-pol-deu-na-festiwalu-retradycja-jarmark-jagiellonski\/\"]}]},{\"@type\":\"ImageObject\",\"inLanguage\":\"pl-PL\",\"@id\":\"https:\/\/retradycja.eu\/pl\/pomore-tanzorkiestra-pol-deu-na-festiwalu-retradycja-jarmark-jagiellonski\/#primaryimage\",\"url\":\"https:\/\/retradycja.eu\/wp-content\/uploads\/2025\/07\/pomore_hd.webp\",\"contentUrl\":\"https:\/\/retradycja.eu\/wp-content\/uploads\/2025\/07\/pomore_hd.webp\",\"width\":1920,\"height\":1080,\"caption\":\"Grafika zapowiadaj\u0105ca koncert PomoreTansOrkiestra.\"},{\"@type\":\"BreadcrumbList\",\"@id\":\"https:\/\/retradycja.eu\/pl\/pomore-tanzorkiestra-pol-deu-na-festiwalu-retradycja-jarmark-jagiellonski\/#breadcrumb\",\"itemListElement\":[{\"@type\":\"ListItem\",\"position\":1,\"name\":\"Strona g\u0142\u00f3wna\",\"item\":\"https:\/\/retradycja.eu\/pl\/\"},{\"@type\":\"ListItem\",\"position\":2,\"name\":\"PoMore TanzOrkiestra (POL\/DEU) na festiwalu Re:tradycja \u2013 Jarmark Jagiello\u0144ski\"}]},{\"@type\":\"WebSite\",\"@id\":\"https:\/\/retradycja.eu\/pl\/#website\",\"url\":\"https:\/\/retradycja.eu\/pl\/\",\"name\":\"Festiwal Re:tradycja - Jarmark Jagiello\u0144ski\",\"description\":\" Lublin, Stare Miasto\",\"publisher\":{\"@id\":\"https:\/\/retradycja.eu\/pl\/#organization\"},\"potentialAction\":[{\"@type\":\"SearchAction\",\"target\":{\"@type\":\"EntryPoint\",\"urlTemplate\":\"https:\/\/retradycja.eu\/pl\/?s={search_term_string}\"},\"query-input\":\"required name=search_term_string\"}],\"inLanguage\":\"pl-PL\"},{\"@type\":\"Organization\",\"@id\":\"https:\/\/retradycja.eu\/pl\/#organization\",\"name\":\"Warsztaty Kultury w Lublinie\",\"url\":\"https:\/\/retradycja.eu\/pl\/\",\"logo\":{\"@type\":\"ImageObject\",\"inLanguage\":\"pl-PL\",\"@id\":\"https:\/\/retradycja.eu\/pl\/#\/schema\/logo\/image\/\",\"url\":\"https:\/\/retradycja.eu\/wp-content\/uploads\/2022\/06\/logo_retradycje-01.png\",\"contentUrl\":\"https:\/\/retradycja.eu\/wp-content\/uploads\/2022\/06\/logo_retradycje-01.png\",\"width\":332,\"height\":63,\"caption\":\"Warsztaty Kultury w Lublinie\"},\"image\":{\"@id\":\"https:\/\/retradycja.eu\/pl\/#\/schema\/logo\/image\/\"},\"sameAs\":[\"https:\/\/www.facebook.com\/retradycja\",\"https:\/\/www.instagram.com\/retradycja_jarmarkjagiellonski\/\",\"https:\/\/www.youtube.com\/user\/JarmarkJagiellonski\"]},{\"@type\":\"Person\",\"@id\":\"https:\/\/retradycja.eu\/pl\/#\/schema\/person\/fd205a687bde7f36f7900874fe9c96c0\",\"name\":\"Ma\u0142gorzata\",\"image\":{\"@type\":\"ImageObject\",\"inLanguage\":\"pl-PL\",\"@id\":\"https:\/\/retradycja.eu\/pl\/#\/schema\/person\/image\/\",\"url\":\"https:\/\/secure.gravatar.com\/avatar\/c2f84c05c7c04cc536472b6e15a984f4?s=96&d=mm&r=g\",\"contentUrl\":\"https:\/\/secure.gravatar.com\/avatar\/c2f84c05c7c04cc536472b6e15a984f4?s=96&d=mm&r=g\",\"caption\":\"Ma\u0142gorzata\"}}]}<\/script>\n<!-- \/ Yoast SEO plugin. -->","yoast_head_json":{"title":"PoMore TanzOrkiestra (POL\/DEU) na festiwalu","description":"Odliczamy ju\u017c dni do 19. edycji festiwalu Re:tradycja \u2013 Jarmark Jagiello\u0144ski (22\u201324 sierpnia). Motywem przewodnim b\u0119dzie w tym roku taniec. Nie zabraknie go m.in. podczas koncertu zespo\u0142u PoMore TanzOrkiestra","robots":{"index":"index","follow":"follow","max-snippet":"max-snippet:-1","max-image-preview":"max-image-preview:large","max-video-preview":"max-video-preview:-1"},"canonical":"https:\/\/retradycja.eu\/pl\/pomore-tanzorkiestra-pol-deu-na-festiwalu-retradycja-jarmark-jagiellonski\/","og_locale":"pl_PL","og_type":"article","og_title":"PoMore TanzOrkiestra (POL\/DEU) na festiwalu","og_description":"Odliczamy ju\u017c dni do 19. edycji festiwalu Re:tradycja \u2013 Jarmark Jagiello\u0144ski (22\u201324 sierpnia). Motywem przewodnim b\u0119dzie w tym roku taniec. Nie zabraknie go m.in. podczas koncertu zespo\u0142u PoMore TanzOrkiestra","og_url":"https:\/\/retradycja.eu\/pl\/pomore-tanzorkiestra-pol-deu-na-festiwalu-retradycja-jarmark-jagiellonski\/","og_site_name":"Festiwal Re:tradycja - Jarmark Jagiello\u0144ski","article_publisher":"https:\/\/www.facebook.com\/retradycja","article_published_time":"2025-07-31T08:30:55+00:00","article_modified_time":"2025-08-14T09:46:23+00:00","og_image":[{"width":1920,"height":1080,"url":"https:\/\/retradycja.eu\/wp-content\/uploads\/2025\/07\/pomore_hd.webp","type":"image\/webp"}],"author":"Ma\u0142gorzata","twitter_card":"summary_large_image","twitter_misc":{"Napisane przez":"Ma\u0142gorzata","Szacowany czas czytania":"3 minuty"},"schema":{"@context":"https:\/\/schema.org","@graph":[{"@type":"Article","@id":"https:\/\/retradycja.eu\/pl\/pomore-tanzorkiestra-pol-deu-na-festiwalu-retradycja-jarmark-jagiellonski\/#article","isPartOf":{"@id":"https:\/\/retradycja.eu\/pl\/pomore-tanzorkiestra-pol-deu-na-festiwalu-retradycja-jarmark-jagiellonski\/"},"author":{"name":"Ma\u0142gorzata","@id":"https:\/\/retradycja.eu\/pl\/#\/schema\/person\/fd205a687bde7f36f7900874fe9c96c0"},"headline":"PoMore TanzOrkiestra (POL\/DEU) na festiwalu Re:tradycja \u2013 Jarmark Jagiello\u0144ski","datePublished":"2025-07-31T08:30:55+00:00","dateModified":"2025-08-14T09:46:23+00:00","mainEntityOfPage":{"@id":"https:\/\/retradycja.eu\/pl\/pomore-tanzorkiestra-pol-deu-na-festiwalu-retradycja-jarmark-jagiellonski\/"},"wordCount":920,"publisher":{"@id":"https:\/\/retradycja.eu\/pl\/#organization"},"image":{"@id":"https:\/\/retradycja.eu\/pl\/pomore-tanzorkiestra-pol-deu-na-festiwalu-retradycja-jarmark-jagiellonski\/#primaryimage"},"thumbnailUrl":"https:\/\/retradycja.eu\/wp-content\/uploads\/2025\/07\/pomore_hd.webp","inLanguage":"pl-PL"},{"@type":"WebPage","@id":"https:\/\/retradycja.eu\/pl\/pomore-tanzorkiestra-pol-deu-na-festiwalu-retradycja-jarmark-jagiellonski\/","url":"https:\/\/retradycja.eu\/pl\/pomore-tanzorkiestra-pol-deu-na-festiwalu-retradycja-jarmark-jagiellonski\/","name":"PoMore TanzOrkiestra (POL\/DEU) na festiwalu","isPartOf":{"@id":"https:\/\/retradycja.eu\/pl\/#website"},"primaryImageOfPage":{"@id":"https:\/\/retradycja.eu\/pl\/pomore-tanzorkiestra-pol-deu-na-festiwalu-retradycja-jarmark-jagiellonski\/#primaryimage"},"image":{"@id":"https:\/\/retradycja.eu\/pl\/pomore-tanzorkiestra-pol-deu-na-festiwalu-retradycja-jarmark-jagiellonski\/#primaryimage"},"thumbnailUrl":"https:\/\/retradycja.eu\/wp-content\/uploads\/2025\/07\/pomore_hd.webp","datePublished":"2025-07-31T08:30:55+00:00","dateModified":"2025-08-14T09:46:23+00:00","description":"Odliczamy ju\u017c dni do 19. edycji festiwalu Re:tradycja \u2013 Jarmark Jagiello\u0144ski (22\u201324 sierpnia). Motywem przewodnim b\u0119dzie w tym roku taniec. Nie zabraknie go m.in. podczas koncertu zespo\u0142u PoMore TanzOrkiestra","breadcrumb":{"@id":"https:\/\/retradycja.eu\/pl\/pomore-tanzorkiestra-pol-deu-na-festiwalu-retradycja-jarmark-jagiellonski\/#breadcrumb"},"inLanguage":"pl-PL","potentialAction":[{"@type":"ReadAction","target":["https:\/\/retradycja.eu\/pl\/pomore-tanzorkiestra-pol-deu-na-festiwalu-retradycja-jarmark-jagiellonski\/"]}]},{"@type":"ImageObject","inLanguage":"pl-PL","@id":"https:\/\/retradycja.eu\/pl\/pomore-tanzorkiestra-pol-deu-na-festiwalu-retradycja-jarmark-jagiellonski\/#primaryimage","url":"https:\/\/retradycja.eu\/wp-content\/uploads\/2025\/07\/pomore_hd.webp","contentUrl":"https:\/\/retradycja.eu\/wp-content\/uploads\/2025\/07\/pomore_hd.webp","width":1920,"height":1080,"caption":"Grafika zapowiadaj\u0105ca koncert PomoreTansOrkiestra."},{"@type":"BreadcrumbList","@id":"https:\/\/retradycja.eu\/pl\/pomore-tanzorkiestra-pol-deu-na-festiwalu-retradycja-jarmark-jagiellonski\/#breadcrumb","itemListElement":[{"@type":"ListItem","position":1,"name":"Strona g\u0142\u00f3wna","item":"https:\/\/retradycja.eu\/pl\/"},{"@type":"ListItem","position":2,"name":"PoMore TanzOrkiestra (POL\/DEU) na festiwalu Re:tradycja \u2013 Jarmark Jagiello\u0144ski"}]},{"@type":"WebSite","@id":"https:\/\/retradycja.eu\/pl\/#website","url":"https:\/\/retradycja.eu\/pl\/","name":"Festiwal Re:tradycja - Jarmark Jagiello\u0144ski","description":" Lublin, Stare Miasto","publisher":{"@id":"https:\/\/retradycja.eu\/pl\/#organization"},"potentialAction":[{"@type":"SearchAction","target":{"@type":"EntryPoint","urlTemplate":"https:\/\/retradycja.eu\/pl\/?s={search_term_string}"},"query-input":"required name=search_term_string"}],"inLanguage":"pl-PL"},{"@type":"Organization","@id":"https:\/\/retradycja.eu\/pl\/#organization","name":"Warsztaty Kultury w Lublinie","url":"https:\/\/retradycja.eu\/pl\/","logo":{"@type":"ImageObject","inLanguage":"pl-PL","@id":"https:\/\/retradycja.eu\/pl\/#\/schema\/logo\/image\/","url":"https:\/\/retradycja.eu\/wp-content\/uploads\/2022\/06\/logo_retradycje-01.png","contentUrl":"https:\/\/retradycja.eu\/wp-content\/uploads\/2022\/06\/logo_retradycje-01.png","width":332,"height":63,"caption":"Warsztaty Kultury w Lublinie"},"image":{"@id":"https:\/\/retradycja.eu\/pl\/#\/schema\/logo\/image\/"},"sameAs":["https:\/\/www.facebook.com\/retradycja","https:\/\/www.instagram.com\/retradycja_jarmarkjagiellonski\/","https:\/\/www.youtube.com\/user\/JarmarkJagiellonski"]},{"@type":"Person","@id":"https:\/\/retradycja.eu\/pl\/#\/schema\/person\/fd205a687bde7f36f7900874fe9c96c0","name":"Ma\u0142gorzata","image":{"@type":"ImageObject","inLanguage":"pl-PL","@id":"https:\/\/retradycja.eu\/pl\/#\/schema\/person\/image\/","url":"https:\/\/secure.gravatar.com\/avatar\/c2f84c05c7c04cc536472b6e15a984f4?s=96&d=mm&r=g","contentUrl":"https:\/\/secure.gravatar.com\/avatar\/c2f84c05c7c04cc536472b6e15a984f4?s=96&d=mm&r=g","caption":"Ma\u0142gorzata"}}]}},"_links":{"self":[{"href":"https:\/\/retradycja.eu\/pl\/wp-json\/wp\/v2\/posts\/56976"}],"collection":[{"href":"https:\/\/retradycja.eu\/pl\/wp-json\/wp\/v2\/posts"}],"about":[{"href":"https:\/\/retradycja.eu\/pl\/wp-json\/wp\/v2\/types\/post"}],"author":[{"embeddable":true,"href":"https:\/\/retradycja.eu\/pl\/wp-json\/wp\/v2\/users\/5"}],"replies":[{"embeddable":true,"href":"https:\/\/retradycja.eu\/pl\/wp-json\/wp\/v2\/comments?post=56976"}],"version-history":[{"count":3,"href":"https:\/\/retradycja.eu\/pl\/wp-json\/wp\/v2\/posts\/56976\/revisions"}],"predecessor-version":[{"id":57411,"href":"https:\/\/retradycja.eu\/pl\/wp-json\/wp\/v2\/posts\/56976\/revisions\/57411"}],"wp:featuredmedia":[{"embeddable":true,"href":"https:\/\/retradycja.eu\/pl\/wp-json\/wp\/v2\/media\/56977"}],"wp:attachment":[{"href":"https:\/\/retradycja.eu\/pl\/wp-json\/wp\/v2\/media?parent=56976"}],"wp:term":[{"taxonomy":"category","embeddable":true,"href":"https:\/\/retradycja.eu\/pl\/wp-json\/wp\/v2\/categories?post=56976"},{"taxonomy":"post_tag","embeddable":true,"href":"https:\/\/retradycja.eu\/pl\/wp-json\/wp\/v2\/tags?post=56976"}],"curies":[{"name":"wp","href":"https:\/\/api.w.org\/{rel}","templated":true}]}}