{"id":56627,"date":"2025-06-13T16:09:16","date_gmt":"2025-06-13T14:09:16","guid":{"rendered":"https:\/\/retradycja.eu\/?p=56627"},"modified":"2025-06-13T16:13:08","modified_gmt":"2025-06-13T14:13:08","slug":"taniec-na-19-edycji-festiwalu","status":"publish","type":"post","link":"https:\/\/retradycja.eu\/pl\/taniec-na-19-edycji-festiwalu\/","title":{"rendered":"Taniec na 19. edycji festiwalu"},"content":{"rendered":"<div class=\"fusion-fullwidth fullwidth-box fusion-builder-row-1 fusion-flex-container has-pattern-background has-mask-background nonhundred-percent-fullwidth non-hundred-percent-height-scrolling\" style=\"--awb-border-radius-top-left:0px;--awb-border-radius-top-right:0px;--awb-border-radius-bottom-right:0px;--awb-border-radius-bottom-left:0px;--awb-padding-right:7%;--awb-padding-left:7%;--awb-flex-wrap:wrap;\" ><div class=\"fusion-builder-row fusion-row fusion-flex-align-items-flex-start fusion-flex-content-wrap\" style=\"max-width:calc( 1920px + 0px );margin-left: calc(-0px \/ 2 );margin-right: calc(-0px \/ 2 );\"><div class=\"fusion-layout-column fusion_builder_column fusion-builder-column-0 fusion_builder_column_1_1 1_1 fusion-flex-column\" style=\"--awb-bg-size:cover;--awb-width-large:100%;--awb-margin-top-large:0px;--awb-spacing-right-large:0px;--awb-margin-bottom-large:0px;--awb-spacing-left-large:0px;--awb-width-medium:100%;--awb-spacing-right-medium:0px;--awb-spacing-left-medium:0px;--awb-width-small:100%;--awb-spacing-right-small:0px;--awb-spacing-left-small:0px;\"><div class=\"fusion-column-wrapper fusion-flex-justify-content-flex-start fusion-content-layout-column\"><div class=\"fusion-text fusion-text-1 awb-text-cols fusion-text-columns-2\" style=\"--awb-columns:2;--awb-column-spacing:4em;--awb-column-min-width:300px;\"><p><strong>Re:tradycja \u2013 Jarmark Jagiello\u0144ski (<\/strong><strong>22\u201324 sierpnia) <\/strong><strong>jest jednym z najwi\u0119kszych festiwali kultury ludowej w Polsce, kt\u00f3ry <\/strong><strong>przez trzy sierpniowe dni i noce wype\u0142nia przestrze\u0144 Starego Miasta w Lublinie. To czas niezwyk\u0142ych koncert\u00f3w, inspiruj\u0105cych warsztat\u00f3w, poznawania rzemios\u0142a tradycyjnego i odwiedzania wystaw pobudzaj\u0105cych wyobra\u017ani\u0119. Wydarzenie jest te\u017c okazj\u0105 do spotkania artyst\u00f3w i rzemie\u015blnik\u00f3w z r\u00f3\u017cnych stron \u015bwiata. Jego si\u0142\u0105 jest \u0142\u0105czenie tradycji z nowoczesno\u015bci\u0105. Od lat pokazuje on, \u017ce kultura ludowa wci\u0105\u017c jest \u017cywa i inspiruj\u0105ca dla kolejnych pokole\u0144. W tym roku odb\u0119dzie si\u0119 ju\u017c 19. edycja festiwalu, a jego tematem przewodnim b\u0119dzie taniec tradycyjny. <\/strong><\/p>\n<p>Taniec tradycyjny to element, kt\u00f3ry naturalnie i nierozerwalnie zwi\u0105zany jest z festiwalem \u2013 zar\u00f3wno ze wzgl\u0119du na coroczne nocne pota\u0144c\u00f3wki, jak i koncerty oparte o repertuar taneczny, warsztaty czy dzieci\u0119ce zaj\u0119cia odbywaj\u0105ce si\u0119 na Podw\u00f3rku Re:tradycji. Tym razem chcieliby\u015bmy jednak skupi\u0107 si\u0119 na nim w spos\u00f3b szczeg\u00f3lny i pokaza\u0107 go z r\u00f3\u017cnych perspektyw. Dlatego w\u0142a\u015bnie w tym roku g\u0142\u00f3wny pi\u0105tkowy koncert przybierze posta\u0107 tanecznego spektaklu.<\/p>\n<p>Na B\u0142oniach pod Zamkiem wyst\u0105pi norweska kompania Kartellet z pokazem \u201eDanse staur, danse staur\u201d, inspirowanym dawnymi zwyczajami tanecznymi z archipelagu Lofot\u00f3w.<\/p>\n<h2><strong>O grupie Kartellet i spektaklu \u201eDanse staur, danse staur\u201d<br \/>\n<\/strong><\/h2>\n<p>Kartellet to grupa opieraj\u0105ca swoje wyst\u0119py o nawi\u0105zania do tradycji, ale szukaj\u0105ca w tej inspiracji w\u0142asnych \u015bcie\u017cek i \u015brodk\u00f3w wyrazu. Przez kilkana\u015bcie lat pracy grupa przyczyni\u0142a si\u0119 do wprowadzenia do norweskiego ta\u0144ca wsp\u00f3\u0142czesnego element\u00f3w ta\u0144ca tradycyjnego. Jej wyst\u0119py s\u0105 nietypowe, cz\u0119sto z du\u017c\u0105 dawk\u0105 improwizacji, a tak\u017ce interaktywno\u015bci i kontaktu z widowni\u0105.<\/p>\n<p>Arty\u015bci i artystki tworz\u0105 w\u0142asny j\u0119zyk ruchu, oparty na fizycznej wsp\u00f3\u0142pracy, indywidualno\u015bci i osobistym stylu ka\u017cdego i ka\u017cdej z nich. Zamiast rozbudowanej scenografii czy dialog\u00f3w, tw\u00f3rcy stawiaj\u0105 na minimalistyczn\u0105 muzyk\u0119 gran\u0105 na \u017cywo i oszcz\u0119dne stroje.<\/p>\n<p>Tylko pozornie nie znajdujemy tu element\u00f3w, kt\u00f3re mog\u0142yby na d\u0142u\u017cej skupia\u0107 nasz\u0105 uwag\u0119. Widok tancerzy powoduje, \u017ce nie tylko \u015bledzimy ich ruchy, ale tak\u017ce histori\u0119, kt\u00f3ra si\u0119 za nimi kryje. Narracja dope\u0142nia si\u0119 ju\u017c w g\u0142owach widz\u00f3w \u2013 poprzez ich emocje, wspomnienia i indywidualne interpretacje.<\/p>\n<p>Spektakl <strong>\u201eDanse staur, danse staur\u201d<\/strong> (z j. ang. <em>Dance stag, dance stag<\/em>) odwo\u0142uje si\u0119 do dawnego zwyczaju tanecznego z p\u00f3\u0142nocnej Norwegii. M\u0119\u017cczy\u017ani, kt\u00f3rzy sezonowo gromadzili si\u0119 na Lofotach przy po\u0142owach ryb, tworzyli nowe, tymczasowe wsp\u00f3lnoty. Nie tylko wsp\u00f3lnie pracowali, ale tak\u017ce odpoczywali, bawili si\u0119 i ta\u0144czyli. Ich taniec ni\u00f3s\u0142 ze sob\u0105 si\u0142\u0119, rywalizacj\u0119, ale i wzajemny szacunek. A okre\u015blenie \u201edanse staur\u201d odnosi\u0142o si\u0119 w\u0142a\u015bnie do ta\u0144ca dw\u00f3ch os\u00f3b tej samej p\u0142ci.<\/p>\n<p>Spektakl, kt\u00f3ry zobaczymy w Lublinie, jest pierwszym w historii kompanii Kartellet widowiskiem, w kt\u00f3rym poza tancerzami wyst\u0105pi\u0142y r\u00f3wnie\u017c tancerki. Z jednej strony mamy wi\u0119c nawi\u0105zanie do konkretnego tradycyjnego zwyczaju tanecznego, z drugiej zerwanie z dotychczasowym za\u0142o\u017ceniem grupy, kt\u00f3r\u0105 do momentu opracowania tego spektaklu tworzyli wy\u0142\u0105cznie m\u0119\u017cczy\u017ani.<\/p>\n<p>Po\u0142\u0105czenie tych warstw prowokuje widz\u00f3w do refleksji i zastanowienia si\u0119, co jest ju\u017c zmys\u0142owe i przekraczaj\u0105ce granice intymno\u015bci, a co jest tylko ta\u0144cem. Pozwala tak\u017ce spojrze\u0107 na ruch taneczny i oczekiwania dotycz\u0105ce zachowa\u0144 mi\u0119dzy p\u0142ciami z innej perspektywy &#8211; czasami bowiem nawet najmniejszy gest potrafi ca\u0142kowicie odmieni\u0107 znaczenie tego, co widzimy.<\/p>\n<p>W ramach festiwalu kompania poprowadzi tak\u017ce warsztaty oparte o zwyczaje taneczne i ruchowe charakterystyczne dla p\u00f3\u0142nocy Norwegii.<\/p>\n<h2><strong>Informacje praktyczne<\/strong><\/h2>\n<p><strong>Kiedy: <\/strong>22 sierpnia (pi\u0105tek), godz. 19.30<\/p>\n<p><strong>Gdzie: <\/strong>Scena G\u0142\u00f3wna, B\u0142onia pod Zamkiem<\/p>\n<p>Wst\u0119p wolny<\/p>\n<h2><strong>Co jeszcze w ramach tanecznego motywu przewodniego<br \/>\n<\/strong><\/h2>\n<p>W programie pojawi\u0105 si\u0119 tak\u017ce zaj\u0119cia skupione na ta\u0144cach fi\u0144skich, kt\u00f3re poprowadzi grupa <strong>R\u00e4ll\u00e4<\/strong> kontynuuj\u0105ca tradycje okolic miejscowo\u015bci Oulu, le\u017c\u0105cej w Ostrobotni P\u00f3\u0142nocnej.<\/p>\n<p>Na scenie taniec pojawi si\u0119 nie tylko za spraw\u0105 dw\u00f3ch wieczornych pota\u0144c\u00f3wek, ale tak\u017ce sobotniego koncertu zespo\u0142u<strong> PoMore TanzOrkiestra<\/strong>, czyli polsko-niemieckiego projektu przywracaj\u0105cego do \u017cywej praktyki muzyk\u0119 Pomorza \u2013 tak\u017ce t\u0119 taneczn\u0105.<\/p>\n<p>Temat przewodni odnajdziemy r\u00f3wnie\u017c w wystawie \u201e<strong>Taniec uchwycony\u201d<\/strong> prezentuj\u0105cej w\u0119gierskie materia\u0142y zdj\u0119ciowe i filmowe pochodz\u0105ce z Archiwum Muzyki Ludowej i Ta\u0144ca Ludowego \u2013 Instytutu Muzykologii, Centrum Bada\u0144 Humanistycznych HUN-REN w Budapeszcie.<\/p>\n<p>W ramach festiwalowego kina obejrzymy natomiast film <strong>\u201eFly Bird, Fly<\/strong>\u201d, w kt\u00f3rym jego autor \u2013 Simon Broughton, przedstawia histori\u0119 w\u0119gierskich Dom\u00f3w Ta\u0144ca i ich wp\u0142ywu na dzia\u0142ania podejmowane w innych krajach.<\/p>\n<p>Na parkiecie tanecznym zlokalizowanym na B\u0142oniach pod Zamkiem b\u0119dziemy bawi\u0107 si\u0119 m.in. do <strong>gry Orkiestry D\u0119tej Zaburze, kapeli Biskupianie, kapeli Ozimkowicza, grupy R\u00e4ll\u00e4, studia folkloru \u017bemerwa, W\u0119drownej Orkiestry Gimpl\u00f3w czy Diabubu.<\/strong><\/p>\n<p>Ta\u0144cowi tradycyjnemu po\u015bwi\u0119cona b\u0119dzie tak\u017ce <strong>Letnia Szko\u0142a Tradycji<\/strong> organizowana przez Fundacj\u0119 Kultura Enter we wsp\u00f3\u0142pracy z Warsztatami Kultury w Lublinie. W jej ramach odb\u0119d\u0105 si\u0119 tematyczne warsztaty, spotkania i wystawy.<\/p>\n<p>Wkr\u00f3tce wi\u0119cej informacji o tegorocznym programie festiwalu. Nie zabraknie w nim te\u017c m.in. Podw\u00f3rka Re:tradycji, targ\u00f3w sztuki ludowej, spotka\u0144 z rzemie\u015blnikami, warsztat\u00f3w i pokaz\u00f3w filmowych.<\/p>\n<h2>Informacje praktyczne:<\/h2>\n<p><strong>Re:tradycja \u2013 Jarmark Jagiello\u0144ski&nbsp;&nbsp;&nbsp;&nbsp;&nbsp;&nbsp;&nbsp;&nbsp;&nbsp;<br \/>\n22-24 sierpnia 2025 &nbsp;<br \/>\n<\/strong><strong>Lublin, Stare Miasto<br \/>\n<\/strong><strong>Wst\u0119p na wydarzenie jest wolny.<\/strong><\/p>\n<p><strong>Organizatorzy:<\/strong> Warsztaty Kultury w Lublinie, Instytucja Kultury Miasta Lublin, Lublin Miasto Inspiracji<br \/>\n<strong>Patronat honorowy:<\/strong> Prezydent Miasta Lublin \u2013 Krzysztof \u017buk, Dofinansowano ze \u015brodk\u00f3w Ministra Kultury i Dziedzictwa Narodowego.<\/p>\n<\/div><\/div><\/div><\/div><\/div>\n","protected":false},"excerpt":{"rendered":"","protected":false},"author":5,"featured_media":56628,"comment_status":"closed","ping_status":"open","sticky":false,"template":"","format":"standard","meta":{"_acf_changed":false,"ngg_post_thumbnail":0,"footnotes":""},"categories":[1],"tags":[],"acf":[],"yoast_head":"<!-- This site is optimized with the Yoast SEO plugin v22.2 - https:\/\/yoast.com\/wordpress\/plugins\/seo\/ -->\n<title>Taniec na 19. edycji festiwalu Re:tradycja<\/title>\n<meta name=\"description\" content=\"W tym roku odb\u0119dzie si\u0119 ju\u017c 19. edycja festiwalu, a jego tematem przewodnim b\u0119dzie taniec tradycyjny.\" \/>\n<meta name=\"robots\" content=\"index, follow, max-snippet:-1, max-image-preview:large, max-video-preview:-1\" \/>\n<link rel=\"canonical\" href=\"https:\/\/retradycja.eu\/pl\/taniec-na-19-edycji-festiwalu\/\" \/>\n<meta property=\"og:locale\" content=\"pl_PL\" \/>\n<meta property=\"og:type\" content=\"article\" \/>\n<meta property=\"og:title\" content=\"Taniec na 19. edycji festiwalu Re:tradycja\" \/>\n<meta property=\"og:description\" content=\"W tym roku odb\u0119dzie si\u0119 ju\u017c 19. edycja festiwalu, a jego tematem przewodnim b\u0119dzie taniec tradycyjny.\" \/>\n<meta property=\"og:url\" content=\"https:\/\/retradycja.eu\/pl\/taniec-na-19-edycji-festiwalu\/\" \/>\n<meta property=\"og:site_name\" content=\"Festiwal Re:tradycja - Jarmark Jagiello\u0144ski\" \/>\n<meta property=\"article:publisher\" content=\"https:\/\/www.facebook.com\/retradycja\" \/>\n<meta property=\"article:published_time\" content=\"2025-06-13T14:09:16+00:00\" \/>\n<meta property=\"article:modified_time\" content=\"2025-06-13T14:13:08+00:00\" \/>\n<meta property=\"og:image\" content=\"https:\/\/retradycja.eu\/wp-content\/uploads\/2025\/06\/Kartellet_hd.webp\" \/>\n\t<meta property=\"og:image:width\" content=\"1920\" \/>\n\t<meta property=\"og:image:height\" content=\"1080\" \/>\n\t<meta property=\"og:image:type\" content=\"image\/webp\" \/>\n<meta name=\"author\" content=\"Ma\u0142gorzata\" \/>\n<meta name=\"twitter:card\" content=\"summary_large_image\" \/>\n<meta name=\"twitter:label1\" content=\"Napisane przez\" \/>\n\t<meta name=\"twitter:data1\" content=\"Ma\u0142gorzata\" \/>\n\t<meta name=\"twitter:label2\" content=\"Szacowany czas czytania\" \/>\n\t<meta name=\"twitter:data2\" content=\"4 minuty\" \/>\n<script type=\"application\/ld+json\" class=\"yoast-schema-graph\">{\"@context\":\"https:\/\/schema.org\",\"@graph\":[{\"@type\":\"Article\",\"@id\":\"https:\/\/retradycja.eu\/pl\/taniec-na-19-edycji-festiwalu\/#article\",\"isPartOf\":{\"@id\":\"https:\/\/retradycja.eu\/pl\/taniec-na-19-edycji-festiwalu\/\"},\"author\":{\"name\":\"Ma\u0142gorzata\",\"@id\":\"https:\/\/retradycja.eu\/pl\/#\/schema\/person\/fd205a687bde7f36f7900874fe9c96c0\"},\"headline\":\"Taniec na 19. edycji festiwalu\",\"datePublished\":\"2025-06-13T14:09:16+00:00\",\"dateModified\":\"2025-06-13T14:13:08+00:00\",\"mainEntityOfPage\":{\"@id\":\"https:\/\/retradycja.eu\/pl\/taniec-na-19-edycji-festiwalu\/\"},\"wordCount\":1615,\"publisher\":{\"@id\":\"https:\/\/retradycja.eu\/pl\/#organization\"},\"image\":{\"@id\":\"https:\/\/retradycja.eu\/pl\/taniec-na-19-edycji-festiwalu\/#primaryimage\"},\"thumbnailUrl\":\"https:\/\/retradycja.eu\/wp-content\/uploads\/2025\/06\/Kartellet_hd.webp\",\"inLanguage\":\"pl-PL\"},{\"@type\":\"WebPage\",\"@id\":\"https:\/\/retradycja.eu\/pl\/taniec-na-19-edycji-festiwalu\/\",\"url\":\"https:\/\/retradycja.eu\/pl\/taniec-na-19-edycji-festiwalu\/\",\"name\":\"Taniec na 19. edycji festiwalu Re:tradycja\",\"isPartOf\":{\"@id\":\"https:\/\/retradycja.eu\/pl\/#website\"},\"primaryImageOfPage\":{\"@id\":\"https:\/\/retradycja.eu\/pl\/taniec-na-19-edycji-festiwalu\/#primaryimage\"},\"image\":{\"@id\":\"https:\/\/retradycja.eu\/pl\/taniec-na-19-edycji-festiwalu\/#primaryimage\"},\"thumbnailUrl\":\"https:\/\/retradycja.eu\/wp-content\/uploads\/2025\/06\/Kartellet_hd.webp\",\"datePublished\":\"2025-06-13T14:09:16+00:00\",\"dateModified\":\"2025-06-13T14:13:08+00:00\",\"description\":\"W tym roku odb\u0119dzie si\u0119 ju\u017c 19. edycja festiwalu, a jego tematem przewodnim b\u0119dzie taniec tradycyjny.\",\"breadcrumb\":{\"@id\":\"https:\/\/retradycja.eu\/pl\/taniec-na-19-edycji-festiwalu\/#breadcrumb\"},\"inLanguage\":\"pl-PL\",\"potentialAction\":[{\"@type\":\"ReadAction\",\"target\":[\"https:\/\/retradycja.eu\/pl\/taniec-na-19-edycji-festiwalu\/\"]}]},{\"@type\":\"ImageObject\",\"inLanguage\":\"pl-PL\",\"@id\":\"https:\/\/retradycja.eu\/pl\/taniec-na-19-edycji-festiwalu\/#primaryimage\",\"url\":\"https:\/\/retradycja.eu\/wp-content\/uploads\/2025\/06\/Kartellet_hd.webp\",\"contentUrl\":\"https:\/\/retradycja.eu\/wp-content\/uploads\/2025\/06\/Kartellet_hd.webp\",\"width\":1920,\"height\":1080,\"caption\":\"Kobieta i m\u0119\u017cczyzna stoj\u0105 w lesie. Kobieta ma r\u0119k\u0119 wyci\u0105gni\u0119t\u0105 w stron\u0119 obiektywu. Napis: Kartellet.\"},{\"@type\":\"BreadcrumbList\",\"@id\":\"https:\/\/retradycja.eu\/pl\/taniec-na-19-edycji-festiwalu\/#breadcrumb\",\"itemListElement\":[{\"@type\":\"ListItem\",\"position\":1,\"name\":\"Strona g\u0142\u00f3wna\",\"item\":\"https:\/\/retradycja.eu\/pl\/\"},{\"@type\":\"ListItem\",\"position\":2,\"name\":\"Taniec na 19. edycji festiwalu\"}]},{\"@type\":\"WebSite\",\"@id\":\"https:\/\/retradycja.eu\/pl\/#website\",\"url\":\"https:\/\/retradycja.eu\/pl\/\",\"name\":\"Festiwal Re:tradycja - Jarmark Jagiello\u0144ski\",\"description\":\" Lublin, Stare Miasto\",\"publisher\":{\"@id\":\"https:\/\/retradycja.eu\/pl\/#organization\"},\"potentialAction\":[{\"@type\":\"SearchAction\",\"target\":{\"@type\":\"EntryPoint\",\"urlTemplate\":\"https:\/\/retradycja.eu\/pl\/?s={search_term_string}\"},\"query-input\":\"required name=search_term_string\"}],\"inLanguage\":\"pl-PL\"},{\"@type\":\"Organization\",\"@id\":\"https:\/\/retradycja.eu\/pl\/#organization\",\"name\":\"Warsztaty Kultury w Lublinie\",\"url\":\"https:\/\/retradycja.eu\/pl\/\",\"logo\":{\"@type\":\"ImageObject\",\"inLanguage\":\"pl-PL\",\"@id\":\"https:\/\/retradycja.eu\/pl\/#\/schema\/logo\/image\/\",\"url\":\"https:\/\/retradycja.eu\/wp-content\/uploads\/2022\/06\/logo_retradycje-01.png\",\"contentUrl\":\"https:\/\/retradycja.eu\/wp-content\/uploads\/2022\/06\/logo_retradycje-01.png\",\"width\":332,\"height\":63,\"caption\":\"Warsztaty Kultury w Lublinie\"},\"image\":{\"@id\":\"https:\/\/retradycja.eu\/pl\/#\/schema\/logo\/image\/\"},\"sameAs\":[\"https:\/\/www.facebook.com\/retradycja\",\"https:\/\/www.instagram.com\/retradycja_jarmarkjagiellonski\/\",\"https:\/\/www.youtube.com\/user\/JarmarkJagiellonski\"]},{\"@type\":\"Person\",\"@id\":\"https:\/\/retradycja.eu\/pl\/#\/schema\/person\/fd205a687bde7f36f7900874fe9c96c0\",\"name\":\"Ma\u0142gorzata\",\"image\":{\"@type\":\"ImageObject\",\"inLanguage\":\"pl-PL\",\"@id\":\"https:\/\/retradycja.eu\/pl\/#\/schema\/person\/image\/\",\"url\":\"https:\/\/secure.gravatar.com\/avatar\/c2f84c05c7c04cc536472b6e15a984f4?s=96&d=mm&r=g\",\"contentUrl\":\"https:\/\/secure.gravatar.com\/avatar\/c2f84c05c7c04cc536472b6e15a984f4?s=96&d=mm&r=g\",\"caption\":\"Ma\u0142gorzata\"}}]}<\/script>\n<!-- \/ Yoast SEO plugin. -->","yoast_head_json":{"title":"Taniec na 19. edycji festiwalu Re:tradycja","description":"W tym roku odb\u0119dzie si\u0119 ju\u017c 19. edycja festiwalu, a jego tematem przewodnim b\u0119dzie taniec tradycyjny.","robots":{"index":"index","follow":"follow","max-snippet":"max-snippet:-1","max-image-preview":"max-image-preview:large","max-video-preview":"max-video-preview:-1"},"canonical":"https:\/\/retradycja.eu\/pl\/taniec-na-19-edycji-festiwalu\/","og_locale":"pl_PL","og_type":"article","og_title":"Taniec na 19. edycji festiwalu Re:tradycja","og_description":"W tym roku odb\u0119dzie si\u0119 ju\u017c 19. edycja festiwalu, a jego tematem przewodnim b\u0119dzie taniec tradycyjny.","og_url":"https:\/\/retradycja.eu\/pl\/taniec-na-19-edycji-festiwalu\/","og_site_name":"Festiwal Re:tradycja - Jarmark Jagiello\u0144ski","article_publisher":"https:\/\/www.facebook.com\/retradycja","article_published_time":"2025-06-13T14:09:16+00:00","article_modified_time":"2025-06-13T14:13:08+00:00","og_image":[{"width":1920,"height":1080,"url":"https:\/\/retradycja.eu\/wp-content\/uploads\/2025\/06\/Kartellet_hd.webp","type":"image\/webp"}],"author":"Ma\u0142gorzata","twitter_card":"summary_large_image","twitter_misc":{"Napisane przez":"Ma\u0142gorzata","Szacowany czas czytania":"4 minuty"},"schema":{"@context":"https:\/\/schema.org","@graph":[{"@type":"Article","@id":"https:\/\/retradycja.eu\/pl\/taniec-na-19-edycji-festiwalu\/#article","isPartOf":{"@id":"https:\/\/retradycja.eu\/pl\/taniec-na-19-edycji-festiwalu\/"},"author":{"name":"Ma\u0142gorzata","@id":"https:\/\/retradycja.eu\/pl\/#\/schema\/person\/fd205a687bde7f36f7900874fe9c96c0"},"headline":"Taniec na 19. edycji festiwalu","datePublished":"2025-06-13T14:09:16+00:00","dateModified":"2025-06-13T14:13:08+00:00","mainEntityOfPage":{"@id":"https:\/\/retradycja.eu\/pl\/taniec-na-19-edycji-festiwalu\/"},"wordCount":1615,"publisher":{"@id":"https:\/\/retradycja.eu\/pl\/#organization"},"image":{"@id":"https:\/\/retradycja.eu\/pl\/taniec-na-19-edycji-festiwalu\/#primaryimage"},"thumbnailUrl":"https:\/\/retradycja.eu\/wp-content\/uploads\/2025\/06\/Kartellet_hd.webp","inLanguage":"pl-PL"},{"@type":"WebPage","@id":"https:\/\/retradycja.eu\/pl\/taniec-na-19-edycji-festiwalu\/","url":"https:\/\/retradycja.eu\/pl\/taniec-na-19-edycji-festiwalu\/","name":"Taniec na 19. edycji festiwalu Re:tradycja","isPartOf":{"@id":"https:\/\/retradycja.eu\/pl\/#website"},"primaryImageOfPage":{"@id":"https:\/\/retradycja.eu\/pl\/taniec-na-19-edycji-festiwalu\/#primaryimage"},"image":{"@id":"https:\/\/retradycja.eu\/pl\/taniec-na-19-edycji-festiwalu\/#primaryimage"},"thumbnailUrl":"https:\/\/retradycja.eu\/wp-content\/uploads\/2025\/06\/Kartellet_hd.webp","datePublished":"2025-06-13T14:09:16+00:00","dateModified":"2025-06-13T14:13:08+00:00","description":"W tym roku odb\u0119dzie si\u0119 ju\u017c 19. edycja festiwalu, a jego tematem przewodnim b\u0119dzie taniec tradycyjny.","breadcrumb":{"@id":"https:\/\/retradycja.eu\/pl\/taniec-na-19-edycji-festiwalu\/#breadcrumb"},"inLanguage":"pl-PL","potentialAction":[{"@type":"ReadAction","target":["https:\/\/retradycja.eu\/pl\/taniec-na-19-edycji-festiwalu\/"]}]},{"@type":"ImageObject","inLanguage":"pl-PL","@id":"https:\/\/retradycja.eu\/pl\/taniec-na-19-edycji-festiwalu\/#primaryimage","url":"https:\/\/retradycja.eu\/wp-content\/uploads\/2025\/06\/Kartellet_hd.webp","contentUrl":"https:\/\/retradycja.eu\/wp-content\/uploads\/2025\/06\/Kartellet_hd.webp","width":1920,"height":1080,"caption":"Kobieta i m\u0119\u017cczyzna stoj\u0105 w lesie. Kobieta ma r\u0119k\u0119 wyci\u0105gni\u0119t\u0105 w stron\u0119 obiektywu. Napis: Kartellet."},{"@type":"BreadcrumbList","@id":"https:\/\/retradycja.eu\/pl\/taniec-na-19-edycji-festiwalu\/#breadcrumb","itemListElement":[{"@type":"ListItem","position":1,"name":"Strona g\u0142\u00f3wna","item":"https:\/\/retradycja.eu\/pl\/"},{"@type":"ListItem","position":2,"name":"Taniec na 19. edycji festiwalu"}]},{"@type":"WebSite","@id":"https:\/\/retradycja.eu\/pl\/#website","url":"https:\/\/retradycja.eu\/pl\/","name":"Festiwal Re:tradycja - Jarmark Jagiello\u0144ski","description":" Lublin, Stare Miasto","publisher":{"@id":"https:\/\/retradycja.eu\/pl\/#organization"},"potentialAction":[{"@type":"SearchAction","target":{"@type":"EntryPoint","urlTemplate":"https:\/\/retradycja.eu\/pl\/?s={search_term_string}"},"query-input":"required name=search_term_string"}],"inLanguage":"pl-PL"},{"@type":"Organization","@id":"https:\/\/retradycja.eu\/pl\/#organization","name":"Warsztaty Kultury w Lublinie","url":"https:\/\/retradycja.eu\/pl\/","logo":{"@type":"ImageObject","inLanguage":"pl-PL","@id":"https:\/\/retradycja.eu\/pl\/#\/schema\/logo\/image\/","url":"https:\/\/retradycja.eu\/wp-content\/uploads\/2022\/06\/logo_retradycje-01.png","contentUrl":"https:\/\/retradycja.eu\/wp-content\/uploads\/2022\/06\/logo_retradycje-01.png","width":332,"height":63,"caption":"Warsztaty Kultury w Lublinie"},"image":{"@id":"https:\/\/retradycja.eu\/pl\/#\/schema\/logo\/image\/"},"sameAs":["https:\/\/www.facebook.com\/retradycja","https:\/\/www.instagram.com\/retradycja_jarmarkjagiellonski\/","https:\/\/www.youtube.com\/user\/JarmarkJagiellonski"]},{"@type":"Person","@id":"https:\/\/retradycja.eu\/pl\/#\/schema\/person\/fd205a687bde7f36f7900874fe9c96c0","name":"Ma\u0142gorzata","image":{"@type":"ImageObject","inLanguage":"pl-PL","@id":"https:\/\/retradycja.eu\/pl\/#\/schema\/person\/image\/","url":"https:\/\/secure.gravatar.com\/avatar\/c2f84c05c7c04cc536472b6e15a984f4?s=96&d=mm&r=g","contentUrl":"https:\/\/secure.gravatar.com\/avatar\/c2f84c05c7c04cc536472b6e15a984f4?s=96&d=mm&r=g","caption":"Ma\u0142gorzata"}}]}},"_links":{"self":[{"href":"https:\/\/retradycja.eu\/pl\/wp-json\/wp\/v2\/posts\/56627"}],"collection":[{"href":"https:\/\/retradycja.eu\/pl\/wp-json\/wp\/v2\/posts"}],"about":[{"href":"https:\/\/retradycja.eu\/pl\/wp-json\/wp\/v2\/types\/post"}],"author":[{"embeddable":true,"href":"https:\/\/retradycja.eu\/pl\/wp-json\/wp\/v2\/users\/5"}],"replies":[{"embeddable":true,"href":"https:\/\/retradycja.eu\/pl\/wp-json\/wp\/v2\/comments?post=56627"}],"version-history":[{"count":9,"href":"https:\/\/retradycja.eu\/pl\/wp-json\/wp\/v2\/posts\/56627\/revisions"}],"predecessor-version":[{"id":56642,"href":"https:\/\/retradycja.eu\/pl\/wp-json\/wp\/v2\/posts\/56627\/revisions\/56642"}],"wp:featuredmedia":[{"embeddable":true,"href":"https:\/\/retradycja.eu\/pl\/wp-json\/wp\/v2\/media\/56628"}],"wp:attachment":[{"href":"https:\/\/retradycja.eu\/pl\/wp-json\/wp\/v2\/media?parent=56627"}],"wp:term":[{"taxonomy":"category","embeddable":true,"href":"https:\/\/retradycja.eu\/pl\/wp-json\/wp\/v2\/categories?post=56627"},{"taxonomy":"post_tag","embeddable":true,"href":"https:\/\/retradycja.eu\/pl\/wp-json\/wp\/v2\/tags?post=56627"}],"curies":[{"name":"wp","href":"https:\/\/api.w.org\/{rel}","templated":true}]}}