{"id":56511,"date":"2025-05-23T16:45:35","date_gmt":"2025-05-23T14:45:35","guid":{"rendered":"https:\/\/retradycja.eu\/?p=56511"},"modified":"2025-07-01T12:13:30","modified_gmt":"2025-07-01T10:13:30","slug":"wianowka-spotkanie-z-mariola-tymochowicz","status":"publish","type":"post","link":"https:\/\/retradycja.eu\/pl\/wianowka-spotkanie-z-mariola-tymochowicz\/","title":{"rendered":"Wian\u00f3wka | spotkanie z Mariol\u0105 Tymochowicz"},"content":{"rendered":"<div class=\"fusion-fullwidth fullwidth-box fusion-builder-row-1 fusion-flex-container nonhundred-percent-fullwidth non-hundred-percent-height-scrolling\" style=\"--awb-border-radius-top-left:0px;--awb-border-radius-top-right:0px;--awb-border-radius-bottom-right:0px;--awb-border-radius-bottom-left:0px;--awb-flex-wrap:wrap;\" ><div class=\"fusion-builder-row fusion-row fusion-flex-align-items-flex-start fusion-flex-content-wrap\" style=\"max-width:calc( 1920px + 0px );margin-left: calc(-0px \/ 2 );margin-right: calc(-0px \/ 2 );\"><div class=\"fusion-layout-column fusion_builder_column fusion-builder-column-0 fusion_builder_column_1_1 1_1 fusion-flex-column\" style=\"--awb-bg-size:cover;--awb-width-large:100%;--awb-margin-top-large:0px;--awb-spacing-right-large:0px;--awb-margin-bottom-large:0px;--awb-spacing-left-large:0px;--awb-width-medium:100%;--awb-spacing-right-medium:0px;--awb-spacing-left-medium:0px;--awb-width-small:100%;--awb-spacing-right-small:0px;--awb-spacing-left-small:0px;\"><div class=\"fusion-column-wrapper fusion-flex-justify-content-flex-start fusion-content-layout-column\"><div class=\"fusion-text fusion-text-1\"><p><strong>Wian\u00f3wka to inaczej malowana skrzynia wianna, dawniej \u2013 jak pisa\u0142 Roman Reinfuss, znawca polskiej sztuki ludowej \u2013 \u201eprzedmiot gor\u0105cych pragnie\u0144 ka\u017cdej dorastaj\u0105cej dziewczyny\u201d. By\u0142a ona niezb\u0119dn\u0105 cz\u0119\u015bci\u0105 sk\u0142adow\u0105 ka\u017cdej wyprawy \u015blubnej. O dawnym zwyczaju wiana i jego roli w kulturze tradycyjnej opowie etnolo\u017cka i kulturoznawczyni Mariola Tymochowicz.<\/strong><\/p>\n<p>Spotkanie b\u0119dzie te\u017c okazj\u0105, by dowiedzie\u0107 si\u0119, jak zdobiono skrzynie w zale\u017cno\u015bci od regionu oraz co do nich wk\u0142adano, \u017ceby dobrze uposa\u017cy\u0107 pann\u0119 m\u0142od\u0105 do nowej roli.<\/p>\n<p>B\u0119dzie to pierwsze z cyklu wydarze\u0144 edukacyjnych w ramach projektu \u201eWian\u00f3wka\u201d, kt\u00f3rym chcemy przypomnie\u0107, czym by\u0142o wiano w wymiarze zar\u00f3wno materialnym jak i niematerialnym oraz spopularyzowa\u0107 ten zwyczaj w kontek\u015bcie nowych czas\u00f3w i nowych zwyczaj\u00f3w.<\/p>\n<h2 data-fontsize=\"26\" style=\"--fontSize:26; line-height: 1.2;\" data-lineheight=\"31.2px\" class=\"fusion-responsive-typography-calculated\"><strong>O prowadz\u0105cej<\/strong><\/h2>\n<p><strong>Mariola Tymochowicz<\/strong> to etnolo\u017cka i kulturoznawczyni. Doktor habilitowany nauk humanistycznych. Profesor uczelni w Instytucie Kulturoznawstwa Uniwersytetu Marii Curie-Sk\u0142odowskiej w Lublinie. Zajmuje si\u0119 badaniem kultury tradycyjnej i wsp\u00f3\u0142czesnej wsi, g\u0142\u00f3wnie na obszarze wojew\u00f3dztwa lubelskiego (str\u00f3j ludowy, tradycyjne po\u017cywienie ludno\u015bci ch\u0142opskiej, obrz\u0119dowo\u015b\u0107 rodzinna). Autorka oraz wsp\u00f3\u0142autorka wielu publikacji, monografii oraz artyku\u0142\u00f3w.<\/p>\n<\/p>\n<p>Organizator: Fundacja Kultura Enter.<br \/>\nPartner wydarzenia: Warsztaty Kultury w Lublinie<br \/>\nDofinansowano ze \u015brodk\u00f3w Ministra Kultury i Dziedzictwa Narodowego pochodz\u0105cych z Funduszu Promocji Kultury<\/p>\n<h2 data-fontsize=\"26\" style=\"--fontSize:26; line-height: 1.2;\" data-lineheight=\"31.2px\" class=\"fusion-responsive-typography-calculated\"><strong>Informacje praktyczne<\/strong><\/h2>\n<p><strong>Kiedy:<\/strong> 5 czerwca 2025 (czwartek), godz. 18.00\u201319.30<\/p>\n<p><strong>Gdzie:<\/strong> Warsztaty Kultury w Lublinie, ul. Grodzka 5a, sala widowiskowa \u2013 II pi\u0119tro<\/p>\n<p><strong>Wst\u0119p wolny<\/strong><\/p>\n<p><strong> <\/strong><\/p>\n<h2 data-fontsize=\"26\" style=\"--fontSize:26; line-height: 1.2;\" data-lineheight=\"31.2px\" class=\"fusion-responsive-typography-calculated\"><strong>Dost\u0119pno\u015b\u0107<\/strong><\/h2>\n<p><img decoding=\"async\" class=\"lazyload alignnone size-full wp-image-30713\" src=\"data:image\/svg+xml,%3Csvg%20xmlns%3D%27http%3A%2F%2Fwww.w3.org%2F2000%2Fsvg%27%20width%3D%2746%27%20height%3D%2732%27%20viewBox%3D%270%200%2046%2032%27%3E%3Crect%20width%3D%2746%27%20height%3D%2732%27%20fill-opacity%3D%220%22%2F%3E%3C%2Fsvg%3E\" data-orig-src=\"https:\/\/warsztatykultury.pl\/wp-content\/uploads\/2025\/01\/ikonki_suchawki_32.webp\" alt=\"Ikonka ze s\u0142uchawkami i sercem na \u015brodku.\" width=\"46\" height=\"32\">s\u0142uchawki wyciszaj\u0105ce<\/p>\n<p>Zapytaj o udogodnienia: <a href=\"https:\/\/forms.gle\/h9h1Pymro8BPd3hi9\">https:\/\/forms.gle\/h9h1Pymro8BPd3hi9<\/a><\/p>\n<p>Poczytaj o dost\u0119pno\u015bci Warsztat\u00f3w Kultury i skontaktuj si\u0119 z nami: <a href=\"https:\/\/warsztatykultury.pl\/pl\/dostepnosc\/\">https:\/\/warsztatykultury.pl\/pl\/dostepnosc\/<\/a><\/p>\n<\/p>\n<h2 data-fontsize=\"26\" style=\"--fontSize:26; line-height: 1.2;\" data-lineheight=\"31.2px\" class=\"fusion-responsive-typography-calculated\">Sprawd\u017a jak doj\u015b\u0107 do sali i bariery architektoniczne<\/h2>\n<\/p>\n<div class=\"fusion-video fusion-youtube\" style=\"--awb-max-width:600px;--awb-max-height:360px;\"><div class=\"video-shortcode\"><priv-fac-lite-youtube class=\"fusion-hidden\" data-privacy-type=\"youtube\" videoid=\"Vwch6q1EnSI\" class=\"landscape\" params=\"wmode=transparent&autoplay=1&enablejsapi=1\" title=\"YouTube video player 1\" width=\"600\" height=\"360\"><\/priv-fac-lite-youtube><div class=\"fusion-privacy-placeholder\" style=\"width:600px; height:360px;\" data-privacy-type=\"youtube\"><div class=\"fusion-privacy-placeholder-content\"><div class=\"fusion-privacy-label\">For privacy reasons YouTube needs your permission to be loaded.<\/div><a href=\"\" data-privacy-type=\"youtube\" class=\"fusion-button button-default fusion-button-default-size button fusion-privacy-consent\">Wyra\u017cam zgod\u0119<\/a><\/div><\/div><\/div><\/div>\n<\/div><\/div><\/div><\/div><\/div>\n","protected":false},"excerpt":{"rendered":"","protected":false},"author":5,"featured_media":56512,"comment_status":"closed","ping_status":"open","sticky":false,"template":"","format":"standard","meta":{"_acf_changed":false,"ngg_post_thumbnail":0,"footnotes":""},"categories":[1],"tags":[],"acf":[],"yoast_head":"<!-- This site is optimized with the Yoast SEO plugin v22.2 - https:\/\/yoast.com\/wordpress\/plugins\/seo\/ -->\n<title>Wian\u00f3wka | spotkanie z Mariol\u0105 Tymochowicz<\/title>\n<meta name=\"description\" content=\"Spotkanie b\u0119dzie okazj\u0105, by dowiedzie\u0107 si\u0119, jak zdobiono skrzynie w zale\u017cno\u015bci od regionu oraz co do nich wk\u0142adano.\" \/>\n<meta name=\"robots\" content=\"index, follow, max-snippet:-1, max-image-preview:large, max-video-preview:-1\" \/>\n<link rel=\"canonical\" href=\"https:\/\/retradycja.eu\/pl\/wianowka-spotkanie-z-mariola-tymochowicz\/\" \/>\n<meta property=\"og:locale\" content=\"pl_PL\" \/>\n<meta property=\"og:type\" content=\"article\" \/>\n<meta property=\"og:title\" content=\"Wian\u00f3wka | spotkanie z Mariol\u0105 Tymochowicz\" \/>\n<meta property=\"og:description\" content=\"Spotkanie b\u0119dzie okazj\u0105, by dowiedzie\u0107 si\u0119, jak zdobiono skrzynie w zale\u017cno\u015bci od regionu oraz co do nich wk\u0142adano.\" \/>\n<meta property=\"og:url\" content=\"https:\/\/retradycja.eu\/pl\/wianowka-spotkanie-z-mariola-tymochowicz\/\" \/>\n<meta property=\"og:site_name\" content=\"Festiwal Re:tradycja - Jarmark Jagiello\u0144ski\" \/>\n<meta property=\"article:publisher\" content=\"https:\/\/www.facebook.com\/retradycja\" \/>\n<meta property=\"article:published_time\" content=\"2025-05-23T14:45:35+00:00\" \/>\n<meta property=\"article:modified_time\" content=\"2025-07-01T10:13:30+00:00\" \/>\n<meta property=\"og:image\" content=\"https:\/\/retradycja.eu\/wp-content\/uploads\/2025\/05\/wianowka_final_5czerwca_prawie_hd.webp\" \/>\n\t<meta property=\"og:image:width\" content=\"1920\" \/>\n\t<meta property=\"og:image:height\" content=\"1005\" \/>\n\t<meta property=\"og:image:type\" content=\"image\/webp\" \/>\n<meta name=\"author\" content=\"Ma\u0142gorzata\" \/>\n<meta name=\"twitter:card\" content=\"summary_large_image\" \/>\n<meta name=\"twitter:label1\" content=\"Napisane przez\" \/>\n\t<meta name=\"twitter:data1\" content=\"Ma\u0142gorzata\" \/>\n\t<meta name=\"twitter:label2\" content=\"Szacowany czas czytania\" \/>\n\t<meta name=\"twitter:data2\" content=\"2 minuty\" \/>\n<script type=\"application\/ld+json\" class=\"yoast-schema-graph\">{\"@context\":\"https:\/\/schema.org\",\"@graph\":[{\"@type\":\"Article\",\"@id\":\"https:\/\/retradycja.eu\/pl\/wianowka-spotkanie-z-mariola-tymochowicz\/#article\",\"isPartOf\":{\"@id\":\"https:\/\/retradycja.eu\/pl\/wianowka-spotkanie-z-mariola-tymochowicz\/\"},\"author\":{\"name\":\"Ma\u0142gorzata\",\"@id\":\"https:\/\/retradycja.eu\/pl\/#\/schema\/person\/fd205a687bde7f36f7900874fe9c96c0\"},\"headline\":\"Wian\u00f3wka | spotkanie z Mariol\u0105 Tymochowicz\",\"datePublished\":\"2025-05-23T14:45:35+00:00\",\"dateModified\":\"2025-07-01T10:13:30+00:00\",\"mainEntityOfPage\":{\"@id\":\"https:\/\/retradycja.eu\/pl\/wianowka-spotkanie-z-mariola-tymochowicz\/\"},\"wordCount\":472,\"publisher\":{\"@id\":\"https:\/\/retradycja.eu\/pl\/#organization\"},\"image\":{\"@id\":\"https:\/\/retradycja.eu\/pl\/wianowka-spotkanie-z-mariola-tymochowicz\/#primaryimage\"},\"thumbnailUrl\":\"https:\/\/retradycja.eu\/wp-content\/uploads\/2025\/05\/wianowka_final_5czerwca_prawie_hd.webp\",\"inLanguage\":\"pl-PL\"},{\"@type\":\"WebPage\",\"@id\":\"https:\/\/retradycja.eu\/pl\/wianowka-spotkanie-z-mariola-tymochowicz\/\",\"url\":\"https:\/\/retradycja.eu\/pl\/wianowka-spotkanie-z-mariola-tymochowicz\/\",\"name\":\"Wian\u00f3wka | spotkanie z Mariol\u0105 Tymochowicz\",\"isPartOf\":{\"@id\":\"https:\/\/retradycja.eu\/pl\/#website\"},\"primaryImageOfPage\":{\"@id\":\"https:\/\/retradycja.eu\/pl\/wianowka-spotkanie-z-mariola-tymochowicz\/#primaryimage\"},\"image\":{\"@id\":\"https:\/\/retradycja.eu\/pl\/wianowka-spotkanie-z-mariola-tymochowicz\/#primaryimage\"},\"thumbnailUrl\":\"https:\/\/retradycja.eu\/wp-content\/uploads\/2025\/05\/wianowka_final_5czerwca_prawie_hd.webp\",\"datePublished\":\"2025-05-23T14:45:35+00:00\",\"dateModified\":\"2025-07-01T10:13:30+00:00\",\"description\":\"Spotkanie b\u0119dzie okazj\u0105, by dowiedzie\u0107 si\u0119, jak zdobiono skrzynie w zale\u017cno\u015bci od regionu oraz co do nich wk\u0142adano.\",\"breadcrumb\":{\"@id\":\"https:\/\/retradycja.eu\/pl\/wianowka-spotkanie-z-mariola-tymochowicz\/#breadcrumb\"},\"inLanguage\":\"pl-PL\",\"potentialAction\":[{\"@type\":\"ReadAction\",\"target\":[\"https:\/\/retradycja.eu\/pl\/wianowka-spotkanie-z-mariola-tymochowicz\/\"]}]},{\"@type\":\"ImageObject\",\"inLanguage\":\"pl-PL\",\"@id\":\"https:\/\/retradycja.eu\/pl\/wianowka-spotkanie-z-mariola-tymochowicz\/#primaryimage\",\"url\":\"https:\/\/retradycja.eu\/wp-content\/uploads\/2025\/05\/wianowka_final_5czerwca_prawie_hd.webp\",\"contentUrl\":\"https:\/\/retradycja.eu\/wp-content\/uploads\/2025\/05\/wianowka_final_5czerwca_prawie_hd.webp\",\"width\":1920,\"height\":1005,\"caption\":\"Grafika z malowanymi kwiatami i napis \\\"Wian\u00f3wka\\\".\"},{\"@type\":\"BreadcrumbList\",\"@id\":\"https:\/\/retradycja.eu\/pl\/wianowka-spotkanie-z-mariola-tymochowicz\/#breadcrumb\",\"itemListElement\":[{\"@type\":\"ListItem\",\"position\":1,\"name\":\"Strona g\u0142\u00f3wna\",\"item\":\"https:\/\/retradycja.eu\/pl\/\"},{\"@type\":\"ListItem\",\"position\":2,\"name\":\"Wian\u00f3wka | spotkanie z Mariol\u0105 Tymochowicz\"}]},{\"@type\":\"WebSite\",\"@id\":\"https:\/\/retradycja.eu\/pl\/#website\",\"url\":\"https:\/\/retradycja.eu\/pl\/\",\"name\":\"Festiwal Re:tradycja - Jarmark Jagiello\u0144ski\",\"description\":\" Lublin, Stare Miasto\",\"publisher\":{\"@id\":\"https:\/\/retradycja.eu\/pl\/#organization\"},\"potentialAction\":[{\"@type\":\"SearchAction\",\"target\":{\"@type\":\"EntryPoint\",\"urlTemplate\":\"https:\/\/retradycja.eu\/pl\/?s={search_term_string}\"},\"query-input\":\"required name=search_term_string\"}],\"inLanguage\":\"pl-PL\"},{\"@type\":\"Organization\",\"@id\":\"https:\/\/retradycja.eu\/pl\/#organization\",\"name\":\"Warsztaty Kultury w Lublinie\",\"url\":\"https:\/\/retradycja.eu\/pl\/\",\"logo\":{\"@type\":\"ImageObject\",\"inLanguage\":\"pl-PL\",\"@id\":\"https:\/\/retradycja.eu\/pl\/#\/schema\/logo\/image\/\",\"url\":\"https:\/\/retradycja.eu\/wp-content\/uploads\/2022\/06\/logo_retradycje-01.png\",\"contentUrl\":\"https:\/\/retradycja.eu\/wp-content\/uploads\/2022\/06\/logo_retradycje-01.png\",\"width\":332,\"height\":63,\"caption\":\"Warsztaty Kultury w Lublinie\"},\"image\":{\"@id\":\"https:\/\/retradycja.eu\/pl\/#\/schema\/logo\/image\/\"},\"sameAs\":[\"https:\/\/www.facebook.com\/retradycja\",\"https:\/\/www.instagram.com\/retradycja_jarmarkjagiellonski\/\",\"https:\/\/www.youtube.com\/user\/JarmarkJagiellonski\"]},{\"@type\":\"Person\",\"@id\":\"https:\/\/retradycja.eu\/pl\/#\/schema\/person\/fd205a687bde7f36f7900874fe9c96c0\",\"name\":\"Ma\u0142gorzata\",\"image\":{\"@type\":\"ImageObject\",\"inLanguage\":\"pl-PL\",\"@id\":\"https:\/\/retradycja.eu\/pl\/#\/schema\/person\/image\/\",\"url\":\"https:\/\/secure.gravatar.com\/avatar\/c2f84c05c7c04cc536472b6e15a984f4?s=96&d=mm&r=g\",\"contentUrl\":\"https:\/\/secure.gravatar.com\/avatar\/c2f84c05c7c04cc536472b6e15a984f4?s=96&d=mm&r=g\",\"caption\":\"Ma\u0142gorzata\"}}]}<\/script>\n<!-- \/ Yoast SEO plugin. -->","yoast_head_json":{"title":"Wian\u00f3wka | spotkanie z Mariol\u0105 Tymochowicz","description":"Spotkanie b\u0119dzie okazj\u0105, by dowiedzie\u0107 si\u0119, jak zdobiono skrzynie w zale\u017cno\u015bci od regionu oraz co do nich wk\u0142adano.","robots":{"index":"index","follow":"follow","max-snippet":"max-snippet:-1","max-image-preview":"max-image-preview:large","max-video-preview":"max-video-preview:-1"},"canonical":"https:\/\/retradycja.eu\/pl\/wianowka-spotkanie-z-mariola-tymochowicz\/","og_locale":"pl_PL","og_type":"article","og_title":"Wian\u00f3wka | spotkanie z Mariol\u0105 Tymochowicz","og_description":"Spotkanie b\u0119dzie okazj\u0105, by dowiedzie\u0107 si\u0119, jak zdobiono skrzynie w zale\u017cno\u015bci od regionu oraz co do nich wk\u0142adano.","og_url":"https:\/\/retradycja.eu\/pl\/wianowka-spotkanie-z-mariola-tymochowicz\/","og_site_name":"Festiwal Re:tradycja - Jarmark Jagiello\u0144ski","article_publisher":"https:\/\/www.facebook.com\/retradycja","article_published_time":"2025-05-23T14:45:35+00:00","article_modified_time":"2025-07-01T10:13:30+00:00","og_image":[{"width":1920,"height":1005,"url":"https:\/\/retradycja.eu\/wp-content\/uploads\/2025\/05\/wianowka_final_5czerwca_prawie_hd.webp","type":"image\/webp"}],"author":"Ma\u0142gorzata","twitter_card":"summary_large_image","twitter_misc":{"Napisane przez":"Ma\u0142gorzata","Szacowany czas czytania":"2 minuty"},"schema":{"@context":"https:\/\/schema.org","@graph":[{"@type":"Article","@id":"https:\/\/retradycja.eu\/pl\/wianowka-spotkanie-z-mariola-tymochowicz\/#article","isPartOf":{"@id":"https:\/\/retradycja.eu\/pl\/wianowka-spotkanie-z-mariola-tymochowicz\/"},"author":{"name":"Ma\u0142gorzata","@id":"https:\/\/retradycja.eu\/pl\/#\/schema\/person\/fd205a687bde7f36f7900874fe9c96c0"},"headline":"Wian\u00f3wka | spotkanie z Mariol\u0105 Tymochowicz","datePublished":"2025-05-23T14:45:35+00:00","dateModified":"2025-07-01T10:13:30+00:00","mainEntityOfPage":{"@id":"https:\/\/retradycja.eu\/pl\/wianowka-spotkanie-z-mariola-tymochowicz\/"},"wordCount":472,"publisher":{"@id":"https:\/\/retradycja.eu\/pl\/#organization"},"image":{"@id":"https:\/\/retradycja.eu\/pl\/wianowka-spotkanie-z-mariola-tymochowicz\/#primaryimage"},"thumbnailUrl":"https:\/\/retradycja.eu\/wp-content\/uploads\/2025\/05\/wianowka_final_5czerwca_prawie_hd.webp","inLanguage":"pl-PL"},{"@type":"WebPage","@id":"https:\/\/retradycja.eu\/pl\/wianowka-spotkanie-z-mariola-tymochowicz\/","url":"https:\/\/retradycja.eu\/pl\/wianowka-spotkanie-z-mariola-tymochowicz\/","name":"Wian\u00f3wka | spotkanie z Mariol\u0105 Tymochowicz","isPartOf":{"@id":"https:\/\/retradycja.eu\/pl\/#website"},"primaryImageOfPage":{"@id":"https:\/\/retradycja.eu\/pl\/wianowka-spotkanie-z-mariola-tymochowicz\/#primaryimage"},"image":{"@id":"https:\/\/retradycja.eu\/pl\/wianowka-spotkanie-z-mariola-tymochowicz\/#primaryimage"},"thumbnailUrl":"https:\/\/retradycja.eu\/wp-content\/uploads\/2025\/05\/wianowka_final_5czerwca_prawie_hd.webp","datePublished":"2025-05-23T14:45:35+00:00","dateModified":"2025-07-01T10:13:30+00:00","description":"Spotkanie b\u0119dzie okazj\u0105, by dowiedzie\u0107 si\u0119, jak zdobiono skrzynie w zale\u017cno\u015bci od regionu oraz co do nich wk\u0142adano.","breadcrumb":{"@id":"https:\/\/retradycja.eu\/pl\/wianowka-spotkanie-z-mariola-tymochowicz\/#breadcrumb"},"inLanguage":"pl-PL","potentialAction":[{"@type":"ReadAction","target":["https:\/\/retradycja.eu\/pl\/wianowka-spotkanie-z-mariola-tymochowicz\/"]}]},{"@type":"ImageObject","inLanguage":"pl-PL","@id":"https:\/\/retradycja.eu\/pl\/wianowka-spotkanie-z-mariola-tymochowicz\/#primaryimage","url":"https:\/\/retradycja.eu\/wp-content\/uploads\/2025\/05\/wianowka_final_5czerwca_prawie_hd.webp","contentUrl":"https:\/\/retradycja.eu\/wp-content\/uploads\/2025\/05\/wianowka_final_5czerwca_prawie_hd.webp","width":1920,"height":1005,"caption":"Grafika z malowanymi kwiatami i napis \"Wian\u00f3wka\"."},{"@type":"BreadcrumbList","@id":"https:\/\/retradycja.eu\/pl\/wianowka-spotkanie-z-mariola-tymochowicz\/#breadcrumb","itemListElement":[{"@type":"ListItem","position":1,"name":"Strona g\u0142\u00f3wna","item":"https:\/\/retradycja.eu\/pl\/"},{"@type":"ListItem","position":2,"name":"Wian\u00f3wka | spotkanie z Mariol\u0105 Tymochowicz"}]},{"@type":"WebSite","@id":"https:\/\/retradycja.eu\/pl\/#website","url":"https:\/\/retradycja.eu\/pl\/","name":"Festiwal Re:tradycja - Jarmark Jagiello\u0144ski","description":" Lublin, Stare Miasto","publisher":{"@id":"https:\/\/retradycja.eu\/pl\/#organization"},"potentialAction":[{"@type":"SearchAction","target":{"@type":"EntryPoint","urlTemplate":"https:\/\/retradycja.eu\/pl\/?s={search_term_string}"},"query-input":"required name=search_term_string"}],"inLanguage":"pl-PL"},{"@type":"Organization","@id":"https:\/\/retradycja.eu\/pl\/#organization","name":"Warsztaty Kultury w Lublinie","url":"https:\/\/retradycja.eu\/pl\/","logo":{"@type":"ImageObject","inLanguage":"pl-PL","@id":"https:\/\/retradycja.eu\/pl\/#\/schema\/logo\/image\/","url":"https:\/\/retradycja.eu\/wp-content\/uploads\/2022\/06\/logo_retradycje-01.png","contentUrl":"https:\/\/retradycja.eu\/wp-content\/uploads\/2022\/06\/logo_retradycje-01.png","width":332,"height":63,"caption":"Warsztaty Kultury w Lublinie"},"image":{"@id":"https:\/\/retradycja.eu\/pl\/#\/schema\/logo\/image\/"},"sameAs":["https:\/\/www.facebook.com\/retradycja","https:\/\/www.instagram.com\/retradycja_jarmarkjagiellonski\/","https:\/\/www.youtube.com\/user\/JarmarkJagiellonski"]},{"@type":"Person","@id":"https:\/\/retradycja.eu\/pl\/#\/schema\/person\/fd205a687bde7f36f7900874fe9c96c0","name":"Ma\u0142gorzata","image":{"@type":"ImageObject","inLanguage":"pl-PL","@id":"https:\/\/retradycja.eu\/pl\/#\/schema\/person\/image\/","url":"https:\/\/secure.gravatar.com\/avatar\/c2f84c05c7c04cc536472b6e15a984f4?s=96&d=mm&r=g","contentUrl":"https:\/\/secure.gravatar.com\/avatar\/c2f84c05c7c04cc536472b6e15a984f4?s=96&d=mm&r=g","caption":"Ma\u0142gorzata"}}]}},"_links":{"self":[{"href":"https:\/\/retradycja.eu\/pl\/wp-json\/wp\/v2\/posts\/56511"}],"collection":[{"href":"https:\/\/retradycja.eu\/pl\/wp-json\/wp\/v2\/posts"}],"about":[{"href":"https:\/\/retradycja.eu\/pl\/wp-json\/wp\/v2\/types\/post"}],"author":[{"embeddable":true,"href":"https:\/\/retradycja.eu\/pl\/wp-json\/wp\/v2\/users\/5"}],"replies":[{"embeddable":true,"href":"https:\/\/retradycja.eu\/pl\/wp-json\/wp\/v2\/comments?post=56511"}],"version-history":[{"count":3,"href":"https:\/\/retradycja.eu\/pl\/wp-json\/wp\/v2\/posts\/56511\/revisions"}],"predecessor-version":[{"id":56670,"href":"https:\/\/retradycja.eu\/pl\/wp-json\/wp\/v2\/posts\/56511\/revisions\/56670"}],"wp:featuredmedia":[{"embeddable":true,"href":"https:\/\/retradycja.eu\/pl\/wp-json\/wp\/v2\/media\/56512"}],"wp:attachment":[{"href":"https:\/\/retradycja.eu\/pl\/wp-json\/wp\/v2\/media?parent=56511"}],"wp:term":[{"taxonomy":"category","embeddable":true,"href":"https:\/\/retradycja.eu\/pl\/wp-json\/wp\/v2\/categories?post=56511"},{"taxonomy":"post_tag","embeddable":true,"href":"https:\/\/retradycja.eu\/pl\/wp-json\/wp\/v2\/tags?post=56511"}],"curies":[{"name":"wp","href":"https:\/\/api.w.org\/{rel}","templated":true}]}}