{"id":56498,"date":"2025-05-22T17:00:25","date_gmt":"2025-05-22T15:00:25","guid":{"rendered":"https:\/\/retradycja.eu\/?p=56498"},"modified":"2025-05-22T17:00:25","modified_gmt":"2025-05-22T15:00:25","slug":"warsztaty-spiewu-tradycyjnego-z-genowefa-lenarcik","status":"publish","type":"post","link":"https:\/\/retradycja.eu\/pl\/warsztaty-spiewu-tradycyjnego-z-genowefa-lenarcik\/","title":{"rendered":"Warsztaty \u015bpiewu tradycyjnego z Genowef\u0105 Lenarcik"},"content":{"rendered":"<div class=\"fusion-fullwidth fullwidth-box fusion-builder-row-1 fusion-flex-container nonhundred-percent-fullwidth non-hundred-percent-height-scrolling\" style=\"--awb-border-radius-top-left:0px;--awb-border-radius-top-right:0px;--awb-border-radius-bottom-right:0px;--awb-border-radius-bottom-left:0px;--awb-flex-wrap:wrap;\" ><div class=\"fusion-builder-row fusion-row fusion-flex-align-items-flex-start fusion-flex-content-wrap\" style=\"max-width:calc( 1920px + 0px );margin-left: calc(-0px \/ 2 );margin-right: calc(-0px \/ 2 );\"><div class=\"fusion-layout-column fusion_builder_column fusion-builder-column-0 fusion_builder_column_1_1 1_1 fusion-flex-column\" style=\"--awb-bg-size:cover;--awb-width-large:100%;--awb-margin-top-large:0px;--awb-spacing-right-large:0px;--awb-margin-bottom-large:0px;--awb-spacing-left-large:0px;--awb-width-medium:100%;--awb-spacing-right-medium:0px;--awb-spacing-left-medium:0px;--awb-width-small:100%;--awb-spacing-right-small:0px;--awb-spacing-left-small:0px;\"><div class=\"fusion-column-wrapper fusion-flex-justify-content-flex-start fusion-content-layout-column\"><div ><a class=\"fusion-button button-flat button-medium button-custom fusion-button-default button-1 fusion-button-span-yes fusion-button-default-type\" style=\"--button_accent_color:#ffffff;--button_accent_hover_color:#ffffff;--button_border_hover_color:#ffffff;--button_gradient_top_color:#000000;--button_gradient_bottom_color:#000000;--button_gradient_top_color_hover:#000000;--button_gradient_bottom_color_hover:#000000;--button_margin-top:2%;--button_margin-bottom:2%;\" target=\"_blank\" rel=\"noopener noreferrer\" href=\"https:\/\/forms.gle\/es76ebtyycroD5QH7\"><span class=\"fusion-button-text\">ZAPISZ SI\u0118<\/span><\/a><\/div><div class=\"fusion-text fusion-text-1 awb-text-cols fusion-text-columns-2\" style=\"--awb-columns:2;--awb-column-spacing:2em;--awb-column-min-width:100px;\"><p><strong>&nbsp;Zapraszamy na wyj\u0105tkowe warsztaty \u015bpiewu z Genowef\u0105 Lenarcik, podczas kt\u00f3rych poznamy tradycyjne kurpiowskie pie\u015bni o mi\u0142o\u015bci, pracy, \u017cyciu codziennym i otaczaj\u0105cej nas przyrodzie.&nbsp; To doskona\u0142a okazja, by nie tylko zg\u0142\u0119bi\u0107 techniczne aspekty \u015bpiewu, lecz r\u00f3wnie\u017c do\u015bwiadczy\u0107 go jako formy wsp\u00f3lnotowego prze\u017cycia \u2013 praktyki, kt\u00f3ra od pokole\u0144 towarzyszy\u0142a codzienno\u015bci Kurpi\u00f3w.<\/strong><\/p>\n<h2>Opis<\/h2>\n<p>W ramach spotkania poznamy styl \u015bpiewu puszcza\u0144skiego. Poznamy elementy \u015bpiewu charakterystycznego dla kurpiowskich \u015bpiewak\u00f3w \u2013 u\u017cywanie rezonatora piersiowego, szeptany przedtakt, u\u017cycie glissand, gwarowo\u015b\u0107 w \u015bpiewie. Zetkniemy si\u0119 te\u017c z niepowtarzalnym i indywidualnym stylem pani Lenarcik, jego bogat\u0105 melizmatyk\u0105, apokop\u0105, improwizacj\u0105 muzyczn\u0105, ornamentyk\u0105 oraz specyficzne zako\u0144czenie fraz muzycznych, okre\u015blanym przez \u015bpiewaczk\u0119 jako \u201ekulasiki\u201d.<\/p>\n<p>Artystka ma wyj\u0105tkow\u0105 barw\u0119 g\u0142osu \u2013 ciemn\u0105 o bogatym brzmieniu. Jest do\u015bwiadczon\u0105 nauczycielk\u0105 i przewodniczk\u0105 po kurpiowskim \u015bpiewie &#8211; przeprowadzi\u0142a wiele spotka\u0144 \u015bpiewaczych i warsztat\u00f3w w r\u00f3\u017cnych miastach Polski. T\u0142umaczy i wyja\u015bnia kontekst wykonywanych pie\u015bni, znaczenie niedzisiejszych wyra\u017ce\u0144.<\/p>\n<p>Uczestnicy warsztat\u00f3w b\u0119d\u0105 mieli okazj\u0119 nie tylko pozna\u0107 techniczne aspekty \u015bpiewu, lecz r\u00f3wnie\u017c do\u015bwiadczy\u0107 \u015bpiewania jako formy wsp\u00f3lnotowego prze\u017cycia \u2013 praktyki, kt\u00f3ra od pokole\u0144 towarzyszy\u0142a codzienno\u015bci Kurpi\u00f3w.<\/p>\n<p>Warsztaty s\u0105 otwarte dla wszystkich \u2013 zar\u00f3wno dla os\u00f3b pocz\u0105tkuj\u0105cych, jak i tych, kt\u00f3rzy maj\u0105 ju\u017c do\u015bwiadczenie w \u015bpiewie tradycyjnym. Nie jest wymagana znajomo\u015b\u0107 nut ani wcze\u015bniejsze przygotowanie \u2013 wystarczy ch\u0119\u0107 do \u015bpiewania i otwarto\u015b\u0107 na nowe do\u015bwiadczenia.<\/p>\n<p>Zapraszamy serdecznie do wsp\u00f3lnego zanurzenia si\u0119 w d\u017awi\u0119ki puszczy, gdzie g\u0142os staje si\u0119 opowie\u015bci\u0105 o \u017cyciu, uczuciach i naturze przekazywan\u0105 z pokolenia na pokolenie.<\/p>\n<p>Po spotkaniu \u015bpiewaczym zapraszamy na kr\u00f3tki koncert Genowefy Lenarcik, by\u0107 mo\u017ce ze wsp\u00f3lnym wykonaniem pie\u015bni z uczniami.&nbsp;<\/p>\n<h2><strong>O Genowefie Lenarcik<\/strong><\/h2>\n<p>Genowefa Lenarcik to wybitna \u015bpiewaczka kurpiowska, urodzona w Krobi ko\u0142o Kadzid\u0142a.&nbsp;Jest c\u00f3rk\u0105 legendarnego \u015bpiewaka ludowego Stanis\u0142awa Brzozowego, znanego z pot\u0119\u017cnego g\u0142osu i unikalnego stylu \u015bpiewu, kt\u00f3ry inspirowa\u0142 si\u0119 przyrod\u0105 i tradycj\u0105 Puszczy Zielonej.&nbsp;<\/p>\n<p>Cho\u0107 dzieci\u0144stwo sp\u0119dzi\u0142a cz\u0119\u015bciowo w Mr\u0105gowie, a doros\u0142e \u017cycie zwi\u0105za\u0142a z Lubelszczyzn\u0105, Genowefa Lenarcik pozosta\u0142a wierna kurpiowskiej tradycji muzycznej.&nbsp;Jej \u015bpiew charakteryzuje si\u0119 autentyczno\u015bci\u0105, g\u0142\u0119bokim emocjonalnym przekazem oraz zachowaniem oryginalnych cech gwary i melodii kurpiowskich.&nbsp;<\/p>\n<p>Artystka wsp\u00f3\u0142pracowa\u0142a z wieloma muzykami, w tym z gitarzyst\u0105 Raphaelem Rogi\u0144skim, z kt\u00f3rym stworzy\u0142a projekt \u201e\u017bywizna\u201d.&nbsp;Ich wsp\u00f3lny album \u201eZa\u015bwie\u0107 Niesi\u0105cku and other Kurpian songs\u201d \u0142\u0105czy tradycyjne pie\u015bni kurpiowskie z nowoczesnymi brzmieniami, zyskuj\u0105c uznanie zar\u00f3wno w\u015br\u00f3d krytyk\u00f3w, jak i s\u0142uchaczy.<\/p>\n<p>Genowefa Lenarcik jest nie tylko wykonawczyni\u0105, lecz r\u00f3wnie\u017c stra\u017cniczk\u0105 dziedzictwa muzycznego Kurpi\u00f3w, przekazuj\u0105c swoje umiej\u0119tno\u015bci kolejnym pokoleniom i popularyzuj\u0105c kultur\u0119 kurpiowsk\u0105 na r\u00f3\u017cnych scenach muzycznych.<\/p>\n<p>Wi\u0119cej informacji, a tak\u017ce nagrania artystki mo\u017cna znale\u017a\u0107 na jej oficjalnym profilu na Facebooku: <a href=\"https:\/\/www.facebook.com\/genowefalenarcik\">https:\/\/www.facebook.com\/genowefalenarcik<\/a><\/p>\n<p>Zrealizowano w ramach stypendium Ministra Kultury i Dziedzictwa Narodowego.&nbsp;<\/p>\n<p>&nbsp;<\/p>\n<h2><strong>Informacje praktyczne<\/strong><\/h2>\n<p><strong>Kiedy:<\/strong>&nbsp;31 maja (sobota) 2025, godz. 13.00\u201315.00<br \/>\n<strong>Gdzie:<\/strong>&nbsp;Warsztaty Kultury w Lublinie, ul. Grodzka 5a, sala widowiskowa \u2013 II pi\u0119tro<br \/>\n<strong>Dla kogo:<\/strong>&nbsp;dla doros\u0142ych<br \/>\n<strong>Zapisy:&nbsp;<\/strong><a href=\"https:\/\/forms.gle\/es76ebtyycroD5QH7\" target=\"_blank\" rel=\"noopener\"><strong>przez formularz online<\/strong>.<\/a> Wst\u0119p bezp\u0142atny, liczba miejsc ograniczona, decyduje kolejno\u015b\u0107 zg\u0142osze\u0144.<\/p>\n<h2><strong>Dost\u0119pno\u015b\u0107<br \/>\n<\/strong><\/h2>\n<p>Poczytaj o dost\u0119pno\u015bci Warsztat\u00f3w Kultury i skontaktuj si\u0119 z nami: <a href=\"https:\/\/warsztatykultury.pl\/pl\/dostepnosc\/\">https:\/\/warsztatykultury.pl\/pl\/dostepnosc\/<\/a><\/p>\n<h2>Sprawd\u017a jak doj\u015b\u0107 i bariery architektoniczne<\/h2>\n<div class=\"fusion-video fusion-youtube\" style=\"--awb-max-width:600px;--awb-max-height:360px;\"><div class=\"video-shortcode\"><priv-fac-lite-youtube class=\"fusion-hidden\" data-privacy-type=\"youtube\" videoid=\"Vwch6q1EnSI\" class=\"landscape\" params=\"wmode=transparent&autoplay=1&enablejsapi=1\" title=\"YouTube video player 1\" width=\"600\" height=\"360\"><\/priv-fac-lite-youtube><div class=\"fusion-privacy-placeholder\" style=\"width:600px; height:360px;\" data-privacy-type=\"youtube\"><div class=\"fusion-privacy-placeholder-content\"><div class=\"fusion-privacy-label\">For privacy reasons YouTube needs your permission to be loaded.<\/div><a href=\"\" data-privacy-type=\"youtube\" class=\"fusion-button button-default fusion-button-default-size button fusion-privacy-consent\">Wyra\u017cam zgod\u0119<\/a><\/div><\/div><\/div><\/div>\n<p>&nbsp;<\/p>\n<p>&nbsp;<\/p>\n<p>Zapraszamy tak\u017ce na <a href=\"https:\/\/warsztatykultury.pl\/pl\/wydarzenia\/spiew-domu-brzozowych-koncert-piesni-tradycyjnych-genowefy-lenarcik\/\"><strong>koncert pie\u015bni tradycyjnych w wykonaniu p. Genowefy<\/strong><\/a><\/p>\n<\/div><div ><a class=\"fusion-button button-flat button-medium button-custom fusion-button-default button-2 fusion-button-span-yes fusion-button-default-type\" style=\"--button_accent_color:#ffffff;--button_accent_hover_color:#ffffff;--button_border_hover_color:#ffffff;--button_gradient_top_color:#000000;--button_gradient_bottom_color:#000000;--button_gradient_top_color_hover:#000000;--button_gradient_bottom_color_hover:#000000;--button_margin-top:2%;--button_margin-bottom:2%;\" target=\"_blank\" rel=\"noopener noreferrer\" href=\"https:\/\/forms.gle\/es76ebtyycroD5QH7\"><span class=\"fusion-button-text\">ZAPISZ SI\u0118<\/span><\/a><\/div><\/div><\/div><\/div><\/div>\n","protected":false},"excerpt":{"rendered":"","protected":false},"author":5,"featured_media":56499,"comment_status":"closed","ping_status":"open","sticky":false,"template":"","format":"standard","meta":{"_acf_changed":false,"ngg_post_thumbnail":0,"footnotes":""},"categories":[1],"tags":[],"acf":[],"yoast_head":"<!-- This site is optimized with the Yoast SEO plugin v22.2 - https:\/\/yoast.com\/wordpress\/plugins\/seo\/ -->\n<title>Warsztaty \u015bpiewu tradycyjnego z Genowef\u0105 Lenarcik<\/title>\n<meta name=\"description\" content=\"Warsztaty \u015bpiewu tradycyjnego z Genowef\u0105 Lenarcik\" \/>\n<meta name=\"robots\" content=\"index, follow, max-snippet:-1, max-image-preview:large, max-video-preview:-1\" \/>\n<link rel=\"canonical\" href=\"https:\/\/retradycja.eu\/pl\/warsztaty-spiewu-tradycyjnego-z-genowefa-lenarcik\/\" \/>\n<meta property=\"og:locale\" content=\"pl_PL\" \/>\n<meta property=\"og:type\" content=\"article\" \/>\n<meta property=\"og:title\" content=\"Warsztaty \u015bpiewu tradycyjnego z Genowef\u0105 Lenarcik\" \/>\n<meta property=\"og:description\" content=\"Warsztaty \u015bpiewu tradycyjnego z Genowef\u0105 Lenarcik\" \/>\n<meta property=\"og:url\" content=\"https:\/\/retradycja.eu\/pl\/warsztaty-spiewu-tradycyjnego-z-genowefa-lenarcik\/\" \/>\n<meta property=\"og:site_name\" content=\"Festiwal Re:tradycja - Jarmark Jagiello\u0144ski\" \/>\n<meta property=\"article:publisher\" content=\"https:\/\/www.facebook.com\/retradycja\" \/>\n<meta property=\"article:published_time\" content=\"2025-05-22T15:00:25+00:00\" \/>\n<meta property=\"og:image\" content=\"https:\/\/retradycja.eu\/wp-content\/uploads\/2025\/05\/1_prawie_hd.webp\" \/>\n\t<meta property=\"og:image:width\" content=\"1920\" \/>\n\t<meta property=\"og:image:height\" content=\"1005\" \/>\n\t<meta property=\"og:image:type\" content=\"image\/webp\" \/>\n<meta name=\"author\" content=\"Ma\u0142gorzata\" \/>\n<meta name=\"twitter:card\" content=\"summary_large_image\" \/>\n<meta name=\"twitter:label1\" content=\"Napisane przez\" \/>\n\t<meta name=\"twitter:data1\" content=\"Ma\u0142gorzata\" \/>\n\t<meta name=\"twitter:label2\" content=\"Szacowany czas czytania\" \/>\n\t<meta name=\"twitter:data2\" content=\"3 minuty\" \/>\n<script type=\"application\/ld+json\" class=\"yoast-schema-graph\">{\"@context\":\"https:\/\/schema.org\",\"@graph\":[{\"@type\":\"Article\",\"@id\":\"https:\/\/retradycja.eu\/pl\/warsztaty-spiewu-tradycyjnego-z-genowefa-lenarcik\/#article\",\"isPartOf\":{\"@id\":\"https:\/\/retradycja.eu\/pl\/warsztaty-spiewu-tradycyjnego-z-genowefa-lenarcik\/\"},\"author\":{\"name\":\"Ma\u0142gorzata\",\"@id\":\"https:\/\/retradycja.eu\/pl\/#\/schema\/person\/fd205a687bde7f36f7900874fe9c96c0\"},\"headline\":\"Warsztaty \u015bpiewu tradycyjnego z Genowef\u0105 Lenarcik\",\"datePublished\":\"2025-05-22T15:00:25+00:00\",\"dateModified\":\"2025-05-22T15:00:25+00:00\",\"mainEntityOfPage\":{\"@id\":\"https:\/\/retradycja.eu\/pl\/warsztaty-spiewu-tradycyjnego-z-genowefa-lenarcik\/\"},\"wordCount\":1212,\"publisher\":{\"@id\":\"https:\/\/retradycja.eu\/pl\/#organization\"},\"image\":{\"@id\":\"https:\/\/retradycja.eu\/pl\/warsztaty-spiewu-tradycyjnego-z-genowefa-lenarcik\/#primaryimage\"},\"thumbnailUrl\":\"https:\/\/retradycja.eu\/wp-content\/uploads\/2025\/05\/1_prawie_hd.webp\",\"inLanguage\":\"pl-PL\"},{\"@type\":\"WebPage\",\"@id\":\"https:\/\/retradycja.eu\/pl\/warsztaty-spiewu-tradycyjnego-z-genowefa-lenarcik\/\",\"url\":\"https:\/\/retradycja.eu\/pl\/warsztaty-spiewu-tradycyjnego-z-genowefa-lenarcik\/\",\"name\":\"Warsztaty \u015bpiewu tradycyjnego z Genowef\u0105 Lenarcik\",\"isPartOf\":{\"@id\":\"https:\/\/retradycja.eu\/pl\/#website\"},\"primaryImageOfPage\":{\"@id\":\"https:\/\/retradycja.eu\/pl\/warsztaty-spiewu-tradycyjnego-z-genowefa-lenarcik\/#primaryimage\"},\"image\":{\"@id\":\"https:\/\/retradycja.eu\/pl\/warsztaty-spiewu-tradycyjnego-z-genowefa-lenarcik\/#primaryimage\"},\"thumbnailUrl\":\"https:\/\/retradycja.eu\/wp-content\/uploads\/2025\/05\/1_prawie_hd.webp\",\"datePublished\":\"2025-05-22T15:00:25+00:00\",\"dateModified\":\"2025-05-22T15:00:25+00:00\",\"description\":\"Warsztaty \u015bpiewu tradycyjnego z Genowef\u0105 Lenarcik\",\"breadcrumb\":{\"@id\":\"https:\/\/retradycja.eu\/pl\/warsztaty-spiewu-tradycyjnego-z-genowefa-lenarcik\/#breadcrumb\"},\"inLanguage\":\"pl-PL\",\"potentialAction\":[{\"@type\":\"ReadAction\",\"target\":[\"https:\/\/retradycja.eu\/pl\/warsztaty-spiewu-tradycyjnego-z-genowefa-lenarcik\/\"]}]},{\"@type\":\"ImageObject\",\"inLanguage\":\"pl-PL\",\"@id\":\"https:\/\/retradycja.eu\/pl\/warsztaty-spiewu-tradycyjnego-z-genowefa-lenarcik\/#primaryimage\",\"url\":\"https:\/\/retradycja.eu\/wp-content\/uploads\/2025\/05\/1_prawie_hd.webp\",\"contentUrl\":\"https:\/\/retradycja.eu\/wp-content\/uploads\/2025\/05\/1_prawie_hd.webp\",\"width\":1920,\"height\":1005,\"caption\":\"Kobieta w starszym wieku ma r\u0119ce uniesione do g\u00f3ry i si\u0119 u\u015bmiecha.\"},{\"@type\":\"BreadcrumbList\",\"@id\":\"https:\/\/retradycja.eu\/pl\/warsztaty-spiewu-tradycyjnego-z-genowefa-lenarcik\/#breadcrumb\",\"itemListElement\":[{\"@type\":\"ListItem\",\"position\":1,\"name\":\"Strona g\u0142\u00f3wna\",\"item\":\"https:\/\/retradycja.eu\/pl\/\"},{\"@type\":\"ListItem\",\"position\":2,\"name\":\"Warsztaty \u015bpiewu tradycyjnego z Genowef\u0105 Lenarcik\"}]},{\"@type\":\"WebSite\",\"@id\":\"https:\/\/retradycja.eu\/pl\/#website\",\"url\":\"https:\/\/retradycja.eu\/pl\/\",\"name\":\"Festiwal Re:tradycja - Jarmark Jagiello\u0144ski\",\"description\":\" Lublin, Stare Miasto\",\"publisher\":{\"@id\":\"https:\/\/retradycja.eu\/pl\/#organization\"},\"potentialAction\":[{\"@type\":\"SearchAction\",\"target\":{\"@type\":\"EntryPoint\",\"urlTemplate\":\"https:\/\/retradycja.eu\/pl\/?s={search_term_string}\"},\"query-input\":\"required name=search_term_string\"}],\"inLanguage\":\"pl-PL\"},{\"@type\":\"Organization\",\"@id\":\"https:\/\/retradycja.eu\/pl\/#organization\",\"name\":\"Warsztaty Kultury w Lublinie\",\"url\":\"https:\/\/retradycja.eu\/pl\/\",\"logo\":{\"@type\":\"ImageObject\",\"inLanguage\":\"pl-PL\",\"@id\":\"https:\/\/retradycja.eu\/pl\/#\/schema\/logo\/image\/\",\"url\":\"https:\/\/retradycja.eu\/wp-content\/uploads\/2022\/06\/logo_retradycje-01.png\",\"contentUrl\":\"https:\/\/retradycja.eu\/wp-content\/uploads\/2022\/06\/logo_retradycje-01.png\",\"width\":332,\"height\":63,\"caption\":\"Warsztaty Kultury w Lublinie\"},\"image\":{\"@id\":\"https:\/\/retradycja.eu\/pl\/#\/schema\/logo\/image\/\"},\"sameAs\":[\"https:\/\/www.facebook.com\/retradycja\",\"https:\/\/www.instagram.com\/retradycja_jarmarkjagiellonski\/\",\"https:\/\/www.youtube.com\/user\/JarmarkJagiellonski\"]},{\"@type\":\"Person\",\"@id\":\"https:\/\/retradycja.eu\/pl\/#\/schema\/person\/fd205a687bde7f36f7900874fe9c96c0\",\"name\":\"Ma\u0142gorzata\",\"image\":{\"@type\":\"ImageObject\",\"inLanguage\":\"pl-PL\",\"@id\":\"https:\/\/retradycja.eu\/pl\/#\/schema\/person\/image\/\",\"url\":\"https:\/\/secure.gravatar.com\/avatar\/c2f84c05c7c04cc536472b6e15a984f4?s=96&d=mm&r=g\",\"contentUrl\":\"https:\/\/secure.gravatar.com\/avatar\/c2f84c05c7c04cc536472b6e15a984f4?s=96&d=mm&r=g\",\"caption\":\"Ma\u0142gorzata\"}}]}<\/script>\n<!-- \/ Yoast SEO plugin. -->","yoast_head_json":{"title":"Warsztaty \u015bpiewu tradycyjnego z Genowef\u0105 Lenarcik","description":"Warsztaty \u015bpiewu tradycyjnego z Genowef\u0105 Lenarcik","robots":{"index":"index","follow":"follow","max-snippet":"max-snippet:-1","max-image-preview":"max-image-preview:large","max-video-preview":"max-video-preview:-1"},"canonical":"https:\/\/retradycja.eu\/pl\/warsztaty-spiewu-tradycyjnego-z-genowefa-lenarcik\/","og_locale":"pl_PL","og_type":"article","og_title":"Warsztaty \u015bpiewu tradycyjnego z Genowef\u0105 Lenarcik","og_description":"Warsztaty \u015bpiewu tradycyjnego z Genowef\u0105 Lenarcik","og_url":"https:\/\/retradycja.eu\/pl\/warsztaty-spiewu-tradycyjnego-z-genowefa-lenarcik\/","og_site_name":"Festiwal Re:tradycja - Jarmark Jagiello\u0144ski","article_publisher":"https:\/\/www.facebook.com\/retradycja","article_published_time":"2025-05-22T15:00:25+00:00","og_image":[{"width":1920,"height":1005,"url":"https:\/\/retradycja.eu\/wp-content\/uploads\/2025\/05\/1_prawie_hd.webp","type":"image\/webp"}],"author":"Ma\u0142gorzata","twitter_card":"summary_large_image","twitter_misc":{"Napisane przez":"Ma\u0142gorzata","Szacowany czas czytania":"3 minuty"},"schema":{"@context":"https:\/\/schema.org","@graph":[{"@type":"Article","@id":"https:\/\/retradycja.eu\/pl\/warsztaty-spiewu-tradycyjnego-z-genowefa-lenarcik\/#article","isPartOf":{"@id":"https:\/\/retradycja.eu\/pl\/warsztaty-spiewu-tradycyjnego-z-genowefa-lenarcik\/"},"author":{"name":"Ma\u0142gorzata","@id":"https:\/\/retradycja.eu\/pl\/#\/schema\/person\/fd205a687bde7f36f7900874fe9c96c0"},"headline":"Warsztaty \u015bpiewu tradycyjnego z Genowef\u0105 Lenarcik","datePublished":"2025-05-22T15:00:25+00:00","dateModified":"2025-05-22T15:00:25+00:00","mainEntityOfPage":{"@id":"https:\/\/retradycja.eu\/pl\/warsztaty-spiewu-tradycyjnego-z-genowefa-lenarcik\/"},"wordCount":1212,"publisher":{"@id":"https:\/\/retradycja.eu\/pl\/#organization"},"image":{"@id":"https:\/\/retradycja.eu\/pl\/warsztaty-spiewu-tradycyjnego-z-genowefa-lenarcik\/#primaryimage"},"thumbnailUrl":"https:\/\/retradycja.eu\/wp-content\/uploads\/2025\/05\/1_prawie_hd.webp","inLanguage":"pl-PL"},{"@type":"WebPage","@id":"https:\/\/retradycja.eu\/pl\/warsztaty-spiewu-tradycyjnego-z-genowefa-lenarcik\/","url":"https:\/\/retradycja.eu\/pl\/warsztaty-spiewu-tradycyjnego-z-genowefa-lenarcik\/","name":"Warsztaty \u015bpiewu tradycyjnego z Genowef\u0105 Lenarcik","isPartOf":{"@id":"https:\/\/retradycja.eu\/pl\/#website"},"primaryImageOfPage":{"@id":"https:\/\/retradycja.eu\/pl\/warsztaty-spiewu-tradycyjnego-z-genowefa-lenarcik\/#primaryimage"},"image":{"@id":"https:\/\/retradycja.eu\/pl\/warsztaty-spiewu-tradycyjnego-z-genowefa-lenarcik\/#primaryimage"},"thumbnailUrl":"https:\/\/retradycja.eu\/wp-content\/uploads\/2025\/05\/1_prawie_hd.webp","datePublished":"2025-05-22T15:00:25+00:00","dateModified":"2025-05-22T15:00:25+00:00","description":"Warsztaty \u015bpiewu tradycyjnego z Genowef\u0105 Lenarcik","breadcrumb":{"@id":"https:\/\/retradycja.eu\/pl\/warsztaty-spiewu-tradycyjnego-z-genowefa-lenarcik\/#breadcrumb"},"inLanguage":"pl-PL","potentialAction":[{"@type":"ReadAction","target":["https:\/\/retradycja.eu\/pl\/warsztaty-spiewu-tradycyjnego-z-genowefa-lenarcik\/"]}]},{"@type":"ImageObject","inLanguage":"pl-PL","@id":"https:\/\/retradycja.eu\/pl\/warsztaty-spiewu-tradycyjnego-z-genowefa-lenarcik\/#primaryimage","url":"https:\/\/retradycja.eu\/wp-content\/uploads\/2025\/05\/1_prawie_hd.webp","contentUrl":"https:\/\/retradycja.eu\/wp-content\/uploads\/2025\/05\/1_prawie_hd.webp","width":1920,"height":1005,"caption":"Kobieta w starszym wieku ma r\u0119ce uniesione do g\u00f3ry i si\u0119 u\u015bmiecha."},{"@type":"BreadcrumbList","@id":"https:\/\/retradycja.eu\/pl\/warsztaty-spiewu-tradycyjnego-z-genowefa-lenarcik\/#breadcrumb","itemListElement":[{"@type":"ListItem","position":1,"name":"Strona g\u0142\u00f3wna","item":"https:\/\/retradycja.eu\/pl\/"},{"@type":"ListItem","position":2,"name":"Warsztaty \u015bpiewu tradycyjnego z Genowef\u0105 Lenarcik"}]},{"@type":"WebSite","@id":"https:\/\/retradycja.eu\/pl\/#website","url":"https:\/\/retradycja.eu\/pl\/","name":"Festiwal Re:tradycja - Jarmark Jagiello\u0144ski","description":" Lublin, Stare Miasto","publisher":{"@id":"https:\/\/retradycja.eu\/pl\/#organization"},"potentialAction":[{"@type":"SearchAction","target":{"@type":"EntryPoint","urlTemplate":"https:\/\/retradycja.eu\/pl\/?s={search_term_string}"},"query-input":"required name=search_term_string"}],"inLanguage":"pl-PL"},{"@type":"Organization","@id":"https:\/\/retradycja.eu\/pl\/#organization","name":"Warsztaty Kultury w Lublinie","url":"https:\/\/retradycja.eu\/pl\/","logo":{"@type":"ImageObject","inLanguage":"pl-PL","@id":"https:\/\/retradycja.eu\/pl\/#\/schema\/logo\/image\/","url":"https:\/\/retradycja.eu\/wp-content\/uploads\/2022\/06\/logo_retradycje-01.png","contentUrl":"https:\/\/retradycja.eu\/wp-content\/uploads\/2022\/06\/logo_retradycje-01.png","width":332,"height":63,"caption":"Warsztaty Kultury w Lublinie"},"image":{"@id":"https:\/\/retradycja.eu\/pl\/#\/schema\/logo\/image\/"},"sameAs":["https:\/\/www.facebook.com\/retradycja","https:\/\/www.instagram.com\/retradycja_jarmarkjagiellonski\/","https:\/\/www.youtube.com\/user\/JarmarkJagiellonski"]},{"@type":"Person","@id":"https:\/\/retradycja.eu\/pl\/#\/schema\/person\/fd205a687bde7f36f7900874fe9c96c0","name":"Ma\u0142gorzata","image":{"@type":"ImageObject","inLanguage":"pl-PL","@id":"https:\/\/retradycja.eu\/pl\/#\/schema\/person\/image\/","url":"https:\/\/secure.gravatar.com\/avatar\/c2f84c05c7c04cc536472b6e15a984f4?s=96&d=mm&r=g","contentUrl":"https:\/\/secure.gravatar.com\/avatar\/c2f84c05c7c04cc536472b6e15a984f4?s=96&d=mm&r=g","caption":"Ma\u0142gorzata"}}]}},"_links":{"self":[{"href":"https:\/\/retradycja.eu\/pl\/wp-json\/wp\/v2\/posts\/56498"}],"collection":[{"href":"https:\/\/retradycja.eu\/pl\/wp-json\/wp\/v2\/posts"}],"about":[{"href":"https:\/\/retradycja.eu\/pl\/wp-json\/wp\/v2\/types\/post"}],"author":[{"embeddable":true,"href":"https:\/\/retradycja.eu\/pl\/wp-json\/wp\/v2\/users\/5"}],"replies":[{"embeddable":true,"href":"https:\/\/retradycja.eu\/pl\/wp-json\/wp\/v2\/comments?post=56498"}],"version-history":[{"count":1,"href":"https:\/\/retradycja.eu\/pl\/wp-json\/wp\/v2\/posts\/56498\/revisions"}],"predecessor-version":[{"id":56502,"href":"https:\/\/retradycja.eu\/pl\/wp-json\/wp\/v2\/posts\/56498\/revisions\/56502"}],"wp:featuredmedia":[{"embeddable":true,"href":"https:\/\/retradycja.eu\/pl\/wp-json\/wp\/v2\/media\/56499"}],"wp:attachment":[{"href":"https:\/\/retradycja.eu\/pl\/wp-json\/wp\/v2\/media?parent=56498"}],"wp:term":[{"taxonomy":"category","embeddable":true,"href":"https:\/\/retradycja.eu\/pl\/wp-json\/wp\/v2\/categories?post=56498"},{"taxonomy":"post_tag","embeddable":true,"href":"https:\/\/retradycja.eu\/pl\/wp-json\/wp\/v2\/tags?post=56498"}],"curies":[{"name":"wp","href":"https:\/\/api.w.org\/{rel}","templated":true}]}}