{"id":56422,"date":"2025-04-17T16:32:05","date_gmt":"2025-04-17T14:32:05","guid":{"rendered":"https:\/\/retradycja.eu\/?p=56422"},"modified":"2025-04-17T15:59:00","modified_gmt":"2025-04-17T13:59:00","slug":"56422","status":"publish","type":"post","link":"https:\/\/retradycja.eu\/pl\/56422\/","title":{"rendered":"Warsztaty \u015bpiewu tradycyjnego z Grodzie\u0144szczyzny z Marcinem Li\u0107winko"},"content":{"rendered":"<div class=\"fusion-fullwidth fullwidth-box fusion-builder-row-1 fusion-flex-container nonhundred-percent-fullwidth non-hundred-percent-height-scrolling\" style=\"--awb-border-radius-top-left:0px;--awb-border-radius-top-right:0px;--awb-border-radius-bottom-right:0px;--awb-border-radius-bottom-left:0px;--awb-flex-wrap:wrap;\" ><div class=\"fusion-builder-row fusion-row fusion-flex-align-items-flex-start fusion-flex-content-wrap\" style=\"max-width:calc( 1920px + 0px );margin-left: calc(-0px \/ 2 );margin-right: calc(-0px \/ 2 );\"><div class=\"fusion-layout-column fusion_builder_column fusion-builder-column-0 fusion_builder_column_1_1 1_1 fusion-flex-column\" style=\"--awb-bg-size:cover;--awb-width-large:100%;--awb-margin-top-large:0px;--awb-spacing-right-large:0px;--awb-margin-bottom-large:0px;--awb-spacing-left-large:0px;--awb-width-medium:100%;--awb-spacing-right-medium:0px;--awb-spacing-left-medium:0px;--awb-width-small:100%;--awb-spacing-right-small:0px;--awb-spacing-left-small:0px;\"><div class=\"fusion-column-wrapper fusion-flex-justify-content-flex-start fusion-content-layout-column\"><div class=\"fusion-text fusion-text-1\"><p><a href=\"https:\/\/docs.google.com\/forms\/d\/1sFM0Xwi7Y4rVeXOVTrQS0tdvjJHbSm3gu-djmSKy-Wc\/preview\" target=\"_blank\" rel=\"noopener\"><strong>zapisy<\/strong><\/a><\/p>\n<h2>Opis<\/h2>\n<p>Zapraszamy na dwudniowe warsztaty \u015bpiewu tradycyjnego prowadzone przez Marcina Li\u0107winko. Tematem b\u0119d\u0105 tradycje muzyczne Grodzie\u0144szczyzny. Na warsztaty zapraszamy osoby, kt\u00f3re chcia\u0142yby pozna\u0107 pie\u015bni towarzysz\u0105ce niegdy\u015b spo\u0142eczno\u015bciom wsi oraz do\u015bwiadczy\u0107 \u015bpiewu w grupie. Nie wa\u017cne, czy jeste\u015b na pocz\u0105tku swojej drogi, czy masz ju\u017c do\u015bwiadczenie w \u015bpiewie tradycyjnym, mile widziani s\u0105 wszyscy.<\/p>\n<h2><strong>O prowadz\u0105cym<\/strong><\/h2>\n<p>Marcin Li\u0107winko \u2013 \u015bpiewak ludowy z Rogo\u017cynka. Obszarem jego szczeg\u00f3lnych zainteresowa\u0144 s\u0105 tereny przedwojennej Grodzie\u0144szczyzny. Na tym obszarze przez szereg lat prowadzi\u0142 w\u0142asne eksploracje w zakresie tradycyjnego repertuaru i wokalnej praktyki wykonawczej. Zajmuje si\u0119 popularyzacj\u0105 \u015bpiewu tradycyjnego poprzez prowadzenie warsztat\u00f3w, jak i organizowanie r\u00f3\u017cnorodnych dzia\u0142a\u0144 artystycznych. Laureat Og\u00f3lnopolskiego Festiwalu Kapel i \u015apiewak\u00f3w Ludowych w Kazimierzu Dolnym w kategoriach: solista oraz &#8222;Du\u017cy-Ma\u0142y&#8221;. Animator kultury, pomys\u0142odawca i koordynator dzia\u0142a\u0144 na rzecz ochrony dziedzictwa przyrodniczo-kulturowego w dolinie Biebrzy.<\/p>\n<p><em>Zrealizowano w ramach stypendium Ministra Kultury i Dziedzictwa Narodowego.<\/em><\/p>\n<h2><strong>Informacje praktyczne<\/strong><\/h2>\n<p><strong>Kiedy:<\/strong> 24 i 25 maja (sobota i niedziela) 2025 r., godz. 11.00-17.00 (w trakcie przerwa obiadowa)<\/p>\n<p>Obowi\u0105zuje uczestnictwo w obu dniach zaj\u0119\u0107.<\/p>\n<p><strong>Gdzie:<\/strong> Warsztaty Kultury, ul. Grodzka 5a, sala medialabowa \u2013 I pi\u0119tro<\/p>\n<p><strong>Dla kogo:<\/strong> dla os\u00f3b w wieku 18+<\/p>\n<p><strong>Zapisy: <a href=\"https:\/\/docs.google.com\/forms\/d\/1sFM0Xwi7Y4rVeXOVTrQS0tdvjJHbSm3gu-djmSKy-Wc\/preview\" target=\"_blank\" rel=\"noopener\">przez formularz online<\/a><\/strong>. Wst\u0119p bezp\u0142atny, liczba miejsc ograniczona, decyduje kolejno\u015b\u0107 zg\u0142osze\u0144.<\/p>\n<h2><strong>Dost\u0119pno\u015b\u0107<\/strong><\/h2>\n<p><img decoding=\"async\" class=\"lazyload alignnone size-full wp-image-30713\" src=\"data:image\/svg+xml,%3Csvg%20xmlns%3D%27http%3A%2F%2Fwww.w3.org%2F2000%2Fsvg%27%20width%3D%2746%27%20height%3D%2732%27%20viewBox%3D%270%200%2046%2032%27%3E%3Crect%20width%3D%2746%27%20height%3D%2732%27%20fill-opacity%3D%220%22%2F%3E%3C%2Fsvg%3E\" data-orig-src=\"https:\/\/warsztatykultury.pl\/wp-content\/uploads\/2025\/01\/ikonki_suchawki_32.webp\" alt=\"Ikonka ze s\u0142uchawkami i sercem na \u015brodku.\" width=\"46\" height=\"32\"> s\u0142uchawki wyciszaj\u0105ce.<\/p>\n<p>Poczytaj o dost\u0119pno\u015bci Warsztat\u00f3w Kultury i skontaktuj si\u0119 z nami: <a href=\"https:\/\/warsztatykultury.pl\/pl\/dostepnosc\/\">https:\/\/warsztatykultury.pl\/pl\/dostepnosc\/<\/a><\/p>\n<h2>Sprawd\u017a jak doj\u015b\u0107 i bariery architektoniczne<\/h2>\n<div class=\"fusion-video fusion-youtube\" style=\"--awb-max-width:600px;--awb-max-height:360px;\"><div class=\"video-shortcode\"><priv-fac-lite-youtube class=\"fusion-hidden\" data-privacy-type=\"youtube\" videoid=\"UascdbXBhdA\" class=\"landscape\" params=\"wmode=transparent&autoplay=1&enablejsapi=1\" title=\"YouTube video player 1\" width=\"600\" height=\"360\"><\/priv-fac-lite-youtube><div class=\"fusion-privacy-placeholder\" style=\"width:600px; height:360px;\" data-privacy-type=\"youtube\"><div class=\"fusion-privacy-placeholder-content\"><div class=\"fusion-privacy-label\">For privacy reasons YouTube needs your permission to be loaded.<\/div><a href=\"\" data-privacy-type=\"youtube\" class=\"fusion-button button-default fusion-button-default-size button fusion-privacy-consent\">Wyra\u017cam zgod\u0119<\/a><\/div><\/div><\/div><\/div>\n<\/div><div ><a class=\"fusion-button button-flat button-large button-custom fusion-button-default button-1 fusion-button-span-yes fusion-button-default-type\" style=\"--button_accent_color:#ffffff;--button_accent_hover_color:#ffffff;--button_border_hover_color:#ffffff;--button_gradient_top_color:#000000;--button_gradient_bottom_color:#000000;--button_gradient_top_color_hover:#000000;--button_gradient_bottom_color_hover:#000000;--button_margin-top:2%;--button_margin-bottom:2%;\" target=\"_blank\" rel=\"noopener noreferrer\" href=\"https:\/\/docs.google.com\/forms\/d\/1sFM0Xwi7Y4rVeXOVTrQS0tdvjJHbSm3gu-djmSKy-Wc\/preview\"><span class=\"fusion-button-text\">zapisy<\/span><\/a><\/div><\/div><\/div><\/div><\/div>\n","protected":false},"excerpt":{"rendered":"","protected":false},"author":5,"featured_media":56423,"comment_status":"closed","ping_status":"open","sticky":false,"template":"","format":"standard","meta":{"_acf_changed":false,"ngg_post_thumbnail":0,"footnotes":""},"categories":[1],"tags":[],"acf":[],"yoast_head":"<!-- This site is optimized with the Yoast SEO plugin v22.2 - https:\/\/yoast.com\/wordpress\/plugins\/seo\/ -->\n<title>Warsztaty \u015bpiewu tradycyjnego z Grodzie\u0144szczyzny z Marcinem Li\u0107winko<\/title>\n<meta name=\"description\" content=\"Warsztaty \u015bpiewu tradycyjnego z Grodzie\u0144szczyzny z Marcinem Li\u0107winko\" \/>\n<meta name=\"robots\" content=\"index, follow, max-snippet:-1, max-image-preview:large, max-video-preview:-1\" \/>\n<link rel=\"canonical\" href=\"https:\/\/retradycja.eu\/pl\/56422\/\" \/>\n<meta property=\"og:locale\" content=\"pl_PL\" \/>\n<meta property=\"og:type\" content=\"article\" \/>\n<meta property=\"og:title\" content=\"Warsztaty \u015bpiewu tradycyjnego z Grodzie\u0144szczyzny z Marcinem Li\u0107winko\" \/>\n<meta property=\"og:description\" content=\"Warsztaty \u015bpiewu tradycyjnego z Grodzie\u0144szczyzny z Marcinem Li\u0107winko\" \/>\n<meta property=\"og:url\" content=\"https:\/\/retradycja.eu\/pl\/56422\/\" \/>\n<meta property=\"og:site_name\" content=\"Festiwal Re:tradycja - Jarmark Jagiello\u0144ski\" \/>\n<meta property=\"article:publisher\" content=\"https:\/\/www.facebook.com\/retradycja\" \/>\n<meta property=\"article:published_time\" content=\"2025-04-17T14:32:05+00:00\" \/>\n<meta property=\"article:modified_time\" content=\"2025-04-17T13:59:00+00:00\" \/>\n<meta property=\"og:image\" content=\"https:\/\/retradycja.eu\/wp-content\/uploads\/2025\/04\/spiew_prawie_hd.webp\" \/>\n\t<meta property=\"og:image:width\" content=\"1920\" \/>\n\t<meta property=\"og:image:height\" content=\"1005\" \/>\n\t<meta property=\"og:image:type\" content=\"image\/webp\" \/>\n<meta name=\"author\" content=\"Ma\u0142gorzata\" \/>\n<meta name=\"twitter:card\" content=\"summary_large_image\" \/>\n<meta name=\"twitter:label1\" content=\"Napisane przez\" \/>\n\t<meta name=\"twitter:data1\" content=\"Ma\u0142gorzata\" \/>\n\t<meta name=\"twitter:label2\" content=\"Szacowany czas czytania\" \/>\n\t<meta name=\"twitter:data2\" content=\"2 minuty\" \/>\n<script type=\"application\/ld+json\" class=\"yoast-schema-graph\">{\"@context\":\"https:\/\/schema.org\",\"@graph\":[{\"@type\":\"Article\",\"@id\":\"https:\/\/retradycja.eu\/pl\/56422\/#article\",\"isPartOf\":{\"@id\":\"https:\/\/retradycja.eu\/pl\/56422\/\"},\"author\":{\"name\":\"Ma\u0142gorzata\",\"@id\":\"https:\/\/retradycja.eu\/pl\/#\/schema\/person\/fd205a687bde7f36f7900874fe9c96c0\"},\"headline\":\"Warsztaty \u015bpiewu tradycyjnego z Grodzie\u0144szczyzny z Marcinem Li\u0107winko\",\"datePublished\":\"2025-04-17T14:32:05+00:00\",\"dateModified\":\"2025-04-17T13:59:00+00:00\",\"mainEntityOfPage\":{\"@id\":\"https:\/\/retradycja.eu\/pl\/56422\/\"},\"wordCount\":697,\"publisher\":{\"@id\":\"https:\/\/retradycja.eu\/pl\/#organization\"},\"image\":{\"@id\":\"https:\/\/retradycja.eu\/pl\/56422\/#primaryimage\"},\"thumbnailUrl\":\"https:\/\/retradycja.eu\/wp-content\/uploads\/2025\/04\/spiew_prawie_hd.webp\",\"inLanguage\":\"pl-PL\"},{\"@type\":\"WebPage\",\"@id\":\"https:\/\/retradycja.eu\/pl\/56422\/\",\"url\":\"https:\/\/retradycja.eu\/pl\/56422\/\",\"name\":\"Warsztaty \u015bpiewu tradycyjnego z Grodzie\u0144szczyzny z Marcinem Li\u0107winko\",\"isPartOf\":{\"@id\":\"https:\/\/retradycja.eu\/pl\/#website\"},\"primaryImageOfPage\":{\"@id\":\"https:\/\/retradycja.eu\/pl\/56422\/#primaryimage\"},\"image\":{\"@id\":\"https:\/\/retradycja.eu\/pl\/56422\/#primaryimage\"},\"thumbnailUrl\":\"https:\/\/retradycja.eu\/wp-content\/uploads\/2025\/04\/spiew_prawie_hd.webp\",\"datePublished\":\"2025-04-17T14:32:05+00:00\",\"dateModified\":\"2025-04-17T13:59:00+00:00\",\"description\":\"Warsztaty \u015bpiewu tradycyjnego z Grodzie\u0144szczyzny z Marcinem Li\u0107winko\",\"breadcrumb\":{\"@id\":\"https:\/\/retradycja.eu\/pl\/56422\/#breadcrumb\"},\"inLanguage\":\"pl-PL\",\"potentialAction\":[{\"@type\":\"ReadAction\",\"target\":[\"https:\/\/retradycja.eu\/pl\/56422\/\"]}]},{\"@type\":\"ImageObject\",\"inLanguage\":\"pl-PL\",\"@id\":\"https:\/\/retradycja.eu\/pl\/56422\/#primaryimage\",\"url\":\"https:\/\/retradycja.eu\/wp-content\/uploads\/2025\/04\/spiew_prawie_hd.webp\",\"contentUrl\":\"https:\/\/retradycja.eu\/wp-content\/uploads\/2025\/04\/spiew_prawie_hd.webp\",\"width\":1920,\"height\":1005,\"caption\":\"Kobiety \u015bpiewaj\u0105. Jedna z nich trzyma zeszyt z tekstem.\"},{\"@type\":\"BreadcrumbList\",\"@id\":\"https:\/\/retradycja.eu\/pl\/56422\/#breadcrumb\",\"itemListElement\":[{\"@type\":\"ListItem\",\"position\":1,\"name\":\"Strona g\u0142\u00f3wna\",\"item\":\"https:\/\/retradycja.eu\/pl\/\"},{\"@type\":\"ListItem\",\"position\":2,\"name\":\"Warsztaty \u015bpiewu tradycyjnego z Grodzie\u0144szczyzny z Marcinem Li\u0107winko\"}]},{\"@type\":\"WebSite\",\"@id\":\"https:\/\/retradycja.eu\/pl\/#website\",\"url\":\"https:\/\/retradycja.eu\/pl\/\",\"name\":\"Festiwal Re:tradycja - Jarmark Jagiello\u0144ski\",\"description\":\" Lublin, Stare Miasto\",\"publisher\":{\"@id\":\"https:\/\/retradycja.eu\/pl\/#organization\"},\"potentialAction\":[{\"@type\":\"SearchAction\",\"target\":{\"@type\":\"EntryPoint\",\"urlTemplate\":\"https:\/\/retradycja.eu\/pl\/?s={search_term_string}\"},\"query-input\":\"required name=search_term_string\"}],\"inLanguage\":\"pl-PL\"},{\"@type\":\"Organization\",\"@id\":\"https:\/\/retradycja.eu\/pl\/#organization\",\"name\":\"Warsztaty Kultury w Lublinie\",\"url\":\"https:\/\/retradycja.eu\/pl\/\",\"logo\":{\"@type\":\"ImageObject\",\"inLanguage\":\"pl-PL\",\"@id\":\"https:\/\/retradycja.eu\/pl\/#\/schema\/logo\/image\/\",\"url\":\"https:\/\/retradycja.eu\/wp-content\/uploads\/2022\/06\/logo_retradycje-01.png\",\"contentUrl\":\"https:\/\/retradycja.eu\/wp-content\/uploads\/2022\/06\/logo_retradycje-01.png\",\"width\":332,\"height\":63,\"caption\":\"Warsztaty Kultury w Lublinie\"},\"image\":{\"@id\":\"https:\/\/retradycja.eu\/pl\/#\/schema\/logo\/image\/\"},\"sameAs\":[\"https:\/\/www.facebook.com\/retradycja\",\"https:\/\/www.instagram.com\/retradycja_jarmarkjagiellonski\/\",\"https:\/\/www.youtube.com\/user\/JarmarkJagiellonski\"]},{\"@type\":\"Person\",\"@id\":\"https:\/\/retradycja.eu\/pl\/#\/schema\/person\/fd205a687bde7f36f7900874fe9c96c0\",\"name\":\"Ma\u0142gorzata\",\"image\":{\"@type\":\"ImageObject\",\"inLanguage\":\"pl-PL\",\"@id\":\"https:\/\/retradycja.eu\/pl\/#\/schema\/person\/image\/\",\"url\":\"https:\/\/secure.gravatar.com\/avatar\/c2f84c05c7c04cc536472b6e15a984f4?s=96&d=mm&r=g\",\"contentUrl\":\"https:\/\/secure.gravatar.com\/avatar\/c2f84c05c7c04cc536472b6e15a984f4?s=96&d=mm&r=g\",\"caption\":\"Ma\u0142gorzata\"}}]}<\/script>\n<!-- \/ Yoast SEO plugin. -->","yoast_head_json":{"title":"Warsztaty \u015bpiewu tradycyjnego z Grodzie\u0144szczyzny z Marcinem Li\u0107winko","description":"Warsztaty \u015bpiewu tradycyjnego z Grodzie\u0144szczyzny z Marcinem Li\u0107winko","robots":{"index":"index","follow":"follow","max-snippet":"max-snippet:-1","max-image-preview":"max-image-preview:large","max-video-preview":"max-video-preview:-1"},"canonical":"https:\/\/retradycja.eu\/pl\/56422\/","og_locale":"pl_PL","og_type":"article","og_title":"Warsztaty \u015bpiewu tradycyjnego z Grodzie\u0144szczyzny z Marcinem Li\u0107winko","og_description":"Warsztaty \u015bpiewu tradycyjnego z Grodzie\u0144szczyzny z Marcinem Li\u0107winko","og_url":"https:\/\/retradycja.eu\/pl\/56422\/","og_site_name":"Festiwal Re:tradycja - Jarmark Jagiello\u0144ski","article_publisher":"https:\/\/www.facebook.com\/retradycja","article_published_time":"2025-04-17T14:32:05+00:00","article_modified_time":"2025-04-17T13:59:00+00:00","og_image":[{"width":1920,"height":1005,"url":"https:\/\/retradycja.eu\/wp-content\/uploads\/2025\/04\/spiew_prawie_hd.webp","type":"image\/webp"}],"author":"Ma\u0142gorzata","twitter_card":"summary_large_image","twitter_misc":{"Napisane przez":"Ma\u0142gorzata","Szacowany czas czytania":"2 minuty"},"schema":{"@context":"https:\/\/schema.org","@graph":[{"@type":"Article","@id":"https:\/\/retradycja.eu\/pl\/56422\/#article","isPartOf":{"@id":"https:\/\/retradycja.eu\/pl\/56422\/"},"author":{"name":"Ma\u0142gorzata","@id":"https:\/\/retradycja.eu\/pl\/#\/schema\/person\/fd205a687bde7f36f7900874fe9c96c0"},"headline":"Warsztaty \u015bpiewu tradycyjnego z Grodzie\u0144szczyzny z Marcinem Li\u0107winko","datePublished":"2025-04-17T14:32:05+00:00","dateModified":"2025-04-17T13:59:00+00:00","mainEntityOfPage":{"@id":"https:\/\/retradycja.eu\/pl\/56422\/"},"wordCount":697,"publisher":{"@id":"https:\/\/retradycja.eu\/pl\/#organization"},"image":{"@id":"https:\/\/retradycja.eu\/pl\/56422\/#primaryimage"},"thumbnailUrl":"https:\/\/retradycja.eu\/wp-content\/uploads\/2025\/04\/spiew_prawie_hd.webp","inLanguage":"pl-PL"},{"@type":"WebPage","@id":"https:\/\/retradycja.eu\/pl\/56422\/","url":"https:\/\/retradycja.eu\/pl\/56422\/","name":"Warsztaty \u015bpiewu tradycyjnego z Grodzie\u0144szczyzny z Marcinem Li\u0107winko","isPartOf":{"@id":"https:\/\/retradycja.eu\/pl\/#website"},"primaryImageOfPage":{"@id":"https:\/\/retradycja.eu\/pl\/56422\/#primaryimage"},"image":{"@id":"https:\/\/retradycja.eu\/pl\/56422\/#primaryimage"},"thumbnailUrl":"https:\/\/retradycja.eu\/wp-content\/uploads\/2025\/04\/spiew_prawie_hd.webp","datePublished":"2025-04-17T14:32:05+00:00","dateModified":"2025-04-17T13:59:00+00:00","description":"Warsztaty \u015bpiewu tradycyjnego z Grodzie\u0144szczyzny z Marcinem Li\u0107winko","breadcrumb":{"@id":"https:\/\/retradycja.eu\/pl\/56422\/#breadcrumb"},"inLanguage":"pl-PL","potentialAction":[{"@type":"ReadAction","target":["https:\/\/retradycja.eu\/pl\/56422\/"]}]},{"@type":"ImageObject","inLanguage":"pl-PL","@id":"https:\/\/retradycja.eu\/pl\/56422\/#primaryimage","url":"https:\/\/retradycja.eu\/wp-content\/uploads\/2025\/04\/spiew_prawie_hd.webp","contentUrl":"https:\/\/retradycja.eu\/wp-content\/uploads\/2025\/04\/spiew_prawie_hd.webp","width":1920,"height":1005,"caption":"Kobiety \u015bpiewaj\u0105. Jedna z nich trzyma zeszyt z tekstem."},{"@type":"BreadcrumbList","@id":"https:\/\/retradycja.eu\/pl\/56422\/#breadcrumb","itemListElement":[{"@type":"ListItem","position":1,"name":"Strona g\u0142\u00f3wna","item":"https:\/\/retradycja.eu\/pl\/"},{"@type":"ListItem","position":2,"name":"Warsztaty \u015bpiewu tradycyjnego z Grodzie\u0144szczyzny z Marcinem Li\u0107winko"}]},{"@type":"WebSite","@id":"https:\/\/retradycja.eu\/pl\/#website","url":"https:\/\/retradycja.eu\/pl\/","name":"Festiwal Re:tradycja - Jarmark Jagiello\u0144ski","description":" Lublin, Stare Miasto","publisher":{"@id":"https:\/\/retradycja.eu\/pl\/#organization"},"potentialAction":[{"@type":"SearchAction","target":{"@type":"EntryPoint","urlTemplate":"https:\/\/retradycja.eu\/pl\/?s={search_term_string}"},"query-input":"required name=search_term_string"}],"inLanguage":"pl-PL"},{"@type":"Organization","@id":"https:\/\/retradycja.eu\/pl\/#organization","name":"Warsztaty Kultury w Lublinie","url":"https:\/\/retradycja.eu\/pl\/","logo":{"@type":"ImageObject","inLanguage":"pl-PL","@id":"https:\/\/retradycja.eu\/pl\/#\/schema\/logo\/image\/","url":"https:\/\/retradycja.eu\/wp-content\/uploads\/2022\/06\/logo_retradycje-01.png","contentUrl":"https:\/\/retradycja.eu\/wp-content\/uploads\/2022\/06\/logo_retradycje-01.png","width":332,"height":63,"caption":"Warsztaty Kultury w Lublinie"},"image":{"@id":"https:\/\/retradycja.eu\/pl\/#\/schema\/logo\/image\/"},"sameAs":["https:\/\/www.facebook.com\/retradycja","https:\/\/www.instagram.com\/retradycja_jarmarkjagiellonski\/","https:\/\/www.youtube.com\/user\/JarmarkJagiellonski"]},{"@type":"Person","@id":"https:\/\/retradycja.eu\/pl\/#\/schema\/person\/fd205a687bde7f36f7900874fe9c96c0","name":"Ma\u0142gorzata","image":{"@type":"ImageObject","inLanguage":"pl-PL","@id":"https:\/\/retradycja.eu\/pl\/#\/schema\/person\/image\/","url":"https:\/\/secure.gravatar.com\/avatar\/c2f84c05c7c04cc536472b6e15a984f4?s=96&d=mm&r=g","contentUrl":"https:\/\/secure.gravatar.com\/avatar\/c2f84c05c7c04cc536472b6e15a984f4?s=96&d=mm&r=g","caption":"Ma\u0142gorzata"}}]}},"_links":{"self":[{"href":"https:\/\/retradycja.eu\/pl\/wp-json\/wp\/v2\/posts\/56422"}],"collection":[{"href":"https:\/\/retradycja.eu\/pl\/wp-json\/wp\/v2\/posts"}],"about":[{"href":"https:\/\/retradycja.eu\/pl\/wp-json\/wp\/v2\/types\/post"}],"author":[{"embeddable":true,"href":"https:\/\/retradycja.eu\/pl\/wp-json\/wp\/v2\/users\/5"}],"replies":[{"embeddable":true,"href":"https:\/\/retradycja.eu\/pl\/wp-json\/wp\/v2\/comments?post=56422"}],"version-history":[{"count":2,"href":"https:\/\/retradycja.eu\/pl\/wp-json\/wp\/v2\/posts\/56422\/revisions"}],"predecessor-version":[{"id":56427,"href":"https:\/\/retradycja.eu\/pl\/wp-json\/wp\/v2\/posts\/56422\/revisions\/56427"}],"wp:featuredmedia":[{"embeddable":true,"href":"https:\/\/retradycja.eu\/pl\/wp-json\/wp\/v2\/media\/56423"}],"wp:attachment":[{"href":"https:\/\/retradycja.eu\/pl\/wp-json\/wp\/v2\/media?parent=56422"}],"wp:term":[{"taxonomy":"category","embeddable":true,"href":"https:\/\/retradycja.eu\/pl\/wp-json\/wp\/v2\/categories?post=56422"},{"taxonomy":"post_tag","embeddable":true,"href":"https:\/\/retradycja.eu\/pl\/wp-json\/wp\/v2\/tags?post=56422"}],"curies":[{"name":"wp","href":"https:\/\/api.w.org\/{rel}","templated":true}]}}