{"id":55661,"date":"2024-08-21T15:00:30","date_gmt":"2024-08-21T13:00:30","guid":{"rendered":"https:\/\/retradycja.eu\/?p=55661"},"modified":"2024-08-21T15:37:32","modified_gmt":"2024-08-21T13:37:32","slug":"wyspiewaj-tradycje-przed-nami-festiwal-retradycja-jarmark-jagiellonski-2024","status":"publish","type":"post","link":"https:\/\/retradycja.eu\/pl\/wyspiewaj-tradycje-przed-nami-festiwal-retradycja-jarmark-jagiellonski-2024\/","title":{"rendered":"Wy\u015bpiewaj tradycj\u0119. Przed nami Festiwal Re:tradycja \u2013 Jarmark Jagiello\u0144ski 2024!"},"content":{"rendered":"<div class=\"fusion-fullwidth fullwidth-box fusion-builder-row-1 fusion-flex-container nonhundred-percent-fullwidth non-hundred-percent-height-scrolling\" style=\"--awb-border-radius-top-left:0px;--awb-border-radius-top-right:0px;--awb-border-radius-bottom-right:0px;--awb-border-radius-bottom-left:0px;--awb-flex-wrap:wrap;\" ><div class=\"fusion-builder-row fusion-row fusion-flex-align-items-flex-start fusion-flex-content-wrap\" style=\"max-width:calc( 1920px + 0px );margin-left: calc(-0px \/ 2 );margin-right: calc(-0px \/ 2 );\"><div class=\"fusion-layout-column fusion_builder_column fusion-builder-column-0 fusion_builder_column_1_1 1_1 fusion-flex-column\" style=\"--awb-bg-size:cover;--awb-width-large:100%;--awb-margin-top-large:0px;--awb-spacing-right-large:0px;--awb-margin-bottom-large:0px;--awb-spacing-left-large:0px;--awb-width-medium:100%;--awb-spacing-right-medium:0px;--awb-spacing-left-medium:0px;--awb-width-small:100%;--awb-spacing-right-small:0px;--awb-spacing-left-small:0px;\"><div class=\"fusion-column-wrapper fusion-flex-justify-content-flex-start fusion-content-layout-column\"><div class=\"fusion-text fusion-text-1\"><p><strong>Ju\u017c za kilka dni rozpocznie si\u0119 Festiwal Re:tradycja \u2013 Jarmark Jagiello\u0144ski (23\u201325 sierpnia). Po raz 18. Warsztaty Kultury w Lublinie zapraszaj\u0105 na sierpniowy weekend pe\u0142en muzyki, sztuki ludowej oraz tradycyjnego rzemios\u0142a. W tegorocznym programie wydarzenia zwracamy szczeg\u00f3ln\u0105 uwag\u0119 na \u015bpiew tradycyjny. Nie zabraknie inspiruj\u0105cych spotka\u0144 oraz warsztat\u00f3w, kt\u00f3re pozwol\u0105 zg\u0142\u0119bi\u0107 techniki wokalne, a tak\u017ce dowiedzie\u0107 si\u0119 wi\u0119cej o znaczeniu muzyki w kontek\u015bcie to\u017csamo\u015bci i historii poszczeg\u00f3lnych spo\u0142eczno\u015bci. Ca\u0142o\u015b\u0107 programu dope\u0142ni\u0105 koncerty, podczas kt\u00f3rych arty\u015bci zaprezentuj\u0105 r\u00f3\u017cnorodno\u015b\u0107 brzmie\u0144 i tradycji z r\u00f3\u017cnych zak\u0105tk\u00f3w Polski i Europy.<\/strong><\/p>\n<h2>Opis<\/h2>\n<p>Tematem przewodnim Festiwalu jest w tym roku \u015bpiew tradycyjny. Aby podkre\u015bli\u0107 jego znaczenie w kulturze i dziedzictwie regionalnym, zapraszamy na wyj\u0105tkowe spotkania dotycz\u0105ce symboliki pie\u015bni ludowych, tradycji repertuaru migrant\u00f3w polskich z Galicji oraz historii utwor\u00f3w nowiniarskich.<\/p>\n<p>Spotkania po\u015bwi\u0119cone \u015bpiewowi tradycyjnemu to wyj\u0105tkowa okazja do odkrywania i zg\u0142\u0119biania bogactwa kultur przekazywanych z pokolenia na pokolenie. W ich trakcie uczestnicy i uczestniczki maj\u0105 szans\u0119 nie tylko pos\u0142ucha\u0107 unikalnych pie\u015bni, lecz tak\u017ce dowiedzie\u0107 si\u0119 wi\u0119cej o kontek\u015bcie, z kt\u00f3rego wyrastaj\u0105 \u2013 o obrz\u0119dach, codziennych zwyczajach i historii. Te wydarzenia to przestrze\u0144, gdzie teoria spotyka si\u0119 z praktyk\u0105 \u2013 od rozm\u00f3w o technikach \u015bpiewu po warsztaty, kt\u00f3re pozwalaj\u0105 na do\u015bwiadczenie tej tradycji na w\u0142asnej sk\u00f3rze.<\/p>\n<p>W sobot\u0119 (24 sierpnia) w ramach Festiwalu Re:tradycja \u2013 Jarmark Jagiello\u0144ski odb\u0119dzie si\u0119 <a href=\"https:\/\/retradycja.eu\/pl\/events\/spotkanie-jas-koniki-poil-kasia-wode-brala-o-czym-naprawde-sa-piesni-ludowe\/\"><strong>spotkanie po\u015bwi\u0119cone symbolice pie\u015bni ludowych.<\/strong><\/a> &nbsp;<\/p>\n<p><strong>\u2013<\/strong> <em>\u201eJa\u015b sobie za\u015bpiewa\u0142, Kasia zap\u0142aka\u0142a\u201d. Czemu Ja\u015b \u015bpiewa? Bo napoi\u0142 konika. Czemu dziewczyna p\u0142acze? Bo wypi\u0142 jej wod\u0119. Cho\u0107 ko\u0144 i woda brzmi\u0105 zupe\u0142nie zwyczajnie, maj\u0105 ukryt\u0105 symbolik\u0119. Podobnie jest z innymi elementami \u015bwiata w pie\u015bniach ludowych, takimi jak z\u0142oty p\u0142u\u017cek, ruciany wianek, kalinowy las, bujny wiatr czy zimna rosa. Znaczenia symboliczne maj\u0105 z pozoru codzienne czynno\u015bci, jak sianie zbo\u017ca, koszenie \u0142\u0105ki, pasienie g\u0119si czy rwanie wi\u015bni<\/em> \u2013 opowiadaj\u0105 prowadz\u0105ce, dr Anna Kaczan i dr Katarzyna Prorok z Pracowni Etnolingwistycznej im. Jerzego Bartmi\u0144skiego Uniwersytetu Marii Curie-Sk\u0142odowskiej w Lublinie.<\/p>\n<p>Podczas spotkania uczestnicy i uczestniczki pos\u0142uchaj\u0105 autentycznych nagra\u0144 pie\u015bni ludowych z Pracowni Etnolingwistycznej im. Jerzego Bartmi\u0144skiego.<\/p>\n<p>Tego samego dnia (24 sierpnia) odb\u0119dzie si\u0119 <strong><a href=\"https:\/\/retradycja.eu\/pl\/events\/spotkanie-szlakiem-reemigrantow-joanna-skowronska\/\">spotkanie z Joann\u0105 Skowro\u0144sk\u0105 po\u015bwi\u0119cone migrantom polskim z Galicji<\/a>,<\/strong> kt\u00f3rzy przez kilka pokole\u0144 mieszkali w Bo\u015bni i Chorwacji, by po 1946 r. znale\u017a\u0107 si\u0119 na Dolnym \u015al\u0105sku w okolicach Boles\u0142awca.<\/p>\n<p>\u2013 <em>Na podstawie map, nagra\u0144, zdj\u0119\u0107 i opowie\u015bci prze\u015bledzimy niezwykle ciekawy repertuar pocz\u0105wszy od pie\u015bni, przez muzyk\u0119, a\u017c po ta\u0144ce. Dowiemy si\u0119, jaki jest dalszy los tej niezwyk\u0142ej tradycji powsta\u0142ej na styku kultur ba\u0142ka\u0144skiej i polskiej<\/em> \u2013 opowiada Joanna Skowro\u0144ska.<\/p>\n<p>W niedziel\u0119 b\u0119dzie mo\u017cna uczestniczy\u0107 w spotkaniu <a href=\"https:\/\/retradycja.eu\/pl\/events\/spotkanie-o-piesniach-nowiniarskich-slow-kilka-piotr-wawrzkiewicz-letnia-szkola-tradycji\/\"><strong>\u201eO pie\u015bniach nowiniarskich s\u0142\u00f3w kilka\u201d<\/strong><\/a>. Pie\u015bni nowiniarskie stanowi\u0105 s\u0142abo zbadan\u0105 ga\u0142\u0105\u017a literatury aktualnej. Rzadko pojawiaj\u0105 si\u0119 w antologiach, a je\u015bli ju\u017c, to oderwane od wydarzenia lub kontekstu b\u0119d\u0105cego powodem ich powstania.<\/p>\n<p>\u2013 &nbsp;<em>W wielu przypadkach ci\u0119\u017cko jest ustali\u0107, jakie wydarzenie stanowi\u0142o podstaw\u0119 do powstania pie\u015bni. W tekstach zazwyczaj nie pojawiaj\u0105 si\u0119 nazwiska czy miejscowo\u015bci. Ale gdy ju\u017c na nie trafimy\u2026 otwieraj\u0105 drog\u0119 do wej\u015bcia w g\u0142owy pomys\u0142owych wydawc\u00f3w i nak\u0142ad\u00f3w z prze\u0142omu XIX i XX wieku. Liryczna sielanka, katastrofy, krew, dziateczki patrz\u0105ce anielskimi oczami \u2013 oto recepta na pie\u015b\u0144 nowiniarsk\u0105 <\/em>\u2013 opowiada Piotr Wawrzkiewicz, prowadz\u0105cy spotkanie.<\/p>\n<p>Dla bardziej zaanga\u017cowanych i chc\u0105cych dok\u0142adnie zg\u0142\u0119bi\u0107 tajniki \u015bpiewu tradycyjnego jest&nbsp; odbywaj\u0105ca si\u0119 jako wydarzenie towarzysz\u0105ce Letnia Szko\u0142a Tradycji organizowana przez Fundacj\u0119 Kultura Enter. To program specjalistycznych i rozbudowanych warsztat\u00f3w trwaj\u0105cych a\u017c cztery dni. Podstawow\u0105 zasad\u0105 podczas warsztat\u00f3w jest umo\u017cliwienie nawi\u0105zania relacji mistrz<strong>&#8211;<\/strong>ucze\u0144. Co roku temat Letniej Szko\u0142y Tradycji jest inny. Tym razem to spotkanie ze \u015bpiewem wybranych grup etnicznych i etnograficznych zamieszkuj\u0105cych Polsk\u0119, a tak\u017ce z tradycj\u0105 reemigrant\u00f3w.<\/p>\n<p>Poprzez dotkni\u0119cie tego tematu chcemy zwr\u00f3ci\u0107 uwag\u0119 na r\u00f3\u017cnorodno\u015b\u0107 tradycji \u015bpiewaczych w Polsce. Istotny b\u0119dzie zar\u00f3wno temat utwor\u00f3w, cechy typowe dla danej tradycji \u015bpiewaczej, jak i j\u0119zyk, w jakim s\u0105 wykonywane pie\u015bni. Ka\u017cda z prezentowanych grup stara si\u0119 bowiem podtrzymywa\u0107 sw\u00f3j j\u0119zyk\/gwar\u0119, a tradycje \u015bpiewacze s\u0105 istotnym elementem tego przekazu.<\/p>\n<p>Na Letni\u0105 Szko\u0142\u0119 Tradycji zapisy s\u0105 ju\u017c zako\u0144czone, ale nadal trwa nab\u00f3r na warsztaty <a href=\"https:\/\/retradycja.eu\/pl\/events\/warsztaty-spiewu-tradycyjnego-z-miroslawem-kolasa-zapisy-od-12-sierpnia-2024\/\"><strong>ze <\/strong><strong>\u015bpiewakiem Miros\u0142awem Kolas\u0105 <\/strong><\/a>(25 sierpnia o godz. 15.30)<strong>, <\/strong>kt\u00f3re b\u0119d\u0105 okazj\u0105 do poznania m.in. wykonywanych przez niego kol\u0119d \u017cycz\u0105cych nagrodzonych w 2023 r. I nagrod\u0105 na Og\u00f3lnopolskim Festiwalu Kapel i \u015apiewak\u00f3w Ludowych w Kazimierzu Dolnym. Tego samego dnia, o godzinie 16.00, odb\u0119d\u0105 si\u0119 <strong><a href=\"https:\/\/retradycja.eu\/pl\/events\/warsztaty-piesni-aktualizowanych-z-piotrem-wawrzkiewiczem-letnia-szkola-tradycji-zapisy-ruszaja-12-sierpnia-2024\/\">warsztaty pie\u015bni aktualizowanych z Piotrem Wawrzkiewiczem<\/a>. <\/strong>W ich trakcie zostan\u0105 om\u00f3wione inspiracje autor\u00f3w, a w dalszej cz\u0119\u015bci, na podstawie wsp\u00f3\u0142czesnych artyku\u0142\u00f3w prasowych, uczestnicy i uczestniczki warsztatu napisz\u0105 pie\u015b\u0144(i) wed\u0142ug poznanych regu\u0142. Aby wzi\u0105\u0107 udzia\u0142 w warsztatach nale\u017cy wype\u0142ni\u0107 formularz zg\u0142oszeniowy dost\u0119pny na stronie retradycja.eu<\/p>\n<p>W programie wydarzenia nie zabraknie tak\u017ce koncert\u00f3w. Program zosta\u0142 tak dobrany, aby skupi\u0107 si\u0119 w\u0142a\u015bnie na temacie bogactwa \u015bpiewu tradycyjnego r\u00f3\u017cnych region\u00f3w Polski i Europy.<\/p>\n<p>Artystk\u0105, kt\u00f3r\u0105 us\u0142yszymy w Lublinie podczas Festiwalu, b\u0119dzie <a href=\"https:\/\/retradycja.eu\/pl\/artysta\/katarina-barruk-sa-swe-nor\/\"><strong>Katarina Barruk<\/strong><\/a> wykorzystuj\u0105ca w swoich utworach zar\u00f3wno lokalny j\u0119zyk Saam\u00f3w, jak i charakterystyczne dla nich joikowanie. Wszystkie te elementy \u0142\u0105czy z improwizacj\u0105 muzyczn\u0105, tworz\u0105c zjawiskow\u0105 ca\u0142o\u015b\u0107. W czasie lubelskiego koncertu wraz z Katarin\u0105 Barruk zaprezentuj\u0105 si\u0119 norwescy muzycy <strong>Arnljot Nordvik<\/strong> i <strong>Vegard Bjerkan<\/strong>. Zesp\u00f3\u0142 w tym sk\u0142adzie wyst\u0105pi w Polsce po raz pierwszy. Na ich koncert zapraszamy w sobot\u0119 24 sierpnia o godz. 19.30 na B\u0142onia pod Zamkiem, gdzie po raz kolejny zlokalizowana b\u0119dzie G\u0142\u00f3wna Scena Festiwalu. Tego samego dnia, o godzinie 20.30, wyst\u0105pi francuski zesp\u00f3\u0142 <strong><a href=\"https:\/\/retradycja.eu\/pl\/artysta\/barrut-fra\/\">Barrut<\/a> \u2013<\/strong> si\u0142a g\u0142os\u00f3w splataj\u0105cych si\u0119 w energetycznej polifonii i nawi\u0105zuj\u0105cych do tradycji Oksytanii r\u00f3wnie\u017c poprzez j\u0119zyk oksyta\u0144ski, w jakim \u015bpiewaj\u0105 arty\u015bci. W niedziel\u0119, 25 sierpnia o godz. 14.00, w Bazylice oo. Dominikan\u00f3w, wyst\u0105pi zesp\u00f3\u0142 <a href=\"https:\/\/retradycja.eu\/pl\/artysta\/dresze-pol\/\"><strong>Dr\u00ebsz\u00eb<\/strong><\/a> kontynuuj\u0105cy kaszubskie tradycje muzyczne i \u015bpiewacze. Wieczorem przeniesiemy si\u0119 na B\u0142onia pod Zamkiem, gdzie b\u0119dzie mo\u017cna us\u0142ysze\u0107 pochodz\u0105c\u0105 z Estonii grup\u0119<a href=\"https:\/\/retradycja.eu\/pl\/artysta\/duo-ruut-est\/\"> <strong>Duo Ruut<\/strong>,<\/a> czyli <strong>Katariin\u0119 Kivi i Ann-Lisett Rebane<\/strong>. Zesp\u00f3\u0142 wykonuje autorskie melodie, ale w warstwie tekstowej swoich utwor\u00f3w korzysta z inspiracji tradycyjnych, przypominaj\u0105c o w\u0105tkach zawartych w dawnych esto\u0144skich pie\u015bniach. Podczas tego wieczoru na festiwalowej scenie us\u0142yszymy tak\u017ce polski sk\u0142ad <strong><a href=\"https:\/\/retradycja.eu\/pl\/artysta\/duality-pol\/\">Duality<\/a>.<\/strong> Zesp\u00f3\u0142 wykonuje autorskie kompozycje inspirowane melodiami i pie\u015bniami pogranicza polsko-bia\u0142oruskiego oraz szeroko poj\u0119tego world music i muzyki elektronicznej.&nbsp; To oczywi\u015bcie tylko niewielka cz\u0119\u015b\u0107 wydarze\u0144, kt\u00f3re odb\u0119d\u0105 si\u0119 w ramach Festiwalu Re:tradycja \u2013 Jarmark Jagiello\u0144ski.<\/p>\n<p>Podczas wieczornych pota\u0144c\u00f3wek do ta\u0144ca zagraj\u0105: <a href=\"https:\/\/retradycja.eu\/pl\/artysta\/orkiestra-podrozniacy-pol\/\"><strong>Orkiestra Podr\u00f3\u017cniacy<\/strong><\/a> z\u0142o\u017cona z m\u0142odych entuzjastek i entuzjast\u00f3w instrument\u00f3w d\u0119tych wykonuj\u0105ca repertuar orkiestr roztocza\u0144skich, <strong><a href=\"https:\/\/retradycja.eu\/pl\/artysta\/kapela-dobrzeliniacy-pol\/\">Kapela Dobrzeliniacy<\/a>,<\/strong> kt\u00f3ra zaprezentuje publiczno\u015bci repertuar pogranicza kutnowsko-\u0142owicko-\u0142\u0119czyckiego, <a href=\"https:\/\/retradycja.eu\/pl\/artysta\/kapela-fedakow-pol\/\"><strong>Kapela Fedak\u00f3w,<\/strong><\/a> kt\u00f3ra gra muzyk\u0119 tradycyjn\u0105 ze \u015al\u0105ska i innych cz\u0119\u015bci kraju, <a href=\"https:\/\/retradycja.eu\/pl\/artysta\/kapela-wyrwinskiego-pol\/\"><strong>Kapela J\u00f3zefa Wyrwi\u0144skiego<\/strong><\/a> graj\u0105cego na harmonii trzyrz\u0119dowej,<a href=\"https:\/\/retradycja.eu\/pl\/artysta\/kapela-bornego-pol\/\"> <strong>Kapela Bornego<\/strong><\/a>, kt\u00f3ra czerpie bezpo\u015brednio od mistrz\u00f3w, m.in. od Stanis\u0142awa G\u0142aza, Bronis\u0142awa Bidy i Zbigniewa Butryna,<a href=\"https:\/\/retradycja.eu\/pl\/artysta\/chlopcy-z-nowoszyszek-pol\/\"> <strong>Ch\u0142opcy z Nowoszyszek<\/strong><\/a> z tradycyjn\u0105 muzyk\u0105 taneczn\u0105 z Suwalszczyzny i <a href=\"https:\/\/retradycja.eu\/pl\/artysta\/hraybery-%d0%b3%d1%80%d0%b0%d0%b9%d0%b1%d0%b5%d1%80%d0%b8-pol-ukr\/\"><em><strong>HrayBery<\/strong><\/em><strong>\/\u0413\u0440\u0430\u0439\u0411\u0435\u0440\u0438<\/strong><\/a> kapela graj\u0105ca melodie tradycyjne z teren\u00f3w Galicji Wschodniej.&nbsp;<\/p>\n<p>Na publiczno\u015b\u0107 czeka tak\u017ce modu\u0142 rzemie\u015blniczy, czyli Jarmark Jagiello\u0144ski, na kt\u00f3rym swoje niepowtarzalne wyroby zaprezentuje 120 artyst\u00f3w \u2013 tw\u00f3rc\u00f3w ludowych i tradycyjnych rzemie\u015blnik\u00f3w. W programie s\u0105 tak\u017ce wystawy \u2013 fotograficzna, rze\u017aby czy zwi\u0105zana z archiwami pie\u015bni. Nie zabraknie uwielbianego przez mieszka\u0144c\u00f3w Lublina paj\u0105ka w Bramie Krakowskiej.&nbsp;Warto wybra\u0107 si\u0119 tak\u017ce na Podw\u00f3rko Re:tradycji, gdzie b\u0119dzie znajdowa\u0107 si\u0119 przestrze\u0144 gier i zabaw tradycyjnych. Na B\u0142oniach pod Zamkiem b\u0119dzie mo\u017cna np. sprawdzi\u0107 swoje umiej\u0119tno\u015bci w przeci\u0105ganiu si\u0119 na d\u0119bowej beczce, grze w kapsle czy w hacele. Uwaga! To strefa nie tylko dla dzieci!<\/p>\n<div class=\"fusion-aligncenter\"><a class=\"fusion-button button-flat button-large button-default fusion-button-default button-1 fusion-button-default-span fusion-button-default-type\" style=\"--button_margin-top:2%;--button_margin-bottom:2%;\" target=\"_blank\" rel=\"noopener noreferrer\" href=\"https:\/\/retradycja.eu\/program-2024\"><span class=\"fusion-button-text\">sprawd\u017a program<\/span><\/a><\/div>\n<hr>\n<p><strong>Festiwal Re:tradycja \u2013 Jarmark Jagiello\u0144ski<br \/>\n23\u201325 sierpnia 2024<br \/>\nLublin \u2013 Stare Miasto, B\u0142onia pod Zamkiem<br \/>\nWst\u0119p wolny<\/strong><\/p>\n<p><strong>Organizatorzy:<\/strong> Warsztaty Kultury w Lublinie, Instytucja Kultury Miasta Lublin, Lublin Miasto Inspiracji<br \/>\n<strong>Patronat honorowy:<\/strong> Prezydent Miasta Lublin \u2013 Krzysztof \u017buk, Narodowy Instytut Dziedzictwa<br \/>\nDofinansowano ze \u015brodk\u00f3w Ministra Kultury i Dziedzictwa Narodowego.<br \/>\n<strong>Sponsor: <\/strong>Herbapol \u2013 Lublin S.A.<strong><br \/>\nPartnerzy:<\/strong> Muzeum Narodowe w Lublinie, Ivan Honchar Museum, Muzeum Wsi Opolskiej, O\u015brodek Praktyk Teatralnych Gardzienice, Dominikanie Lublin, Stowarzyszenie Tw\u00f3rc\u00f3w Ludowych, Fundacja Kultura Enter, Uniwersytet Marii Curie \u2013 Sk\u0142odowskiej w Lublinie<br \/>\n<strong>Patroni medialni:<\/strong> Polskie Radio Program II, Polskie Radio Dzieciom, Radiowe Centrum Kultury Ludowej, Gazeta Wyborcza, KulturaLudowa.pl, MuzykaTradycyjna.pl, Czas Dzieci, Kultura Enter, ONET<\/p>\n<p>&nbsp;<\/p>\n<\/div><\/div><\/div><\/div><\/div>\n","protected":false},"excerpt":{"rendered":"","protected":false},"author":5,"featured_media":55667,"comment_status":"closed","ping_status":"open","sticky":false,"template":"","format":"standard","meta":{"_acf_changed":false,"ngg_post_thumbnail":0,"footnotes":""},"categories":[1],"tags":[],"acf":[],"yoast_head":"<!-- This site is optimized with the Yoast SEO plugin v22.2 - https:\/\/yoast.com\/wordpress\/plugins\/seo\/ -->\n<title>Wy\u015bpiewaj tradycj\u0119. Przed nami Festiwal Re:tradycja 2024!<\/title>\n<meta name=\"description\" content=\"Po raz 18. Warsztaty Kultury w Lublinie zapraszaj\u0105 na sierpniowy weekend pe\u0142en muzyki, sztuki ludowej oraz tradycyjnego rzemios\u0142a.\" \/>\n<meta name=\"robots\" content=\"index, follow, max-snippet:-1, max-image-preview:large, max-video-preview:-1\" \/>\n<link rel=\"canonical\" href=\"https:\/\/retradycja.eu\/pl\/wyspiewaj-tradycje-przed-nami-festiwal-retradycja-jarmark-jagiellonski-2024\/\" \/>\n<meta property=\"og:locale\" content=\"pl_PL\" \/>\n<meta property=\"og:type\" content=\"article\" \/>\n<meta property=\"og:title\" content=\"Wy\u015bpiewaj tradycj\u0119. Przed nami Festiwal Re:tradycja 2024!\" \/>\n<meta property=\"og:description\" content=\"Po raz 18. Warsztaty Kultury w Lublinie zapraszaj\u0105 na sierpniowy weekend pe\u0142en muzyki, sztuki ludowej oraz tradycyjnego rzemios\u0142a.\" \/>\n<meta property=\"og:url\" content=\"https:\/\/retradycja.eu\/pl\/wyspiewaj-tradycje-przed-nami-festiwal-retradycja-jarmark-jagiellonski-2024\/\" \/>\n<meta property=\"og:site_name\" content=\"Festiwal Re:tradycja - Jarmark Jagiello\u0144ski\" \/>\n<meta property=\"article:publisher\" content=\"https:\/\/www.facebook.com\/retradycja\" \/>\n<meta property=\"article:published_time\" content=\"2024-08-21T13:00:30+00:00\" \/>\n<meta property=\"article:modified_time\" content=\"2024-08-21T13:37:32+00:00\" \/>\n<meta property=\"og:image\" content=\"https:\/\/retradycja.eu\/wp-content\/uploads\/2024\/08\/warsztaty_spiew_hd_matecznik.jpg\" \/>\n\t<meta property=\"og:image:width\" content=\"1920\" \/>\n\t<meta property=\"og:image:height\" content=\"1080\" \/>\n\t<meta property=\"og:image:type\" content=\"image\/jpeg\" \/>\n<meta name=\"author\" content=\"Ma\u0142gorzata\" \/>\n<meta name=\"twitter:card\" content=\"summary_large_image\" \/>\n<meta name=\"twitter:label1\" content=\"Napisane przez\" \/>\n\t<meta name=\"twitter:data1\" content=\"Ma\u0142gorzata\" \/>\n\t<meta name=\"twitter:label2\" content=\"Szacowany czas czytania\" \/>\n\t<meta name=\"twitter:data2\" content=\"8 minut\" \/>\n<script type=\"application\/ld+json\" class=\"yoast-schema-graph\">{\"@context\":\"https:\/\/schema.org\",\"@graph\":[{\"@type\":\"Article\",\"@id\":\"https:\/\/retradycja.eu\/pl\/wyspiewaj-tradycje-przed-nami-festiwal-retradycja-jarmark-jagiellonski-2024\/#article\",\"isPartOf\":{\"@id\":\"https:\/\/retradycja.eu\/pl\/wyspiewaj-tradycje-przed-nami-festiwal-retradycja-jarmark-jagiellonski-2024\/\"},\"author\":{\"name\":\"Ma\u0142gorzata\",\"@id\":\"https:\/\/retradycja.eu\/pl\/#\/schema\/person\/fd205a687bde7f36f7900874fe9c96c0\"},\"headline\":\"Wy\u015bpiewaj tradycj\u0119. Przed nami Festiwal Re:tradycja \u2013 Jarmark Jagiello\u0144ski 2024!\",\"datePublished\":\"2024-08-21T13:00:30+00:00\",\"dateModified\":\"2024-08-21T13:37:32+00:00\",\"mainEntityOfPage\":{\"@id\":\"https:\/\/retradycja.eu\/pl\/wyspiewaj-tradycje-przed-nami-festiwal-retradycja-jarmark-jagiellonski-2024\/\"},\"wordCount\":2089,\"publisher\":{\"@id\":\"https:\/\/retradycja.eu\/pl\/#organization\"},\"image\":{\"@id\":\"https:\/\/retradycja.eu\/pl\/wyspiewaj-tradycje-przed-nami-festiwal-retradycja-jarmark-jagiellonski-2024\/#primaryimage\"},\"thumbnailUrl\":\"https:\/\/retradycja.eu\/wp-content\/uploads\/2024\/08\/warsztaty_spiew_hd_matecznik.jpg\",\"inLanguage\":\"pl-PL\"},{\"@type\":\"WebPage\",\"@id\":\"https:\/\/retradycja.eu\/pl\/wyspiewaj-tradycje-przed-nami-festiwal-retradycja-jarmark-jagiellonski-2024\/\",\"url\":\"https:\/\/retradycja.eu\/pl\/wyspiewaj-tradycje-przed-nami-festiwal-retradycja-jarmark-jagiellonski-2024\/\",\"name\":\"Wy\u015bpiewaj tradycj\u0119. Przed nami Festiwal Re:tradycja 2024!\",\"isPartOf\":{\"@id\":\"https:\/\/retradycja.eu\/pl\/#website\"},\"primaryImageOfPage\":{\"@id\":\"https:\/\/retradycja.eu\/pl\/wyspiewaj-tradycje-przed-nami-festiwal-retradycja-jarmark-jagiellonski-2024\/#primaryimage\"},\"image\":{\"@id\":\"https:\/\/retradycja.eu\/pl\/wyspiewaj-tradycje-przed-nami-festiwal-retradycja-jarmark-jagiellonski-2024\/#primaryimage\"},\"thumbnailUrl\":\"https:\/\/retradycja.eu\/wp-content\/uploads\/2024\/08\/warsztaty_spiew_hd_matecznik.jpg\",\"datePublished\":\"2024-08-21T13:00:30+00:00\",\"dateModified\":\"2024-08-21T13:37:32+00:00\",\"description\":\"Po raz 18. Warsztaty Kultury w Lublinie zapraszaj\u0105 na sierpniowy weekend pe\u0142en muzyki, sztuki ludowej oraz tradycyjnego rzemios\u0142a.\",\"breadcrumb\":{\"@id\":\"https:\/\/retradycja.eu\/pl\/wyspiewaj-tradycje-przed-nami-festiwal-retradycja-jarmark-jagiellonski-2024\/#breadcrumb\"},\"inLanguage\":\"pl-PL\",\"potentialAction\":[{\"@type\":\"ReadAction\",\"target\":[\"https:\/\/retradycja.eu\/pl\/wyspiewaj-tradycje-przed-nami-festiwal-retradycja-jarmark-jagiellonski-2024\/\"]}]},{\"@type\":\"ImageObject\",\"inLanguage\":\"pl-PL\",\"@id\":\"https:\/\/retradycja.eu\/pl\/wyspiewaj-tradycje-przed-nami-festiwal-retradycja-jarmark-jagiellonski-2024\/#primaryimage\",\"url\":\"https:\/\/retradycja.eu\/wp-content\/uploads\/2024\/08\/warsztaty_spiew_hd_matecznik.jpg\",\"contentUrl\":\"https:\/\/retradycja.eu\/wp-content\/uploads\/2024\/08\/warsztaty_spiew_hd_matecznik.jpg\",\"width\":1920,\"height\":1080,\"caption\":\"Na grafice s\u0105 trzy kobiety, kt\u00f3re trzymaj\u0105 \u015bpiewniki w d\u0142oniach. Napis: \u015bpiew tradycyjny. Retratycja Lublin 23-25.08.2024\"},{\"@type\":\"BreadcrumbList\",\"@id\":\"https:\/\/retradycja.eu\/pl\/wyspiewaj-tradycje-przed-nami-festiwal-retradycja-jarmark-jagiellonski-2024\/#breadcrumb\",\"itemListElement\":[{\"@type\":\"ListItem\",\"position\":1,\"name\":\"Strona g\u0142\u00f3wna\",\"item\":\"https:\/\/retradycja.eu\/pl\/\"},{\"@type\":\"ListItem\",\"position\":2,\"name\":\"Wy\u015bpiewaj tradycj\u0119. Przed nami Festiwal Re:tradycja \u2013 Jarmark Jagiello\u0144ski 2024!\"}]},{\"@type\":\"WebSite\",\"@id\":\"https:\/\/retradycja.eu\/pl\/#website\",\"url\":\"https:\/\/retradycja.eu\/pl\/\",\"name\":\"Festiwal Re:tradycja - Jarmark Jagiello\u0144ski\",\"description\":\" Lublin, Stare Miasto\",\"publisher\":{\"@id\":\"https:\/\/retradycja.eu\/pl\/#organization\"},\"potentialAction\":[{\"@type\":\"SearchAction\",\"target\":{\"@type\":\"EntryPoint\",\"urlTemplate\":\"https:\/\/retradycja.eu\/pl\/?s={search_term_string}\"},\"query-input\":\"required name=search_term_string\"}],\"inLanguage\":\"pl-PL\"},{\"@type\":\"Organization\",\"@id\":\"https:\/\/retradycja.eu\/pl\/#organization\",\"name\":\"Warsztaty Kultury w Lublinie\",\"url\":\"https:\/\/retradycja.eu\/pl\/\",\"logo\":{\"@type\":\"ImageObject\",\"inLanguage\":\"pl-PL\",\"@id\":\"https:\/\/retradycja.eu\/pl\/#\/schema\/logo\/image\/\",\"url\":\"https:\/\/retradycja.eu\/wp-content\/uploads\/2022\/06\/logo_retradycje-01.png\",\"contentUrl\":\"https:\/\/retradycja.eu\/wp-content\/uploads\/2022\/06\/logo_retradycje-01.png\",\"width\":332,\"height\":63,\"caption\":\"Warsztaty Kultury w Lublinie\"},\"image\":{\"@id\":\"https:\/\/retradycja.eu\/pl\/#\/schema\/logo\/image\/\"},\"sameAs\":[\"https:\/\/www.facebook.com\/retradycja\",\"https:\/\/www.instagram.com\/retradycja_jarmarkjagiellonski\/\",\"https:\/\/www.youtube.com\/user\/JarmarkJagiellonski\"]},{\"@type\":\"Person\",\"@id\":\"https:\/\/retradycja.eu\/pl\/#\/schema\/person\/fd205a687bde7f36f7900874fe9c96c0\",\"name\":\"Ma\u0142gorzata\",\"image\":{\"@type\":\"ImageObject\",\"inLanguage\":\"pl-PL\",\"@id\":\"https:\/\/retradycja.eu\/pl\/#\/schema\/person\/image\/\",\"url\":\"https:\/\/secure.gravatar.com\/avatar\/c2f84c05c7c04cc536472b6e15a984f4?s=96&d=mm&r=g\",\"contentUrl\":\"https:\/\/secure.gravatar.com\/avatar\/c2f84c05c7c04cc536472b6e15a984f4?s=96&d=mm&r=g\",\"caption\":\"Ma\u0142gorzata\"}}]}<\/script>\n<!-- \/ Yoast SEO plugin. -->","yoast_head_json":{"title":"Wy\u015bpiewaj tradycj\u0119. Przed nami Festiwal Re:tradycja 2024!","description":"Po raz 18. Warsztaty Kultury w Lublinie zapraszaj\u0105 na sierpniowy weekend pe\u0142en muzyki, sztuki ludowej oraz tradycyjnego rzemios\u0142a.","robots":{"index":"index","follow":"follow","max-snippet":"max-snippet:-1","max-image-preview":"max-image-preview:large","max-video-preview":"max-video-preview:-1"},"canonical":"https:\/\/retradycja.eu\/pl\/wyspiewaj-tradycje-przed-nami-festiwal-retradycja-jarmark-jagiellonski-2024\/","og_locale":"pl_PL","og_type":"article","og_title":"Wy\u015bpiewaj tradycj\u0119. Przed nami Festiwal Re:tradycja 2024!","og_description":"Po raz 18. Warsztaty Kultury w Lublinie zapraszaj\u0105 na sierpniowy weekend pe\u0142en muzyki, sztuki ludowej oraz tradycyjnego rzemios\u0142a.","og_url":"https:\/\/retradycja.eu\/pl\/wyspiewaj-tradycje-przed-nami-festiwal-retradycja-jarmark-jagiellonski-2024\/","og_site_name":"Festiwal Re:tradycja - Jarmark Jagiello\u0144ski","article_publisher":"https:\/\/www.facebook.com\/retradycja","article_published_time":"2024-08-21T13:00:30+00:00","article_modified_time":"2024-08-21T13:37:32+00:00","og_image":[{"width":1920,"height":1080,"url":"https:\/\/retradycja.eu\/wp-content\/uploads\/2024\/08\/warsztaty_spiew_hd_matecznik.jpg","type":"image\/jpeg"}],"author":"Ma\u0142gorzata","twitter_card":"summary_large_image","twitter_misc":{"Napisane przez":"Ma\u0142gorzata","Szacowany czas czytania":"8 minut"},"schema":{"@context":"https:\/\/schema.org","@graph":[{"@type":"Article","@id":"https:\/\/retradycja.eu\/pl\/wyspiewaj-tradycje-przed-nami-festiwal-retradycja-jarmark-jagiellonski-2024\/#article","isPartOf":{"@id":"https:\/\/retradycja.eu\/pl\/wyspiewaj-tradycje-przed-nami-festiwal-retradycja-jarmark-jagiellonski-2024\/"},"author":{"name":"Ma\u0142gorzata","@id":"https:\/\/retradycja.eu\/pl\/#\/schema\/person\/fd205a687bde7f36f7900874fe9c96c0"},"headline":"Wy\u015bpiewaj tradycj\u0119. Przed nami Festiwal Re:tradycja \u2013 Jarmark Jagiello\u0144ski 2024!","datePublished":"2024-08-21T13:00:30+00:00","dateModified":"2024-08-21T13:37:32+00:00","mainEntityOfPage":{"@id":"https:\/\/retradycja.eu\/pl\/wyspiewaj-tradycje-przed-nami-festiwal-retradycja-jarmark-jagiellonski-2024\/"},"wordCount":2089,"publisher":{"@id":"https:\/\/retradycja.eu\/pl\/#organization"},"image":{"@id":"https:\/\/retradycja.eu\/pl\/wyspiewaj-tradycje-przed-nami-festiwal-retradycja-jarmark-jagiellonski-2024\/#primaryimage"},"thumbnailUrl":"https:\/\/retradycja.eu\/wp-content\/uploads\/2024\/08\/warsztaty_spiew_hd_matecznik.jpg","inLanguage":"pl-PL"},{"@type":"WebPage","@id":"https:\/\/retradycja.eu\/pl\/wyspiewaj-tradycje-przed-nami-festiwal-retradycja-jarmark-jagiellonski-2024\/","url":"https:\/\/retradycja.eu\/pl\/wyspiewaj-tradycje-przed-nami-festiwal-retradycja-jarmark-jagiellonski-2024\/","name":"Wy\u015bpiewaj tradycj\u0119. Przed nami Festiwal Re:tradycja 2024!","isPartOf":{"@id":"https:\/\/retradycja.eu\/pl\/#website"},"primaryImageOfPage":{"@id":"https:\/\/retradycja.eu\/pl\/wyspiewaj-tradycje-przed-nami-festiwal-retradycja-jarmark-jagiellonski-2024\/#primaryimage"},"image":{"@id":"https:\/\/retradycja.eu\/pl\/wyspiewaj-tradycje-przed-nami-festiwal-retradycja-jarmark-jagiellonski-2024\/#primaryimage"},"thumbnailUrl":"https:\/\/retradycja.eu\/wp-content\/uploads\/2024\/08\/warsztaty_spiew_hd_matecznik.jpg","datePublished":"2024-08-21T13:00:30+00:00","dateModified":"2024-08-21T13:37:32+00:00","description":"Po raz 18. Warsztaty Kultury w Lublinie zapraszaj\u0105 na sierpniowy weekend pe\u0142en muzyki, sztuki ludowej oraz tradycyjnego rzemios\u0142a.","breadcrumb":{"@id":"https:\/\/retradycja.eu\/pl\/wyspiewaj-tradycje-przed-nami-festiwal-retradycja-jarmark-jagiellonski-2024\/#breadcrumb"},"inLanguage":"pl-PL","potentialAction":[{"@type":"ReadAction","target":["https:\/\/retradycja.eu\/pl\/wyspiewaj-tradycje-przed-nami-festiwal-retradycja-jarmark-jagiellonski-2024\/"]}]},{"@type":"ImageObject","inLanguage":"pl-PL","@id":"https:\/\/retradycja.eu\/pl\/wyspiewaj-tradycje-przed-nami-festiwal-retradycja-jarmark-jagiellonski-2024\/#primaryimage","url":"https:\/\/retradycja.eu\/wp-content\/uploads\/2024\/08\/warsztaty_spiew_hd_matecznik.jpg","contentUrl":"https:\/\/retradycja.eu\/wp-content\/uploads\/2024\/08\/warsztaty_spiew_hd_matecznik.jpg","width":1920,"height":1080,"caption":"Na grafice s\u0105 trzy kobiety, kt\u00f3re trzymaj\u0105 \u015bpiewniki w d\u0142oniach. Napis: \u015bpiew tradycyjny. Retratycja Lublin 23-25.08.2024"},{"@type":"BreadcrumbList","@id":"https:\/\/retradycja.eu\/pl\/wyspiewaj-tradycje-przed-nami-festiwal-retradycja-jarmark-jagiellonski-2024\/#breadcrumb","itemListElement":[{"@type":"ListItem","position":1,"name":"Strona g\u0142\u00f3wna","item":"https:\/\/retradycja.eu\/pl\/"},{"@type":"ListItem","position":2,"name":"Wy\u015bpiewaj tradycj\u0119. Przed nami Festiwal Re:tradycja \u2013 Jarmark Jagiello\u0144ski 2024!"}]},{"@type":"WebSite","@id":"https:\/\/retradycja.eu\/pl\/#website","url":"https:\/\/retradycja.eu\/pl\/","name":"Festiwal Re:tradycja - Jarmark Jagiello\u0144ski","description":" Lublin, Stare Miasto","publisher":{"@id":"https:\/\/retradycja.eu\/pl\/#organization"},"potentialAction":[{"@type":"SearchAction","target":{"@type":"EntryPoint","urlTemplate":"https:\/\/retradycja.eu\/pl\/?s={search_term_string}"},"query-input":"required name=search_term_string"}],"inLanguage":"pl-PL"},{"@type":"Organization","@id":"https:\/\/retradycja.eu\/pl\/#organization","name":"Warsztaty Kultury w Lublinie","url":"https:\/\/retradycja.eu\/pl\/","logo":{"@type":"ImageObject","inLanguage":"pl-PL","@id":"https:\/\/retradycja.eu\/pl\/#\/schema\/logo\/image\/","url":"https:\/\/retradycja.eu\/wp-content\/uploads\/2022\/06\/logo_retradycje-01.png","contentUrl":"https:\/\/retradycja.eu\/wp-content\/uploads\/2022\/06\/logo_retradycje-01.png","width":332,"height":63,"caption":"Warsztaty Kultury w Lublinie"},"image":{"@id":"https:\/\/retradycja.eu\/pl\/#\/schema\/logo\/image\/"},"sameAs":["https:\/\/www.facebook.com\/retradycja","https:\/\/www.instagram.com\/retradycja_jarmarkjagiellonski\/","https:\/\/www.youtube.com\/user\/JarmarkJagiellonski"]},{"@type":"Person","@id":"https:\/\/retradycja.eu\/pl\/#\/schema\/person\/fd205a687bde7f36f7900874fe9c96c0","name":"Ma\u0142gorzata","image":{"@type":"ImageObject","inLanguage":"pl-PL","@id":"https:\/\/retradycja.eu\/pl\/#\/schema\/person\/image\/","url":"https:\/\/secure.gravatar.com\/avatar\/c2f84c05c7c04cc536472b6e15a984f4?s=96&d=mm&r=g","contentUrl":"https:\/\/secure.gravatar.com\/avatar\/c2f84c05c7c04cc536472b6e15a984f4?s=96&d=mm&r=g","caption":"Ma\u0142gorzata"}}]}},"_links":{"self":[{"href":"https:\/\/retradycja.eu\/pl\/wp-json\/wp\/v2\/posts\/55661"}],"collection":[{"href":"https:\/\/retradycja.eu\/pl\/wp-json\/wp\/v2\/posts"}],"about":[{"href":"https:\/\/retradycja.eu\/pl\/wp-json\/wp\/v2\/types\/post"}],"author":[{"embeddable":true,"href":"https:\/\/retradycja.eu\/pl\/wp-json\/wp\/v2\/users\/5"}],"replies":[{"embeddable":true,"href":"https:\/\/retradycja.eu\/pl\/wp-json\/wp\/v2\/comments?post=55661"}],"version-history":[{"count":4,"href":"https:\/\/retradycja.eu\/pl\/wp-json\/wp\/v2\/posts\/55661\/revisions"}],"predecessor-version":[{"id":55670,"href":"https:\/\/retradycja.eu\/pl\/wp-json\/wp\/v2\/posts\/55661\/revisions\/55670"}],"wp:featuredmedia":[{"embeddable":true,"href":"https:\/\/retradycja.eu\/pl\/wp-json\/wp\/v2\/media\/55667"}],"wp:attachment":[{"href":"https:\/\/retradycja.eu\/pl\/wp-json\/wp\/v2\/media?parent=55661"}],"wp:term":[{"taxonomy":"category","embeddable":true,"href":"https:\/\/retradycja.eu\/pl\/wp-json\/wp\/v2\/categories?post=55661"},{"taxonomy":"post_tag","embeddable":true,"href":"https:\/\/retradycja.eu\/pl\/wp-json\/wp\/v2\/tags?post=55661"}],"curies":[{"name":"wp","href":"https:\/\/api.w.org\/{rel}","templated":true}]}}