{"id":55636,"date":"2024-08-19T11:12:39","date_gmt":"2024-08-19T09:12:39","guid":{"rendered":"https:\/\/retradycja.eu\/?p=55636"},"modified":"2024-08-20T11:27:42","modified_gmt":"2024-08-20T09:27:42","slug":"weekend-z-muzyka","status":"publish","type":"post","link":"https:\/\/retradycja.eu\/pl\/weekend-z-muzyka\/","title":{"rendered":"Weekend pe\u0142en wra\u017ce\u0144!"},"content":{"rendered":"<div class=\"fusion-fullwidth fullwidth-box fusion-builder-row-1 fusion-flex-container nonhundred-percent-fullwidth non-hundred-percent-height-scrolling\" style=\"--awb-border-radius-top-left:0px;--awb-border-radius-top-right:0px;--awb-border-radius-bottom-right:0px;--awb-border-radius-bottom-left:0px;--awb-flex-wrap:wrap;\" ><div class=\"fusion-builder-row fusion-row fusion-flex-align-items-flex-start fusion-flex-content-wrap\" style=\"max-width:calc( 1920px + 0px );margin-left: calc(-0px \/ 2 );margin-right: calc(-0px \/ 2 );\"><div class=\"fusion-layout-column fusion_builder_column fusion-builder-column-0 fusion_builder_column_1_1 1_1 fusion-flex-column\" style=\"--awb-bg-size:cover;--awb-width-large:100%;--awb-margin-top-large:0px;--awb-spacing-right-large:0px;--awb-margin-bottom-large:0px;--awb-spacing-left-large:0px;--awb-width-medium:100%;--awb-spacing-right-medium:0px;--awb-spacing-left-medium:0px;--awb-width-small:100%;--awb-spacing-right-small:0px;--awb-spacing-left-small:0px;\"><div class=\"fusion-column-wrapper fusion-flex-justify-content-flex-start fusion-content-layout-column\"><div class=\"fusion-text fusion-text-1\"><p><strong>Ju\u017c w tym tygodniu startuje Festiwal Re:tradycja \u2013 Jarmark Jagiello\u0144ski (23\u201325 sierpnia, Lublin). W programie wydarzenia nie zabraknie inspiruj\u0105cych wystaw, warsztat\u00f3w i prezentacji rzemios\u0142a. Udzia\u0142 w wydarzeniu to wyj\u0105tkowa okazja, aby zanurzy\u0107 si\u0119 w klimacie kultury tradycyjnej, s\u0142uchaj\u0105c dawnych regionalnych pie\u015bni w nowoczesnych aran\u017cacjach. Wieczorne koncerty na \u015bwie\u017cym powietrzu to idealny pomys\u0142 na spotkanie z przyjaci\u00f3\u0142mi i celebrowanie ostatnich chwil wakacji. Program <a href=\"https:\/\/retradycja.eu\/pl\/piatkowy-wieczor-z-muzyka-tradycyjna-przed-nami-festiwal-retradcyja-jarmark-jagiellonski-2024\/\">koncert\u00f3w na pi\u0105tek<\/a> ju\u017c znasz. Sprawd\u017a line-up na sobot\u0119 i niedziel\u0119!<\/strong><\/p>\n<h2>Koncerty w sobot\u0119 | 24 sierpnia<\/h2>\n<p>W sobot\u0119 (24 sierpnia) o godzinie 19.30 na B\u0142oniach pod lubelskim Zamkiem wyst\u0105pi wyj\u0105tkowa<a href=\"https:\/\/retradycja.eu\/pl\/artysta\/katarina-barruk-sa-swe-nor\/\"><strong> Katarina Barruk.<\/strong><\/a> Artystka w swojej tw\u00f3rczo\u015bci nawi\u0105zuje do tradycji Saam\u00f3w (S\u00e1mi). Chocia\u017c obecnie mieszka w Oslo, to wychowa\u0142a si\u0119 w po\u0142o\u017conej na p\u00f3\u0142nocy Szwecji miejscowo\u015bci Lusspie (szwedzkie Storuman), w rodzinie, w kt\u00f3rej u\u017cywany by\u0142 j\u0119zyk Ume S\u00e1mi. J\u0119zyk ten, wraz z innymi j\u0119zykami saamskimi, jest dzi\u015b uwa\u017cany za krytycznie zagro\u017cony \u2013 pos\u0142uguje si\u0119 nim zaledwie kilkadziesi\u0105t os\u00f3b. W czasie lubelskiego koncertu wraz z Katarin\u0105 Barruk wyst\u0105pi\u0105 norwescy muzycy \u2013 Arnljot Nordvik i Vegard Bjerkan. Zesp\u00f3\u0142 w tym sk\u0142adzie wyst\u0105pi w Polsce po raz pierwszy.<\/p>\n<p>Podczas sobotniego wieczoru us\u0142yszymy zesp\u00f3\u0142 <a href=\"https:\/\/retradycja.eu\/pl\/artysta\/barrut-fra\/\"><strong>Barrut<\/strong><\/a> pochodz\u0105cy z Francji! To si\u0142a g\u0142os\u00f3w splataj\u0105cych si\u0119 w energetycznej polifonii nawi\u0105zuj\u0105cej do tradycji Oksytanii. Melodie s\u0105 uk\u0142adane przez samych artyst\u00f3w, natomiast j\u0119zyk, kt\u00f3rym si\u0119 pos\u0142uguj\u0105, to w\u0142a\u015bnie j\u0119zyk oksyta\u0144ski. W trakcie \u015bpiewu ich g\u0142osy spotykaj\u0105 si\u0119, by chwil\u0119 p\u00f3\u017aniej si\u0119 min\u0105\u0107, nak\u0142ada\u0107 si\u0119 na siebie, wzajemnie nawo\u0142ywa\u0107 i komunikowa\u0107. Rytmiczne oklaski i u\u017cywane przez zesp\u00f3\u0142 b\u0119bny nadaj\u0105 ca\u0142o\u015bci wyj\u0105tkowego charakteru, kt\u00f3ry porywa publiczno\u015b\u0107 i pozwala jej zanurzy\u0107 si\u0119 w oksyta\u0144skich inspiracjach grupy Barrut.<\/p>\n<p>Gdy zako\u0144cz\u0105 si\u0119 wieczorne koncerty, warto pozosta\u0107 na B\u0142oniach pod Zamkiem, by ruszy\u0107 do ta\u0144ca przy melodiach tradycyjnych kapel. Pota\u0144c\u00f3wki w takim klimacie sprzyjaj\u0105 nie tylko zabawie, lecz tak\u017ce bliskim rozmowom w urokliwej scenerii. Przy d\u017awi\u0119kach tradycyjnych melodii mo\u017cna sp\u0119dzi\u0107 czas w wyj\u0105tkowy spos\u00f3b.<\/p>\n<p>W czasie sobotniej pota\u0144c\u00f3wki us\u0142yszymy 3 grupy. Pierwsz\u0105 z nich b\u0119dzie <a href=\"https:\/\/retradycja.eu\/pl\/artysta\/kapela-wyrwinskiego-pol\/\"><strong>Kapela J\u00f3zefa Wyrwi\u0144skiego<\/strong><\/a>, radomskiego harmonisty z Korzyc, kt\u00f3ry kontynuuje tradycje si\u0119gaj\u0105ce w jego rodzinie co najmniej czas\u00f3w prapradziadka. Opr\u00f3cz pana J\u00f3zefa na naszej scenie spotkamy tak\u017ce barabanist\u0119 Mariana Maja i skrzypaczk\u0119 Katarzyn\u0119 Zedel. Kolejn\u0105 kapel\u0105, kt\u00f3ra zaprosi nas do ta\u0144ca, b\u0119d\u0105 <a href=\"https:\/\/retradycja.eu\/pl\/artysta\/chlopcy-z-nowoszyszek-pol\/\"><strong>Ch\u0142opcy z Nowoszyszek<\/strong><\/a>, dzi\u0119ki kt\u00f3rym dowiemy si\u0119, jak brzmi pogranicze polsko-litewsko-bia\u0142oruskie. W sk\u0142adzie grupy znajdziemy skrzypce, harmoni\u0119 3-rz\u0119dow\u0105, b\u0119ben obr\u0119czowy czy cymba\u0142y. Ten ostatni instrument pojawi si\u0119 tak\u017ce w ukrai\u0144sko-polskiej kapeli <a href=\"https:\/\/retradycja.eu\/pl\/artysta\/hraybery-%d0%b3%d1%80%d0%b0%d0%b9%d0%b1%d0%b5%d1%80%d0%b8-pol-ukr\/\"><strong>HrayBery\/\u0413\u0440\u0430\u0439\u0411\u0435\u0440\u0438,<\/strong><\/a> kt\u00f3ra stworzy nam okazj\u0119 do zabawy przy d\u017awi\u0119kach pochodz\u0105cych z dorzecza Sanu i innych cz\u0119\u015bci Galicji Wschodniej.<\/p>\n<h2>Koncerty w niedziel\u0119 | 25 sierpnia<\/h2>\n<p>W niedziele (25 sierpnia) muzyczny dzie\u0144 warto zacz\u0105\u0107 nieco wcze\u015bniej. O godzinie 14.00 w Bazylice oo. Dominikan\u00f3w us\u0142yszymy polski zesp\u00f3\u0142 <a href=\"https:\/\/retradycja.eu\/pl\/artysta\/dresze-pol\/\"><strong>Dr\u00ebsz\u00eb<\/strong><\/a>. To tr\u00f3jmiejska grupa przyjaci\u00f3\u0142 wywodz\u0105cych si\u0119 ze \u015brodowiska muzyki folkowej, tradycyjnej i jazzowej. Repertuar zespo\u0142u stanowi\u0105 aran\u017cacje kaszubskich pie\u015bni tradycyjnych wykonywane z uszanowaniem i wiernym zachowaniem oryginalnej warstwy tekstowej oraz melodii. Podczas koncertu us\u0142yszymy kaszubskie pie\u015bni i melodie tradycyjne pozyskane z materia\u0142\u00f3w fonograficznych, starych \u015bpiewnik\u00f3w i bada\u0144 terenowych, a tak\u017ce pie\u015bni ze \u201e\u015apiewnika Pelpli\u0144skiego&#8221;, m\u00f3wi\u0105ce o \u015bwi\u0119tych, kt\u00f3rych kult szczeg\u00f3lnie zaznaczy\u0142 si\u0119 na Pomorzu. Liderk\u0105 i solistk\u0105 grupy jest Joanna Gostkowska \u2013 wszechstronna osobowo\u015b\u0107 artystyczna, Kaszubka, kt\u00f3ra od ponad dekady zajmuje si\u0119 rekonstrukcj\u0105 tradycyjnych kaszubskich pie\u015bni i melodii, maj\u0105ca na swoim koncie g\u0142\u00f3wne nagrody w konkursach i festiwalach zwi\u0105zanych z muzyk\u0105 tradycyjn\u0105 w Polsce.<\/p>\n<p>O godzinie 19.30 us\u0142yszymy esto\u0144sk\u0105 grup\u0119 <a href=\"https:\/\/retradycja.eu\/pl\/artysta\/duo-ruut-est\/\"><strong>Duo Ruut.<\/strong><\/a> Zesp\u00f3\u0142 to jeden instrument i dwa g\u0142osy. Kannel to rodzaj esto\u0144skiego chordofonu, kt\u00f3ry z regu\u0142y s\u0142u\u017cy wy\u0142\u0105cznie jednej osobie. Duo Ruut u\u017cywa go jednak na sw\u00f3j w\u0142asny, niecodzienny spos\u00f3b. Instrument le\u017c\u0105cy mi\u0119dzy dwiema artystkami z jednej strony je rozdziela, a z drugiej stwarza przestrze\u0144 dla wsp\u00f3lnej gry i \u015bpiewu. Stoj\u0105ce naprzeciwko siebie Katariina Kivi i Ann-Lisett Rebane prowadz\u0105 muzyczny dialog, a widzowie mog\u0105 odnie\u015b\u0107 wra\u017cenie, \u017ce ukradkiem przygl\u0105daj\u0105 si\u0119 im i pods\u0142uchuj\u0105 t\u0119 intymn\u0105 wymian\u0119 zda\u0144 oraz d\u017awi\u0119k\u00f3w. Artystki za spraw\u0105 swoich koncert\u00f3w odwiedzi\u0142y ju\u017c ponad 20 kraj\u00f3w. Muzycznym akcentem na zako\u0144czenie festiwalu b\u0119dzie koncert zespo\u0142u <a href=\"https:\/\/retradycja.eu\/pl\/artysta\/duality-pol\/\"><strong>Duality<\/strong><\/a>. To grupa, kt\u00f3r\u0105 tworz\u0105 skrzypaczka i wokalistka Daria Butskaya oraz odpowiedzialny za perkusj\u0119 i elektronik\u0119 spacepierre. Pomys\u0142 na duet wzi\u0105\u0142 si\u0119 z ch\u0119ci przekucia dotychczasowych do\u015bwiadcze\u0144 muzycznych w bipolarn\u0105 form\u0119. Zesp\u00f3\u0142 wykonuje autorskie kompozycje inspirowane melodiami i pie\u015bniami pogranicza polsko-bia\u0142oruskiego oraz szeroko poj\u0119tego World Music i muzyki elektronicznej.<\/p>\n<p>To oczywi\u015bcie tylko program muzyczny na sobot\u0119 i niedziel\u0119. Przed nami s\u0105 natomiast ca\u0142e trzy dni (23\u201325 sierpnia) atrakcji. Przypominamy, \u017ce zespo\u0142ami, kt\u00f3re zagraj\u0105 w Lublinie w pi\u0105tek (23 sierpnia) podczas Festiwalu s\u0105: <a href=\"https:\/\/retradycja.eu\/pl\/artysta\/lumpeks-pol-fra\/\"><strong>Lumpeks<\/strong><\/a> i go\u015bcie <a href=\"https:\/\/retradycja.eu\/pl\/artysta\/ewa-grochowska\/\"><strong>Ewa Grochowska<\/strong><\/a>, <a href=\"https:\/\/retradycja.eu\/pl\/artysta\/maria-stepien-pol\/\"><strong>Maria Stepie\u0144<\/strong><\/a>, <a href=\"https:\/\/retradycja.eu\/pl\/artysta\/filip-majerowski-pol\/\"><strong>Filip Majerowski<\/strong> <\/a>oraz<a href=\"https:\/\/retradycja.eu\/pl\/artysta\/piotr-gwadera-pol\/\"><strong> Piotr Gwadera<\/strong><\/a>, <a href=\"https:\/\/retradycja.eu\/pl\/artysta\/orkiestra-podrozniacy-pol\/\"><strong>Orkiestra Podr\u00f3\u017cniacy<\/strong><\/a>, <a href=\"https:\/\/retradycja.eu\/pl\/artysta\/kapela-dobrzeliniacy-pol\/\"><strong>Kapela Dobrzeliniacy<\/strong><\/a>, <a href=\"https:\/\/retradycja.eu\/pl\/artysta\/kapela-fedakow-pol\/\"><strong>Kapela Fedak\u00f3w<\/strong><\/a>, <a href=\"https:\/\/retradycja.eu\/pl\/artysta\/kapela-bornego-pol\/\"><strong>Kapela Bornego<\/strong><\/a>.<\/p>\n<p>Na publiczno\u015b\u0107 czeka tak\u017ce modu\u0142 rzemie\u015blniczy, czyli Jarmark Jagiello\u0144ski, na kt\u00f3rym swoje niepowtarzalne wyroby zaprezentuje 120 artyst\u00f3w \u2013 tw\u00f3rc\u00f3w ludowych i tradycyjnych rzemie\u015blnik\u00f3w. W programie s\u0105 tak\u017ce wystawy \u2013 fotograficzna, rze\u017aby czy zwi\u0105zana z etnografi\u0105. Nie zabraknie uwielbianego przez mieszka\u0144c\u00f3w Lublina paj\u0105ka w Bramie Krakowskiej. Festiwal to tak\u017ce czas dla dzieci, kt\u00f3re najch\u0119tniej przebywaj\u0105 na Podw\u00f3rku Re:tradycji zlokalizowanym na B\u0142oniach pod Zamkiem. Czekaj\u0105 tam na nie tradycyjne zabawki, gry i instalacje artystyczne.<\/p>\n<hr>\n<p><strong>Festiwal Re:tradycja \u2013 Jarmark Jagiello\u0144ski<\/strong><br \/>\n23\u201325 sierpnia 2024<br \/>\nLublin \u2013 Stare Miasto, B\u0142onia pod Zamkiem<br \/>\nWst\u0119p wolny<\/p>\n<p><strong><div class=\"fusion-button-wrapper\"><a class=\"fusion-button button-flat button-medium button-default fusion-button-default button-1 fusion-button-default-span fusion-button-default-type\" style=\"--button_margin-top:2%;--button_margin-bottom:2%;\" target=\"_blank\" rel=\"noopener noreferrer\" href=\"https:\/\/retradycja.eu\/program-2024\"><span class=\"fusion-button-text\">sprawd\u017a program<\/span><\/a><\/div><\/strong><\/p>\n<p><strong>Organizatorzy: <\/strong>Warsztaty Kultury w Lublinie, Instytucja Kultury Miasta Lublin, Lublin Miasto Inspiracji<br \/>\nPatronat honorowy: Prezydent Miasta Lublin \u2013 Krzysztof \u017buk, Narodowy Instytut Dziedzictwa<br \/>\nDofinansowano ze \u015brodk\u00f3w Ministra Kultury i Dziedzictwa Narodowego<br \/>\n<strong>Partnerzy:<\/strong> Muzeum Narodowe w Lublinie, Ivan Honchar Museum, Muzeum Wsi Opolskiej, O\u015brodek Praktyk Teatralnych Gardzienice, Dominikanie Lublin, Stowarzyszenie Tw\u00f3rc\u00f3w Ludowych, Fundacja Kultura Enter, Uniwersytet Marii Curie-Sk\u0142odowskiej<br \/>\n<strong>Patroni medialni:<\/strong> Polskie Radio Program II, Polskie Radio Dzieciom, Radiowe Centrum Kultury Ludowej, Gazeta Wyborcza, KulturaLudowa.pl, MuzykaTradycyjna.pl, Czas Dzieci, Kultura Enter, ONET<br \/>\n<strong>Sponsor: \u201e<\/strong>Herbapol \u2013 Lublin S.A.\u201d, obchodz\u0105cy w 2024 roku swoje 75-lecie.<\/p>\n<\/div><\/div><\/div><\/div><\/div>\n","protected":false},"excerpt":{"rendered":"","protected":false},"author":5,"featured_media":55049,"comment_status":"closed","ping_status":"open","sticky":false,"template":"","format":"standard","meta":{"_acf_changed":false,"ngg_post_thumbnail":0,"footnotes":""},"categories":[1],"tags":[],"acf":[],"yoast_head":"<!-- This site is optimized with the Yoast SEO plugin v22.2 - https:\/\/yoast.com\/wordpress\/plugins\/seo\/ -->\n<title>Weekend z muzyk\u0105!<\/title>\n<meta name=\"description\" content=\"Wieczorne koncerty na \u015bwie\u017cym powietrzu to idealny pomys\u0142 na spotkanie z przyjaci\u00f3\u0142mi i celebrowanie ostatnich chwil wakacji.\" \/>\n<meta name=\"robots\" content=\"index, follow, max-snippet:-1, max-image-preview:large, max-video-preview:-1\" \/>\n<link rel=\"canonical\" href=\"https:\/\/retradycja.eu\/pl\/weekend-z-muzyka\/\" \/>\n<meta property=\"og:locale\" content=\"pl_PL\" \/>\n<meta property=\"og:type\" content=\"article\" \/>\n<meta property=\"og:title\" content=\"Weekend z muzyk\u0105!\" \/>\n<meta property=\"og:description\" content=\"Wieczorne koncerty na \u015bwie\u017cym powietrzu to idealny pomys\u0142 na spotkanie z przyjaci\u00f3\u0142mi i celebrowanie ostatnich chwil wakacji.\" \/>\n<meta property=\"og:url\" content=\"https:\/\/retradycja.eu\/pl\/weekend-z-muzyka\/\" \/>\n<meta property=\"og:site_name\" content=\"Festiwal Re:tradycja - Jarmark Jagiello\u0144ski\" \/>\n<meta property=\"article:publisher\" content=\"https:\/\/www.facebook.com\/retradycja\" \/>\n<meta property=\"article:published_time\" content=\"2024-08-19T09:12:39+00:00\" \/>\n<meta property=\"article:modified_time\" content=\"2024-08-20T09:27:42+00:00\" \/>\n<meta property=\"og:image\" content=\"https:\/\/retradycja.eu\/wp-content\/uploads\/2024\/07\/potancowka_re-10.jpg\" \/>\n\t<meta property=\"og:image:width\" content=\"1920\" \/>\n\t<meta property=\"og:image:height\" content=\"1079\" \/>\n\t<meta property=\"og:image:type\" content=\"image\/jpeg\" \/>\n<meta name=\"author\" content=\"Ma\u0142gorzata\" \/>\n<meta name=\"twitter:card\" content=\"summary_large_image\" \/>\n<meta name=\"twitter:label1\" content=\"Napisane przez\" \/>\n\t<meta name=\"twitter:data1\" content=\"Ma\u0142gorzata\" \/>\n\t<meta name=\"twitter:label2\" content=\"Szacowany czas czytania\" \/>\n\t<meta name=\"twitter:data2\" content=\"6 minut\" \/>\n<script type=\"application\/ld+json\" class=\"yoast-schema-graph\">{\"@context\":\"https:\/\/schema.org\",\"@graph\":[{\"@type\":\"Article\",\"@id\":\"https:\/\/retradycja.eu\/pl\/weekend-z-muzyka\/#article\",\"isPartOf\":{\"@id\":\"https:\/\/retradycja.eu\/pl\/weekend-z-muzyka\/\"},\"author\":{\"name\":\"Ma\u0142gorzata\",\"@id\":\"https:\/\/retradycja.eu\/pl\/#\/schema\/person\/fd205a687bde7f36f7900874fe9c96c0\"},\"headline\":\"Weekend pe\u0142en wra\u017ce\u0144!\",\"datePublished\":\"2024-08-19T09:12:39+00:00\",\"dateModified\":\"2024-08-20T09:27:42+00:00\",\"mainEntityOfPage\":{\"@id\":\"https:\/\/retradycja.eu\/pl\/weekend-z-muzyka\/\"},\"wordCount\":1619,\"publisher\":{\"@id\":\"https:\/\/retradycja.eu\/pl\/#organization\"},\"image\":{\"@id\":\"https:\/\/retradycja.eu\/pl\/weekend-z-muzyka\/#primaryimage\"},\"thumbnailUrl\":\"https:\/\/retradycja.eu\/wp-content\/uploads\/2024\/07\/potancowka_re-10.jpg\",\"inLanguage\":\"pl-PL\"},{\"@type\":\"WebPage\",\"@id\":\"https:\/\/retradycja.eu\/pl\/weekend-z-muzyka\/\",\"url\":\"https:\/\/retradycja.eu\/pl\/weekend-z-muzyka\/\",\"name\":\"Weekend z muzyk\u0105!\",\"isPartOf\":{\"@id\":\"https:\/\/retradycja.eu\/pl\/#website\"},\"primaryImageOfPage\":{\"@id\":\"https:\/\/retradycja.eu\/pl\/weekend-z-muzyka\/#primaryimage\"},\"image\":{\"@id\":\"https:\/\/retradycja.eu\/pl\/weekend-z-muzyka\/#primaryimage\"},\"thumbnailUrl\":\"https:\/\/retradycja.eu\/wp-content\/uploads\/2024\/07\/potancowka_re-10.jpg\",\"datePublished\":\"2024-08-19T09:12:39+00:00\",\"dateModified\":\"2024-08-20T09:27:42+00:00\",\"description\":\"Wieczorne koncerty na \u015bwie\u017cym powietrzu to idealny pomys\u0142 na spotkanie z przyjaci\u00f3\u0142mi i celebrowanie ostatnich chwil wakacji.\",\"breadcrumb\":{\"@id\":\"https:\/\/retradycja.eu\/pl\/weekend-z-muzyka\/#breadcrumb\"},\"inLanguage\":\"pl-PL\",\"potentialAction\":[{\"@type\":\"ReadAction\",\"target\":[\"https:\/\/retradycja.eu\/pl\/weekend-z-muzyka\/\"]}]},{\"@type\":\"ImageObject\",\"inLanguage\":\"pl-PL\",\"@id\":\"https:\/\/retradycja.eu\/pl\/weekend-z-muzyka\/#primaryimage\",\"url\":\"https:\/\/retradycja.eu\/wp-content\/uploads\/2024\/07\/potancowka_re-10.jpg\",\"contentUrl\":\"https:\/\/retradycja.eu\/wp-content\/uploads\/2024\/07\/potancowka_re-10.jpg\",\"width\":1920,\"height\":1079,\"caption\":\"Kola\u017c ze zdj\u0119\u0107 trzech kapel. Napis: Pota\u0144c\u00f3wka.\"},{\"@type\":\"BreadcrumbList\",\"@id\":\"https:\/\/retradycja.eu\/pl\/weekend-z-muzyka\/#breadcrumb\",\"itemListElement\":[{\"@type\":\"ListItem\",\"position\":1,\"name\":\"Strona g\u0142\u00f3wna\",\"item\":\"https:\/\/retradycja.eu\/pl\/\"},{\"@type\":\"ListItem\",\"position\":2,\"name\":\"Weekend pe\u0142en wra\u017ce\u0144!\"}]},{\"@type\":\"WebSite\",\"@id\":\"https:\/\/retradycja.eu\/pl\/#website\",\"url\":\"https:\/\/retradycja.eu\/pl\/\",\"name\":\"Festiwal Re:tradycja - Jarmark Jagiello\u0144ski\",\"description\":\" Lublin, Stare Miasto\",\"publisher\":{\"@id\":\"https:\/\/retradycja.eu\/pl\/#organization\"},\"potentialAction\":[{\"@type\":\"SearchAction\",\"target\":{\"@type\":\"EntryPoint\",\"urlTemplate\":\"https:\/\/retradycja.eu\/pl\/?s={search_term_string}\"},\"query-input\":\"required name=search_term_string\"}],\"inLanguage\":\"pl-PL\"},{\"@type\":\"Organization\",\"@id\":\"https:\/\/retradycja.eu\/pl\/#organization\",\"name\":\"Warsztaty Kultury w Lublinie\",\"url\":\"https:\/\/retradycja.eu\/pl\/\",\"logo\":{\"@type\":\"ImageObject\",\"inLanguage\":\"pl-PL\",\"@id\":\"https:\/\/retradycja.eu\/pl\/#\/schema\/logo\/image\/\",\"url\":\"https:\/\/retradycja.eu\/wp-content\/uploads\/2022\/06\/logo_retradycje-01.png\",\"contentUrl\":\"https:\/\/retradycja.eu\/wp-content\/uploads\/2022\/06\/logo_retradycje-01.png\",\"width\":332,\"height\":63,\"caption\":\"Warsztaty Kultury w Lublinie\"},\"image\":{\"@id\":\"https:\/\/retradycja.eu\/pl\/#\/schema\/logo\/image\/\"},\"sameAs\":[\"https:\/\/www.facebook.com\/retradycja\",\"https:\/\/www.instagram.com\/retradycja_jarmarkjagiellonski\/\",\"https:\/\/www.youtube.com\/user\/JarmarkJagiellonski\"]},{\"@type\":\"Person\",\"@id\":\"https:\/\/retradycja.eu\/pl\/#\/schema\/person\/fd205a687bde7f36f7900874fe9c96c0\",\"name\":\"Ma\u0142gorzata\",\"image\":{\"@type\":\"ImageObject\",\"inLanguage\":\"pl-PL\",\"@id\":\"https:\/\/retradycja.eu\/pl\/#\/schema\/person\/image\/\",\"url\":\"https:\/\/secure.gravatar.com\/avatar\/c2f84c05c7c04cc536472b6e15a984f4?s=96&d=mm&r=g\",\"contentUrl\":\"https:\/\/secure.gravatar.com\/avatar\/c2f84c05c7c04cc536472b6e15a984f4?s=96&d=mm&r=g\",\"caption\":\"Ma\u0142gorzata\"}}]}<\/script>\n<!-- \/ Yoast SEO plugin. -->","yoast_head_json":{"title":"Weekend z muzyk\u0105!","description":"Wieczorne koncerty na \u015bwie\u017cym powietrzu to idealny pomys\u0142 na spotkanie z przyjaci\u00f3\u0142mi i celebrowanie ostatnich chwil wakacji.","robots":{"index":"index","follow":"follow","max-snippet":"max-snippet:-1","max-image-preview":"max-image-preview:large","max-video-preview":"max-video-preview:-1"},"canonical":"https:\/\/retradycja.eu\/pl\/weekend-z-muzyka\/","og_locale":"pl_PL","og_type":"article","og_title":"Weekend z muzyk\u0105!","og_description":"Wieczorne koncerty na \u015bwie\u017cym powietrzu to idealny pomys\u0142 na spotkanie z przyjaci\u00f3\u0142mi i celebrowanie ostatnich chwil wakacji.","og_url":"https:\/\/retradycja.eu\/pl\/weekend-z-muzyka\/","og_site_name":"Festiwal Re:tradycja - Jarmark Jagiello\u0144ski","article_publisher":"https:\/\/www.facebook.com\/retradycja","article_published_time":"2024-08-19T09:12:39+00:00","article_modified_time":"2024-08-20T09:27:42+00:00","og_image":[{"width":1920,"height":1079,"url":"https:\/\/retradycja.eu\/wp-content\/uploads\/2024\/07\/potancowka_re-10.jpg","type":"image\/jpeg"}],"author":"Ma\u0142gorzata","twitter_card":"summary_large_image","twitter_misc":{"Napisane przez":"Ma\u0142gorzata","Szacowany czas czytania":"6 minut"},"schema":{"@context":"https:\/\/schema.org","@graph":[{"@type":"Article","@id":"https:\/\/retradycja.eu\/pl\/weekend-z-muzyka\/#article","isPartOf":{"@id":"https:\/\/retradycja.eu\/pl\/weekend-z-muzyka\/"},"author":{"name":"Ma\u0142gorzata","@id":"https:\/\/retradycja.eu\/pl\/#\/schema\/person\/fd205a687bde7f36f7900874fe9c96c0"},"headline":"Weekend pe\u0142en wra\u017ce\u0144!","datePublished":"2024-08-19T09:12:39+00:00","dateModified":"2024-08-20T09:27:42+00:00","mainEntityOfPage":{"@id":"https:\/\/retradycja.eu\/pl\/weekend-z-muzyka\/"},"wordCount":1619,"publisher":{"@id":"https:\/\/retradycja.eu\/pl\/#organization"},"image":{"@id":"https:\/\/retradycja.eu\/pl\/weekend-z-muzyka\/#primaryimage"},"thumbnailUrl":"https:\/\/retradycja.eu\/wp-content\/uploads\/2024\/07\/potancowka_re-10.jpg","inLanguage":"pl-PL"},{"@type":"WebPage","@id":"https:\/\/retradycja.eu\/pl\/weekend-z-muzyka\/","url":"https:\/\/retradycja.eu\/pl\/weekend-z-muzyka\/","name":"Weekend z muzyk\u0105!","isPartOf":{"@id":"https:\/\/retradycja.eu\/pl\/#website"},"primaryImageOfPage":{"@id":"https:\/\/retradycja.eu\/pl\/weekend-z-muzyka\/#primaryimage"},"image":{"@id":"https:\/\/retradycja.eu\/pl\/weekend-z-muzyka\/#primaryimage"},"thumbnailUrl":"https:\/\/retradycja.eu\/wp-content\/uploads\/2024\/07\/potancowka_re-10.jpg","datePublished":"2024-08-19T09:12:39+00:00","dateModified":"2024-08-20T09:27:42+00:00","description":"Wieczorne koncerty na \u015bwie\u017cym powietrzu to idealny pomys\u0142 na spotkanie z przyjaci\u00f3\u0142mi i celebrowanie ostatnich chwil wakacji.","breadcrumb":{"@id":"https:\/\/retradycja.eu\/pl\/weekend-z-muzyka\/#breadcrumb"},"inLanguage":"pl-PL","potentialAction":[{"@type":"ReadAction","target":["https:\/\/retradycja.eu\/pl\/weekend-z-muzyka\/"]}]},{"@type":"ImageObject","inLanguage":"pl-PL","@id":"https:\/\/retradycja.eu\/pl\/weekend-z-muzyka\/#primaryimage","url":"https:\/\/retradycja.eu\/wp-content\/uploads\/2024\/07\/potancowka_re-10.jpg","contentUrl":"https:\/\/retradycja.eu\/wp-content\/uploads\/2024\/07\/potancowka_re-10.jpg","width":1920,"height":1079,"caption":"Kola\u017c ze zdj\u0119\u0107 trzech kapel. Napis: Pota\u0144c\u00f3wka."},{"@type":"BreadcrumbList","@id":"https:\/\/retradycja.eu\/pl\/weekend-z-muzyka\/#breadcrumb","itemListElement":[{"@type":"ListItem","position":1,"name":"Strona g\u0142\u00f3wna","item":"https:\/\/retradycja.eu\/pl\/"},{"@type":"ListItem","position":2,"name":"Weekend pe\u0142en wra\u017ce\u0144!"}]},{"@type":"WebSite","@id":"https:\/\/retradycja.eu\/pl\/#website","url":"https:\/\/retradycja.eu\/pl\/","name":"Festiwal Re:tradycja - Jarmark Jagiello\u0144ski","description":" Lublin, Stare Miasto","publisher":{"@id":"https:\/\/retradycja.eu\/pl\/#organization"},"potentialAction":[{"@type":"SearchAction","target":{"@type":"EntryPoint","urlTemplate":"https:\/\/retradycja.eu\/pl\/?s={search_term_string}"},"query-input":"required name=search_term_string"}],"inLanguage":"pl-PL"},{"@type":"Organization","@id":"https:\/\/retradycja.eu\/pl\/#organization","name":"Warsztaty Kultury w Lublinie","url":"https:\/\/retradycja.eu\/pl\/","logo":{"@type":"ImageObject","inLanguage":"pl-PL","@id":"https:\/\/retradycja.eu\/pl\/#\/schema\/logo\/image\/","url":"https:\/\/retradycja.eu\/wp-content\/uploads\/2022\/06\/logo_retradycje-01.png","contentUrl":"https:\/\/retradycja.eu\/wp-content\/uploads\/2022\/06\/logo_retradycje-01.png","width":332,"height":63,"caption":"Warsztaty Kultury w Lublinie"},"image":{"@id":"https:\/\/retradycja.eu\/pl\/#\/schema\/logo\/image\/"},"sameAs":["https:\/\/www.facebook.com\/retradycja","https:\/\/www.instagram.com\/retradycja_jarmarkjagiellonski\/","https:\/\/www.youtube.com\/user\/JarmarkJagiellonski"]},{"@type":"Person","@id":"https:\/\/retradycja.eu\/pl\/#\/schema\/person\/fd205a687bde7f36f7900874fe9c96c0","name":"Ma\u0142gorzata","image":{"@type":"ImageObject","inLanguage":"pl-PL","@id":"https:\/\/retradycja.eu\/pl\/#\/schema\/person\/image\/","url":"https:\/\/secure.gravatar.com\/avatar\/c2f84c05c7c04cc536472b6e15a984f4?s=96&d=mm&r=g","contentUrl":"https:\/\/secure.gravatar.com\/avatar\/c2f84c05c7c04cc536472b6e15a984f4?s=96&d=mm&r=g","caption":"Ma\u0142gorzata"}}]}},"_links":{"self":[{"href":"https:\/\/retradycja.eu\/pl\/wp-json\/wp\/v2\/posts\/55636"}],"collection":[{"href":"https:\/\/retradycja.eu\/pl\/wp-json\/wp\/v2\/posts"}],"about":[{"href":"https:\/\/retradycja.eu\/pl\/wp-json\/wp\/v2\/types\/post"}],"author":[{"embeddable":true,"href":"https:\/\/retradycja.eu\/pl\/wp-json\/wp\/v2\/users\/5"}],"replies":[{"embeddable":true,"href":"https:\/\/retradycja.eu\/pl\/wp-json\/wp\/v2\/comments?post=55636"}],"version-history":[{"count":2,"href":"https:\/\/retradycja.eu\/pl\/wp-json\/wp\/v2\/posts\/55636\/revisions"}],"predecessor-version":[{"id":55638,"href":"https:\/\/retradycja.eu\/pl\/wp-json\/wp\/v2\/posts\/55636\/revisions\/55638"}],"wp:featuredmedia":[{"embeddable":true,"href":"https:\/\/retradycja.eu\/pl\/wp-json\/wp\/v2\/media\/55049"}],"wp:attachment":[{"href":"https:\/\/retradycja.eu\/pl\/wp-json\/wp\/v2\/media?parent=55636"}],"wp:term":[{"taxonomy":"category","embeddable":true,"href":"https:\/\/retradycja.eu\/pl\/wp-json\/wp\/v2\/categories?post=55636"},{"taxonomy":"post_tag","embeddable":true,"href":"https:\/\/retradycja.eu\/pl\/wp-json\/wp\/v2\/tags?post=55636"}],"curies":[{"name":"wp","href":"https:\/\/api.w.org\/{rel}","templated":true}]}}