{"id":55530,"date":"2024-08-13T12:38:09","date_gmt":"2024-08-13T10:38:09","guid":{"rendered":"https:\/\/retradycja.eu\/?p=55530"},"modified":"2024-08-13T16:32:47","modified_gmt":"2024-08-13T14:32:47","slug":"program-dla-osob-poslugujacych-sie-polskim-jezykiem-migowym","status":"publish","type":"post","link":"https:\/\/retradycja.eu\/pl\/program-dla-osob-poslugujacych-sie-polskim-jezykiem-migowym\/","title":{"rendered":"Program dla os\u00f3b pos\u0142uguj\u0105cych si\u0119 Polskim J\u0119zykiem Migowym"},"content":{"rendered":"<div class=\"fusion-fullwidth fullwidth-box fusion-builder-row-1 fusion-flex-container nonhundred-percent-fullwidth non-hundred-percent-height-scrolling\" style=\"--awb-border-radius-top-left:0px;--awb-border-radius-top-right:0px;--awb-border-radius-bottom-right:0px;--awb-border-radius-bottom-left:0px;--awb-flex-wrap:wrap;\" ><div class=\"fusion-builder-row fusion-row fusion-flex-align-items-flex-start fusion-flex-content-wrap\" style=\"max-width:calc( 1920px + 0px );margin-left: calc(-0px \/ 2 );margin-right: calc(-0px \/ 2 );\"><div class=\"fusion-layout-column fusion_builder_column fusion-builder-column-0 fusion_builder_column_1_1 1_1 fusion-flex-column\" style=\"--awb-bg-size:cover;--awb-width-large:100%;--awb-margin-top-large:0px;--awb-spacing-right-large:0px;--awb-margin-bottom-large:0px;--awb-spacing-left-large:0px;--awb-width-medium:100%;--awb-spacing-right-medium:0px;--awb-spacing-left-medium:0px;--awb-width-small:100%;--awb-spacing-right-small:0px;--awb-spacing-left-small:0px;\"><div class=\"fusion-column-wrapper fusion-flex-justify-content-flex-start fusion-content-layout-column\"><div class=\"fusion-text fusion-text-1\"><p><strong>Festiwal Re:tradycja \u2013 Jarmark Jagiello\u0144ski odb\u0119dzie si\u0119 ju\u017c w przysz\u0142ym tygodniu (23<\/strong>\u2013<strong>25 sierpnia, Lublin)! To 18. edycja wydarzenia, podczas kt\u00f3rego na Starym Mie\u015bcie b\u0119dzie mo\u017cna spotka\u0107 mistrz\u00f3w i mistrzynie rzemios\u0142a, wzi\u0105\u0107 udzia\u0142 w inspiruj\u0105cych warsztatach, obejrze\u0107 ciekawe wystawy, pos\u0142ucha\u0107 wyj\u0105tkowych koncert\u00f3w czy wybra\u0107 si\u0119 na interesuj\u0105cy spektakl i spotkanie. Podczas tegorocznej edycji Festiwalu wychodzimy z propozycj\u0105 dla os\u00f3b pos\u0142uguj\u0105cych si\u0119 Polskim J\u0119zykiem Migowym. Na <a href=\"https:\/\/retradycja.eu\/pl\/program-2024\/\">naszej stronie<\/a> mo\u017cna skorzysta\u0107 ze specjalnych filtr\u00f3w, kt\u00f3re wyszukaj\u0105 wydarzenia przystosowane dla os\u00f3b G\u0142uchych. Dodatkowo osoby komunikuj\u0105ce si\u0119 w PJM b\u0119d\u0105 mia\u0142y mo\u017cliwo\u015b\u0107 skorzystania z pomocy t\u0142umaczy podczas spacer\u00f3w po Jarmarku Jagiello\u0144skim.<\/strong><\/p>\n<h2>O programie<\/h2>\n<p><strong>\u2013 <\/strong>&nbsp;<em>Podczas tegorocznego Festiwalu Re:tradycja \u2013 Jarmark Jagiello\u0144ski wybrane punkty programu b\u0119d\u0105 t\u0142umaczone na Polski J\u0119zyk Migowy (PJM). To dla nas wa\u017cny krok w kierunku tworzenia bardziej dost\u0119pnego i inkluzywnego wydarzenia, tak by r\u00f3wnie\u017c osoby G\u0142uche odnalaz\u0142y propozycj\u0119 programowe, w kt\u00f3rych mog\u0105 wzi\u0105\u0107 pe\u0142niejszy udzia\u0142 \u2013 <\/em>opowiada Karolina Waszczuk, dyrektorka Festiwalu.<\/p>\n<p>W tym roku Lublin odwiedzi oko\u0142o 120 rzemie\u015blnik\u00f3w i rzemie\u015blniczek z Polski, Ukrainy, Czech, Litwy, W\u0119gier, Rumunii, a nawet Indii. Trwaj\u0105ce trzy dni (23\u201325 sierpnia) <a href=\"https:\/\/retradycja.eu\/pl\/events\/jarmark-jagiellonski-25-08\/\"><strong>targi sztuki ludowej i tradycyjnego rzemios\u0142a<\/strong><\/a> pozwol\u0105 pozna\u0107 dziedzictwo wielu r\u00f3\u017cnorodnych region\u00f3w. Nie zabraknie tradycyjnego tkactwa, pisanek, kwiat\u00f3w z bibu\u0142y, paj\u0105k\u00f3w i innych ozd\u00f3b ze s\u0142omy, zabawek, plecionkarstwa czy ceramiki i rze\u017aby. W tym roku po raz pierwszy osoby G\u0142uche b\u0119d\u0105 mog\u0142y skorzysta\u0107 z pomocy t\u0142umacza PJM i wraz z nimi odwiedzi\u0107 tw\u00f3rc\u00f3w oraz tw\u00f3rczynie ludowe, zapyta\u0107 o ich prac\u0119, rodzinne tradycje i skorzysta\u0107 z okazji do nabycia unikatowych wyrob\u00f3w.<\/p>\n<p>Podczas tegorocznej edycji wydarzenia publiczno\u015b\u0107 b\u0119dzie mia\u0142a tak\u017ce okazj\u0119 zobaczy\u0107 dwa spektakle Teatru \u0141\u0105tek t\u0142umaczone na PJM.<strong><br \/>\n<\/strong><a href=\"https:\/\/retradycja.eu\/pl\/events\/spektakl-matecznik-teatr-latek-pjm\/\"><strong>\u201eMatecznik\u201d<\/strong> <\/a>to podr\u00f3\u017c do miejsc, krajobraz\u00f3w, okoliczno\u015bci i historii z Podlasia, kt\u00f3rych ju\u017c w wi\u0119kszo\u015bci nie ma. Spektakl jest inspirowany wydanym w 1984 r. albumem fotograficznym Wiktora Wo\u0142kowa pt. \u201eWo\u0142kow\u201d. Pracowa\u0142o nad nim trzech wybitnych podlaskich tw\u00f3rc\u00f3w: Wiktor Wo\u0142kow, Edward Redli\u0144ski i Andrzej Strumi\u0142\u0142o. Na bazie tej ksi\u0105\u017cki powsta\u0142 autorski spektakl Krzysztofa Zem\u0142y.<br \/>\n<strong><br \/>\n<\/strong>\u2013&nbsp; <em>Czas zawirowa\u0142. Niepostrze\u017cenie z naszego krajobrazu znikn\u0119\u0142y stogi siana, snopki zbo\u017ca, p\u0142oty zrobione z drewnianych \u017cerdzi, wozy z sianem. \u0141awki przed posesjami, na kt\u00f3rych siadali miejscowi, patrzyli na \u015bwiat i starali si\u0119 go zrozumie\u0107, s\u0105 ju\u017c w wi\u0119kszo\u015bci puste. <\/em><em>A mo\u017ce wszystko to jest\u2026 tylko inaczej. Dzi\u015b r\u00f3wnie\u017c, tak jak kiedy\u015b, wystarczy mo\u017ce si\u0119 zatrzyma\u0107, usi\u0105\u015b\u0107. Rozejrze\u0107 si\u0119 wok\u00f3\u0142 siebie, dostrzec otaczaj\u0105c\u0105 przestrze\u0144 i pi\u0119kno. Wej\u015b\u0107 z natur\u0105 i kultur\u0105 w dialog o tym, co nieprzemijalne<\/em> \u2013 opowiada Krzysztof Zem\u0142o z Teatru \u0141\u0105tek. <strong><br \/>\n<\/strong><strong><br \/>\n<a href=\"https:\/\/retradycja.eu\/pl\/events\/piesn-rzeki-spektakl-pjm\/\">\u201ePie\u015b\u0144 Rzeki\u201d<\/a><\/strong> to z kolei spektakl inspirowany polskimi balladami ludowymi.<br \/>\n<em>\u2013<\/em><em>&nbsp; <\/em><em>Na ich bazie arty\u015bci stworzyli teatrodyski \u2013 inscenizacje pie\u015bni realizowane w r\u00f3\u017cnych technikach teatru cieni i \u015bwiat\u0142a. U\u0142o\u017cy\u0142y si\u0119 one w opowie\u015b\u0107 \u2013 teatraln\u0105 ballad\u0119 o mi\u0142o\u015bci i \u015bmierci. Wa\u017cnym by\u0142 dob\u00f3r utwor\u00f3w. Elementem wsp\u00f3lnym dla nich wszystkich by\u0142 motyw rzeki, wody, cieczy. Mi\u0142o\u015b\u0107 jest bowiem nurtem, kt\u00f3ry nas porywa, czy tego chcemy czy nie, i nie wiadomo, gdzie nas zaniesie<\/em> \u2013 opowiada Krzysztof Zem\u0142o.<\/p>\n<p>W programie Festiwalu Re:tradycja \u2013 Jarmark Jagiello\u0144ski znajdziemy wydarzenia, w kt\u00f3rych mo\u017cna uczestniczy\u0107 bez potrzeby korzystania ze zmys\u0142u s\u0142uchu. Osobom, kt\u00f3re chcia\u0142aby zg\u0142\u0119bi\u0107 histori\u0119 dawnego wiejskiego \u017cycia polecamy plenerow\u0105 <a href=\"https:\/\/retradycja.eu\/pl\/sasiedzi-od-narodzin-az-po-smierc-fotografie-franciszka-lepicha-z-oleszki-wystawa-w-ramach-festiwalu\/\"><strong>wystaw\u0119 <\/strong><strong>fotografii Franciszka Lepicha z Oleszki<\/strong> \u2013&nbsp; <strong>\u201eS\u0105siedzi. Od narodzin a\u017c po \u015bmier\u0107.\u201d<\/strong><\/a> To zbi\u00f3r portret\u00f3w mieszka\u0144c\u00f3w Oleszki, Jasionej i \u017byrowej, wsi po\u0142o\u017conych w powiecie krapkowickim, w pobli\u017cu G\u00f3ry \u015bw. Anny na \u015al\u0105sku Opolskim. Autorskie fotografie o wysokiej warto\u015bci artystycznej s\u0105 przede wszystkim cennym \u017ar\u00f3d\u0142em informacji o dawnym wiejskim \u017cyciu na \u015al\u0105sku Opolskim.<\/p>\n<p><strong>Franciszek Lepich<\/strong> \u2013 fotograf amator, z zawodu ko\u0142odziej i stolarz, przez ca\u0142e swoje doros\u0142e \u017cycie fotografowa\u0142 miejscow\u0105 ludno\u015b\u0107. Robi\u0142 zdj\u0119cia swoim s\u0105siadom. Lepich, nie maj\u0105c \u017cadnego z g\u00f3ry za\u0142o\u017conego planu, fotografowa\u0142 przedstawicieli r\u00f3\u017cnych grup spo\u0142ecznych i zawodowych \u2013 w typowych strojach, z charakterystycznymi atrybutami, w ich codziennym otoczeniu, najcz\u0119\u015bciej w miejscu zamieszkania, czasem na neutralnym tle, a tak\u017ce na tle obiekt\u00f3w architektury i nierzadko w miejscu pracy. Fotografowa\u0142 ludzi w r\u00f3\u017cnym wieku \u2013 od niemowl\u0119cego po podesz\u0142y; zar\u00f3wno m\u0119\u017cczyzn, jak i kobiety. Dzi\u0119ki temu stworzy\u0142 zbiorowy, wielopokoleniowy obraz wiejskiej spo\u0142eczno\u015bci Oleszki i jej okolic.<\/p>\n<p>Wystawa nie jest jedynym punktem programu, kt\u00f3ry przybli\u017cy publiczno\u015bci posta\u0107 Franciszka Lepicha z Oleszki. W pi\u0105tkowy wiecz\u00f3r (23 sierpnia) zapraszamy na <a href=\"https:\/\/retradycja.eu\/pl\/events\/franciszek-lepich-fotograf-z-oleszki-projekcja-filmu-i-spotkanie-z-kuratorka-projektu-magdalena-gorniak-bardzik\/\"><strong>spotkanie z kuratork\u0105 projektu po\u015bwi\u0119conego fotografowi i jego pracom<\/strong><\/a> \u2013 pani\u0105 Magdalen\u0105 G\u00f3rniak-Bardzik z Muzeum Wsi Opolskiej. Spotkanie b\u0119dzie t\u0142umaczone na Polski J\u0119zyk Migowy i po\u0142\u0105czone z projekcj\u0105 filmu posiadaj\u0105cego napisy.<\/p>\n<p>Stowarzyszenie Tw\u00f3rc\u00f3w Ludowych w swojej Galerii przy ulicy Grodzkiej 14 prezentuje wystaw\u0119 pt. <strong><a href=\"https:\/\/retradycja.eu\/pl\/events\/wystawa-miedzy-swiatami-rzezbiarskie-narracje-bogumily-lesniak-wydarzenie-towarzyszace-niedziela\/\">Mi\u0119dzy \u015bwiatami \u2013 rze\u017abiarskie narracje Bogumi\u0142y Le\u015bniak<\/a>, <\/strong>kt\u00f3ra stanowi podsumowanie czterdziestoletniej dzia\u0142alno\u015bci tw\u00f3rczej Bogumi\u0142y Le\u015bniak. Artystka urodzona w Suchej Beskidzkiej od najm\u0142odszych lat mia\u0142a do czynienia z rzemios\u0142em ludowym. Jej najwi\u0119ksz\u0105 pasj\u0105 jest rze\u017aba, ale si\u0119ga tak\u017ce po haft i malarstwo na szkle. Na ekspozycji b\u0119dzie mo\u017cna zobaczy\u0107 r\u00f3\u017cne grupy tematyczne pokazane w formie figur i p\u0142askorze\u017ab: graj\u0105ce ch\u00f3ry anielskie, postacie \u015bwi\u0119tych patron\u00f3w (\u015bw. J\u00f3zef, \u015bw. Florian, \u015bw. Franciszek), szopka bo\u017conarodzeniowa oraz liczne przedstawienia maryjne (Matka Bo\u017ca Fatimska, Lud\u017amierska, Kode\u0144ska i in.). Osobn\u0105 grup\u0119 tematyczn\u0105 stanowi\u0105 prace przygotowane w ramach stypendium tw\u00f3rczego Narodowego Instytutu Kultury i Dziedzictwa Wsi. S\u0105 to p\u0142askorze\u017aby b\u0119d\u0105ce tw\u00f3rcz\u0105 interpretacj\u0105 zwyczaj\u00f3w i obrz\u0119d\u00f3w od adwentu do zapust\u00f3w, powsta\u0142e zar\u00f3wno na podstawie obserwacji w\u0142asnych artystki, jaki i \u017ar\u00f3de\u0142 etnograficznych.<\/p>\n<p>Jak co roku w Bramie Krakowskiej b\u0119dzie mo\u017cna podziwia\u0107 <a href=\"https:\/\/retradycja.eu\/pl\/events\/instalacja-pajak-ewelina-kruszynska-25-08\/\"><strong>paj\u0105ka<\/strong> <\/a>nawi\u0105zuj\u0105cego do dawnych ozd\u00f3b ludowych, kt\u00f3rymi dekorowano izb\u0119 z okazji \u015bwi\u0105t. Tegoroczna instalacja stworzona przez<strong> Ewelin\u0105 Kruszy\u0144sk\u0105<\/strong> inspirowana jest tradycyjnymi sitami, kt\u00f3re na Lubelszczy\u017anie kojarzone s\u0105 z Bi\u0142gorajem i jego okolicami. To tam przez wieki dzia\u0142ali sitarze zaopatruj\u0105cy w swoje wyroby nie tylko najbli\u017cszy region, ale i dalekie zak\u0105tki Europy. Jednym z mistrz\u00f3w do dzi\u015b zajmuj\u0105cych si\u0119 wyrobem sosnowych \u0142ub\u00f3w, z kt\u00f3rych potem tworzy si\u0119 sita, jest pan Tadeusz Ma\u0142ysza z Bukowej. To spod jego r\u0105k wysz\u0142y obr\u0119cze i ostru\u017cyny, kt\u00f3re artystka skomponowa\u0142a we wsp\u00f3\u0142czesn\u0105 instalacj\u0119 ozdabiaj\u0105c\u0105 Bram\u0119 Krakowsk\u0105.<\/p>\n<p>Polecamy r\u00f3wnie\u017c wybra\u0107 si\u0119 na Podw\u00f3rko Re:tradycji, gdzie b\u0119dzie znajdowa\u0107 si\u0119 przestrze\u0144 gier i zabaw tradycyjnych. Na B\u0142oniach pod Zamkiem mo\u017cna na przyk\u0142ad sprawdzi\u0107 swoje umiej\u0119tno\u015bci w przeci\u0105ganiu si\u0119 na d\u0119bowej beczce, grze w kapsle czy w hacele. Uwaga! To strefa nie tylko dla dzieci!<\/p>\n<h2><strong>Informacje praktyczne <\/strong><\/h2>\n<p><strong><a href=\"https:\/\/retradycja.eu\/pl\/events\/jarmark-jagiellonski-25-08\/\">Godziny dy\u017cur\u00f3w&nbsp;t\u0142umaczy PJM podczas Jarmarku Jagiello\u0144skiego<\/a><br \/>\nKiedy:<br \/>\n<\/strong>23 sierpnia (pi\u0105tek), godz. 16.00\u201318.00<br \/>\n24 sierpnia (sobota), godz. 11.00\u201314.00<br \/>\n25 sierpnia (niedziela) 11.00\u201314.00<br \/>\n<strong>Gdzie:<\/strong> punkt informacyjny na placu \u0141okietka<br \/>\n<strong>Wst\u0119p wolny.<\/strong><\/p>\n<p><a href=\"https:\/\/retradycja.eu\/pl\/events\/spektakl-matecznik-teatr-latek-pjm\/\"><strong>Spektakl \u201eMatecznik\u201d | Teatr \u0141\u0105tek <\/strong><\/a><br \/>\n<strong>Kiedy:<\/strong> 24 sierpnia, godz. 18.00<br \/>\n<strong>Gdzie:<\/strong> Warsztaty Kultury w Lublinie, ul. Grodzka 5a, sala widowiskowa \u2013 II pi\u0119tro<br \/>\n<strong>Dla kogo:<\/strong> osoby w wieku 18+<br \/>\n<strong>Wst\u0119p wolny.<\/strong><\/p>\n<p><a href=\"https:\/\/retradycja.eu\/pl\/events\/piesn-rzeki-spektakl-pjm\/\"><strong>Spektakl \u201ePie\u015b\u0144 rzeki\u201d | Teatr \u0141\u0105tek <\/strong><\/a><br \/>\n<strong>Kiedy:<\/strong> 25 sierpnia, godz. 16.00<br \/>\n<strong>Gdzie:<\/strong> Warsztaty Kultury w Lublinie, ul. Grodzka 5a, sala widowiskowa \u2013 II pi\u0119tro<br \/>\n<strong>Dla kogo:<\/strong> osoby w wieku 18+<br \/>\n<strong>Wst\u0119p wolny.<\/strong><\/p>\n<p><strong><a href=\"https:\/\/retradycja.eu\/pl\/events\/franciszek-lepich-fotograf-z-oleszki-projekcja-filmu-i-spotkanie-z-kuratorka-projektu-magdalena-gorniak-bardzik\/\">Kino | Franciszek Lepich, fotograf z Oleszki | Projekcja filmu i spotkanie z kuratork\u0105 projektu, Magdalen\u0105 G\u00f3rniak-Bardzik<\/a><br \/>\nKiedy:<\/strong> 23 sierpnia 2024, godz. 18.00<br \/>\n<strong>Gdzie:<\/strong> Warsztaty Kultury w Lublinie, ul. Grodzka 5a, sala widowiskowa, II pi\u0119tro<br \/>\n<strong>Wst\u0119p wolny.<\/strong><\/p>\n<p><strong><a href=\"https:\/\/retradycja.eu\/pl\/sasiedzi-od-narodzin-az-po-smierc-fotografie-franciszka-lepicha-z-oleszki-wystawa-w-ramach-festiwalu\/\">Wystawa \u201eS\u0105siedzi. Od narodzin a\u017c po \u015bmier\u0107\u201d Fotografie Franciszka Lepicha z Oleszki.<\/a><br \/>\nKiedy:<\/strong> 5\u201330 sierpnia 2024 <strong><br \/>\nGdzie:<\/strong> Zau\u0142ek Hartwig\u00f3w, ul. Kowalska 3<br \/>\n<strong>Wystawa plenerowa, wst\u0119p wolny.<\/strong><\/p>\n<p><a href=\"https:\/\/retradycja.eu\/pl\/events\/wystawa-miedzy-swiatami-rzezbiarskie-narracje-bogumily-lesniak-wydarzenie-towarzyszace-niedziela\/\"><strong>Wystawa Mi\u0119dzy \u015bwiatami \u2013 rze\u017abiarskie narracje Bogumi\u0142y Le\u015bniak &nbsp;<\/strong><\/a><br \/>\n<strong>Kiedy:<\/strong> 23\u201325 sierpnia 2024, godz. 09.00 \u2013 18.00<br \/>\n<strong>Gdzie:<\/strong> Galeria Sztuki Ludowej, ul. Grodzka 14<br \/>\n<strong>Wst\u0119p wolny.<\/strong><\/p>\n<p><strong><a href=\"https:\/\/retradycja.eu\/pl\/events\/instalacja-pajak-ewelina-kruszynska-25-08\/\">Paj\u0105k \u2013 instalacja artystyczna Eweliny Kruszy\u0144skiej<\/a><br \/>\nKiedy:<\/strong> 23\u201325 sierpnia 2024<br \/>\n<strong>Gdzie:<\/strong> Brama Krakowska<br \/>\n<strong>Wst\u0119p wolny, wystawa plenerowa.<\/strong><\/p>\n<hr>\n<div class=\"fusion-aligncenter\"><a class=\"fusion-button button-flat button-large button-default fusion-button-default button-1 fusion-button-default-span fusion-button-default-type\" style=\"--button_margin-top:2%;--button_margin-bottom:2%;\" target=\"_self\" href=\"https:\/\/retradycja.eu\/program-2024\"><span class=\"fusion-button-text\">sprawd\u017a program<\/span><\/a><\/div>\n<p><strong>&nbsp;<\/strong><strong>Festiwal Re:tradycja \u2013 Jarmark Jagiello\u0144ski<br \/>\n23\u201325 sierpnia 2024<br \/>\nLublin \u2013 Stare Miasto, B\u0142onia pod Zamkiem<br \/>\nWst\u0119p wolny<\/strong><\/p>\n<p><strong>&nbsp;<\/strong><strong>Organizatorzy:<\/strong> Warsztaty Kultury w Lublinie, Instytucja Kultury Miasta Lublin, Lublin Miasto Inspiracji<br \/>\n<strong>Patronat honorowy:<\/strong> Prezydent Miasta Lublin \u2013 Krzysztof \u017buk, Narodowy Instytut Dziedzictwa<br \/>\nDofinansowano ze \u015brodk\u00f3w Ministra Kultury i Dziedzictwa Narodowego.<br \/>\n<strong>Sponsor: <\/strong>Herbapol \u2013 Lublin S.A.<strong><br \/>\n<\/strong><strong>Partnerzy:<\/strong> Muzeum Narodowe w Lublinie, Ivan Honchar Museum, Muzeum Wsi Opolskiej, O\u015brodek Praktyk Teatralnych Gardzienice, Dominikanie Lublin, Stowarzyszenie Tw\u00f3rc\u00f3w Ludowych, Fundacja Kultura Enter, Uniwersytet Marii Curie \u2013 Sk\u0142odowskiej w Lublinie<br \/>\n<strong>Patroni medialni:<\/strong> Polskie Radio Program II, Polskie Radio Dzieciom, Radiowe Centrum Kultury Ludowej, Gazeta Wyborcza, KulturaLudowa.pl, MuzykaTradycyjna.pl, Czas Dzieci, Kultura Enter, ONET<strong><br \/>\n<\/strong><\/p>\n<\/div><\/div><\/div><\/div><\/div>\n","protected":false},"excerpt":{"rendered":"","protected":false},"author":5,"featured_media":55531,"comment_status":"closed","ping_status":"open","sticky":false,"template":"","format":"standard","meta":{"_acf_changed":false,"ngg_post_thumbnail":0,"footnotes":""},"categories":[1],"tags":[],"acf":[],"yoast_head":"<!-- This site is optimized with the Yoast SEO plugin v22.2 - https:\/\/yoast.com\/wordpress\/plugins\/seo\/ -->\n<title>Program dla os\u00f3b pos\u0142uguj\u0105cych si\u0119 Polskim J\u0119zykiem Migowym<\/title>\n<meta name=\"description\" content=\"Podczas tegorocznej edycji Festiwalu wychodzimy z propozycj\u0105 dla os\u00f3b pos\u0142uguj\u0105cych si\u0119 Polskim J\u0119zykiem Migowym.\" \/>\n<meta name=\"robots\" content=\"index, follow, max-snippet:-1, max-image-preview:large, max-video-preview:-1\" \/>\n<link rel=\"canonical\" href=\"https:\/\/retradycja.eu\/pl\/program-dla-osob-poslugujacych-sie-polskim-jezykiem-migowym\/\" \/>\n<meta property=\"og:locale\" content=\"pl_PL\" \/>\n<meta property=\"og:type\" content=\"article\" \/>\n<meta property=\"og:title\" content=\"Program dla os\u00f3b pos\u0142uguj\u0105cych si\u0119 Polskim J\u0119zykiem Migowym\" \/>\n<meta property=\"og:description\" content=\"Podczas tegorocznej edycji Festiwalu wychodzimy z propozycj\u0105 dla os\u00f3b pos\u0142uguj\u0105cych si\u0119 Polskim J\u0119zykiem Migowym.\" \/>\n<meta property=\"og:url\" content=\"https:\/\/retradycja.eu\/pl\/program-dla-osob-poslugujacych-sie-polskim-jezykiem-migowym\/\" \/>\n<meta property=\"og:site_name\" content=\"Festiwal Re:tradycja - Jarmark Jagiello\u0144ski\" \/>\n<meta property=\"article:publisher\" content=\"https:\/\/www.facebook.com\/retradycja\" \/>\n<meta property=\"article:published_time\" content=\"2024-08-13T10:38:09+00:00\" \/>\n<meta property=\"article:modified_time\" content=\"2024-08-13T14:32:47+00:00\" \/>\n<meta property=\"og:image\" content=\"https:\/\/retradycja.eu\/wp-content\/uploads\/2024\/08\/pjm_hd_pjm.png\" \/>\n\t<meta property=\"og:image:width\" content=\"1920\" \/>\n\t<meta property=\"og:image:height\" content=\"1080\" \/>\n\t<meta property=\"og:image:type\" content=\"image\/png\" \/>\n<meta name=\"author\" content=\"Ma\u0142gorzata\" \/>\n<meta name=\"twitter:card\" content=\"summary_large_image\" \/>\n<meta name=\"twitter:label1\" content=\"Napisane przez\" \/>\n\t<meta name=\"twitter:data1\" content=\"Ma\u0142gorzata\" \/>\n\t<meta name=\"twitter:label2\" content=\"Szacowany czas czytania\" \/>\n\t<meta name=\"twitter:data2\" content=\"8 minut\" \/>\n<script type=\"application\/ld+json\" class=\"yoast-schema-graph\">{\"@context\":\"https:\/\/schema.org\",\"@graph\":[{\"@type\":\"Article\",\"@id\":\"https:\/\/retradycja.eu\/pl\/program-dla-osob-poslugujacych-sie-polskim-jezykiem-migowym\/#article\",\"isPartOf\":{\"@id\":\"https:\/\/retradycja.eu\/pl\/program-dla-osob-poslugujacych-sie-polskim-jezykiem-migowym\/\"},\"author\":{\"name\":\"Ma\u0142gorzata\",\"@id\":\"https:\/\/retradycja.eu\/pl\/#\/schema\/person\/fd205a687bde7f36f7900874fe9c96c0\"},\"headline\":\"Program dla os\u00f3b pos\u0142uguj\u0105cych si\u0119 Polskim J\u0119zykiem Migowym\",\"datePublished\":\"2024-08-13T10:38:09+00:00\",\"dateModified\":\"2024-08-13T14:32:47+00:00\",\"mainEntityOfPage\":{\"@id\":\"https:\/\/retradycja.eu\/pl\/program-dla-osob-poslugujacych-sie-polskim-jezykiem-migowym\/\"},\"wordCount\":1920,\"publisher\":{\"@id\":\"https:\/\/retradycja.eu\/pl\/#organization\"},\"image\":{\"@id\":\"https:\/\/retradycja.eu\/pl\/program-dla-osob-poslugujacych-sie-polskim-jezykiem-migowym\/#primaryimage\"},\"thumbnailUrl\":\"https:\/\/retradycja.eu\/wp-content\/uploads\/2024\/08\/pjm_hd_pjm.png\",\"inLanguage\":\"pl-PL\"},{\"@type\":\"WebPage\",\"@id\":\"https:\/\/retradycja.eu\/pl\/program-dla-osob-poslugujacych-sie-polskim-jezykiem-migowym\/\",\"url\":\"https:\/\/retradycja.eu\/pl\/program-dla-osob-poslugujacych-sie-polskim-jezykiem-migowym\/\",\"name\":\"Program dla os\u00f3b pos\u0142uguj\u0105cych si\u0119 Polskim J\u0119zykiem Migowym\",\"isPartOf\":{\"@id\":\"https:\/\/retradycja.eu\/pl\/#website\"},\"primaryImageOfPage\":{\"@id\":\"https:\/\/retradycja.eu\/pl\/program-dla-osob-poslugujacych-sie-polskim-jezykiem-migowym\/#primaryimage\"},\"image\":{\"@id\":\"https:\/\/retradycja.eu\/pl\/program-dla-osob-poslugujacych-sie-polskim-jezykiem-migowym\/#primaryimage\"},\"thumbnailUrl\":\"https:\/\/retradycja.eu\/wp-content\/uploads\/2024\/08\/pjm_hd_pjm.png\",\"datePublished\":\"2024-08-13T10:38:09+00:00\",\"dateModified\":\"2024-08-13T14:32:47+00:00\",\"description\":\"Podczas tegorocznej edycji Festiwalu wychodzimy z propozycj\u0105 dla os\u00f3b pos\u0142uguj\u0105cych si\u0119 Polskim J\u0119zykiem Migowym.\",\"breadcrumb\":{\"@id\":\"https:\/\/retradycja.eu\/pl\/program-dla-osob-poslugujacych-sie-polskim-jezykiem-migowym\/#breadcrumb\"},\"inLanguage\":\"pl-PL\",\"potentialAction\":[{\"@type\":\"ReadAction\",\"target\":[\"https:\/\/retradycja.eu\/pl\/program-dla-osob-poslugujacych-sie-polskim-jezykiem-migowym\/\"]}]},{\"@type\":\"ImageObject\",\"inLanguage\":\"pl-PL\",\"@id\":\"https:\/\/retradycja.eu\/pl\/program-dla-osob-poslugujacych-sie-polskim-jezykiem-migowym\/#primaryimage\",\"url\":\"https:\/\/retradycja.eu\/wp-content\/uploads\/2024\/08\/pjm_hd_pjm.png\",\"contentUrl\":\"https:\/\/retradycja.eu\/wp-content\/uploads\/2024\/08\/pjm_hd_pjm.png\",\"width\":1920,\"height\":1080,\"caption\":\"Grafika z symbolem t\u0142umaczenia na PJM.\"},{\"@type\":\"BreadcrumbList\",\"@id\":\"https:\/\/retradycja.eu\/pl\/program-dla-osob-poslugujacych-sie-polskim-jezykiem-migowym\/#breadcrumb\",\"itemListElement\":[{\"@type\":\"ListItem\",\"position\":1,\"name\":\"Strona g\u0142\u00f3wna\",\"item\":\"https:\/\/retradycja.eu\/pl\/\"},{\"@type\":\"ListItem\",\"position\":2,\"name\":\"Program dla os\u00f3b pos\u0142uguj\u0105cych si\u0119 Polskim J\u0119zykiem Migowym\"}]},{\"@type\":\"WebSite\",\"@id\":\"https:\/\/retradycja.eu\/pl\/#website\",\"url\":\"https:\/\/retradycja.eu\/pl\/\",\"name\":\"Festiwal Re:tradycja - Jarmark Jagiello\u0144ski\",\"description\":\" Lublin, Stare Miasto\",\"publisher\":{\"@id\":\"https:\/\/retradycja.eu\/pl\/#organization\"},\"potentialAction\":[{\"@type\":\"SearchAction\",\"target\":{\"@type\":\"EntryPoint\",\"urlTemplate\":\"https:\/\/retradycja.eu\/pl\/?s={search_term_string}\"},\"query-input\":\"required name=search_term_string\"}],\"inLanguage\":\"pl-PL\"},{\"@type\":\"Organization\",\"@id\":\"https:\/\/retradycja.eu\/pl\/#organization\",\"name\":\"Warsztaty Kultury w Lublinie\",\"url\":\"https:\/\/retradycja.eu\/pl\/\",\"logo\":{\"@type\":\"ImageObject\",\"inLanguage\":\"pl-PL\",\"@id\":\"https:\/\/retradycja.eu\/pl\/#\/schema\/logo\/image\/\",\"url\":\"https:\/\/retradycja.eu\/wp-content\/uploads\/2022\/06\/logo_retradycje-01.png\",\"contentUrl\":\"https:\/\/retradycja.eu\/wp-content\/uploads\/2022\/06\/logo_retradycje-01.png\",\"width\":332,\"height\":63,\"caption\":\"Warsztaty Kultury w Lublinie\"},\"image\":{\"@id\":\"https:\/\/retradycja.eu\/pl\/#\/schema\/logo\/image\/\"},\"sameAs\":[\"https:\/\/www.facebook.com\/retradycja\",\"https:\/\/www.instagram.com\/retradycja_jarmarkjagiellonski\/\",\"https:\/\/www.youtube.com\/user\/JarmarkJagiellonski\"]},{\"@type\":\"Person\",\"@id\":\"https:\/\/retradycja.eu\/pl\/#\/schema\/person\/fd205a687bde7f36f7900874fe9c96c0\",\"name\":\"Ma\u0142gorzata\",\"image\":{\"@type\":\"ImageObject\",\"inLanguage\":\"pl-PL\",\"@id\":\"https:\/\/retradycja.eu\/pl\/#\/schema\/person\/image\/\",\"url\":\"https:\/\/secure.gravatar.com\/avatar\/c2f84c05c7c04cc536472b6e15a984f4?s=96&d=mm&r=g\",\"contentUrl\":\"https:\/\/secure.gravatar.com\/avatar\/c2f84c05c7c04cc536472b6e15a984f4?s=96&d=mm&r=g\",\"caption\":\"Ma\u0142gorzata\"}}]}<\/script>\n<!-- \/ Yoast SEO plugin. -->","yoast_head_json":{"title":"Program dla os\u00f3b pos\u0142uguj\u0105cych si\u0119 Polskim J\u0119zykiem Migowym","description":"Podczas tegorocznej edycji Festiwalu wychodzimy z propozycj\u0105 dla os\u00f3b pos\u0142uguj\u0105cych si\u0119 Polskim J\u0119zykiem Migowym.","robots":{"index":"index","follow":"follow","max-snippet":"max-snippet:-1","max-image-preview":"max-image-preview:large","max-video-preview":"max-video-preview:-1"},"canonical":"https:\/\/retradycja.eu\/pl\/program-dla-osob-poslugujacych-sie-polskim-jezykiem-migowym\/","og_locale":"pl_PL","og_type":"article","og_title":"Program dla os\u00f3b pos\u0142uguj\u0105cych si\u0119 Polskim J\u0119zykiem Migowym","og_description":"Podczas tegorocznej edycji Festiwalu wychodzimy z propozycj\u0105 dla os\u00f3b pos\u0142uguj\u0105cych si\u0119 Polskim J\u0119zykiem Migowym.","og_url":"https:\/\/retradycja.eu\/pl\/program-dla-osob-poslugujacych-sie-polskim-jezykiem-migowym\/","og_site_name":"Festiwal Re:tradycja - Jarmark Jagiello\u0144ski","article_publisher":"https:\/\/www.facebook.com\/retradycja","article_published_time":"2024-08-13T10:38:09+00:00","article_modified_time":"2024-08-13T14:32:47+00:00","og_image":[{"width":1920,"height":1080,"url":"https:\/\/retradycja.eu\/wp-content\/uploads\/2024\/08\/pjm_hd_pjm.png","type":"image\/png"}],"author":"Ma\u0142gorzata","twitter_card":"summary_large_image","twitter_misc":{"Napisane przez":"Ma\u0142gorzata","Szacowany czas czytania":"8 minut"},"schema":{"@context":"https:\/\/schema.org","@graph":[{"@type":"Article","@id":"https:\/\/retradycja.eu\/pl\/program-dla-osob-poslugujacych-sie-polskim-jezykiem-migowym\/#article","isPartOf":{"@id":"https:\/\/retradycja.eu\/pl\/program-dla-osob-poslugujacych-sie-polskim-jezykiem-migowym\/"},"author":{"name":"Ma\u0142gorzata","@id":"https:\/\/retradycja.eu\/pl\/#\/schema\/person\/fd205a687bde7f36f7900874fe9c96c0"},"headline":"Program dla os\u00f3b pos\u0142uguj\u0105cych si\u0119 Polskim J\u0119zykiem Migowym","datePublished":"2024-08-13T10:38:09+00:00","dateModified":"2024-08-13T14:32:47+00:00","mainEntityOfPage":{"@id":"https:\/\/retradycja.eu\/pl\/program-dla-osob-poslugujacych-sie-polskim-jezykiem-migowym\/"},"wordCount":1920,"publisher":{"@id":"https:\/\/retradycja.eu\/pl\/#organization"},"image":{"@id":"https:\/\/retradycja.eu\/pl\/program-dla-osob-poslugujacych-sie-polskim-jezykiem-migowym\/#primaryimage"},"thumbnailUrl":"https:\/\/retradycja.eu\/wp-content\/uploads\/2024\/08\/pjm_hd_pjm.png","inLanguage":"pl-PL"},{"@type":"WebPage","@id":"https:\/\/retradycja.eu\/pl\/program-dla-osob-poslugujacych-sie-polskim-jezykiem-migowym\/","url":"https:\/\/retradycja.eu\/pl\/program-dla-osob-poslugujacych-sie-polskim-jezykiem-migowym\/","name":"Program dla os\u00f3b pos\u0142uguj\u0105cych si\u0119 Polskim J\u0119zykiem Migowym","isPartOf":{"@id":"https:\/\/retradycja.eu\/pl\/#website"},"primaryImageOfPage":{"@id":"https:\/\/retradycja.eu\/pl\/program-dla-osob-poslugujacych-sie-polskim-jezykiem-migowym\/#primaryimage"},"image":{"@id":"https:\/\/retradycja.eu\/pl\/program-dla-osob-poslugujacych-sie-polskim-jezykiem-migowym\/#primaryimage"},"thumbnailUrl":"https:\/\/retradycja.eu\/wp-content\/uploads\/2024\/08\/pjm_hd_pjm.png","datePublished":"2024-08-13T10:38:09+00:00","dateModified":"2024-08-13T14:32:47+00:00","description":"Podczas tegorocznej edycji Festiwalu wychodzimy z propozycj\u0105 dla os\u00f3b pos\u0142uguj\u0105cych si\u0119 Polskim J\u0119zykiem Migowym.","breadcrumb":{"@id":"https:\/\/retradycja.eu\/pl\/program-dla-osob-poslugujacych-sie-polskim-jezykiem-migowym\/#breadcrumb"},"inLanguage":"pl-PL","potentialAction":[{"@type":"ReadAction","target":["https:\/\/retradycja.eu\/pl\/program-dla-osob-poslugujacych-sie-polskim-jezykiem-migowym\/"]}]},{"@type":"ImageObject","inLanguage":"pl-PL","@id":"https:\/\/retradycja.eu\/pl\/program-dla-osob-poslugujacych-sie-polskim-jezykiem-migowym\/#primaryimage","url":"https:\/\/retradycja.eu\/wp-content\/uploads\/2024\/08\/pjm_hd_pjm.png","contentUrl":"https:\/\/retradycja.eu\/wp-content\/uploads\/2024\/08\/pjm_hd_pjm.png","width":1920,"height":1080,"caption":"Grafika z symbolem t\u0142umaczenia na PJM."},{"@type":"BreadcrumbList","@id":"https:\/\/retradycja.eu\/pl\/program-dla-osob-poslugujacych-sie-polskim-jezykiem-migowym\/#breadcrumb","itemListElement":[{"@type":"ListItem","position":1,"name":"Strona g\u0142\u00f3wna","item":"https:\/\/retradycja.eu\/pl\/"},{"@type":"ListItem","position":2,"name":"Program dla os\u00f3b pos\u0142uguj\u0105cych si\u0119 Polskim J\u0119zykiem Migowym"}]},{"@type":"WebSite","@id":"https:\/\/retradycja.eu\/pl\/#website","url":"https:\/\/retradycja.eu\/pl\/","name":"Festiwal Re:tradycja - Jarmark Jagiello\u0144ski","description":" Lublin, Stare Miasto","publisher":{"@id":"https:\/\/retradycja.eu\/pl\/#organization"},"potentialAction":[{"@type":"SearchAction","target":{"@type":"EntryPoint","urlTemplate":"https:\/\/retradycja.eu\/pl\/?s={search_term_string}"},"query-input":"required name=search_term_string"}],"inLanguage":"pl-PL"},{"@type":"Organization","@id":"https:\/\/retradycja.eu\/pl\/#organization","name":"Warsztaty Kultury w Lublinie","url":"https:\/\/retradycja.eu\/pl\/","logo":{"@type":"ImageObject","inLanguage":"pl-PL","@id":"https:\/\/retradycja.eu\/pl\/#\/schema\/logo\/image\/","url":"https:\/\/retradycja.eu\/wp-content\/uploads\/2022\/06\/logo_retradycje-01.png","contentUrl":"https:\/\/retradycja.eu\/wp-content\/uploads\/2022\/06\/logo_retradycje-01.png","width":332,"height":63,"caption":"Warsztaty Kultury w Lublinie"},"image":{"@id":"https:\/\/retradycja.eu\/pl\/#\/schema\/logo\/image\/"},"sameAs":["https:\/\/www.facebook.com\/retradycja","https:\/\/www.instagram.com\/retradycja_jarmarkjagiellonski\/","https:\/\/www.youtube.com\/user\/JarmarkJagiellonski"]},{"@type":"Person","@id":"https:\/\/retradycja.eu\/pl\/#\/schema\/person\/fd205a687bde7f36f7900874fe9c96c0","name":"Ma\u0142gorzata","image":{"@type":"ImageObject","inLanguage":"pl-PL","@id":"https:\/\/retradycja.eu\/pl\/#\/schema\/person\/image\/","url":"https:\/\/secure.gravatar.com\/avatar\/c2f84c05c7c04cc536472b6e15a984f4?s=96&d=mm&r=g","contentUrl":"https:\/\/secure.gravatar.com\/avatar\/c2f84c05c7c04cc536472b6e15a984f4?s=96&d=mm&r=g","caption":"Ma\u0142gorzata"}}]}},"_links":{"self":[{"href":"https:\/\/retradycja.eu\/pl\/wp-json\/wp\/v2\/posts\/55530"}],"collection":[{"href":"https:\/\/retradycja.eu\/pl\/wp-json\/wp\/v2\/posts"}],"about":[{"href":"https:\/\/retradycja.eu\/pl\/wp-json\/wp\/v2\/types\/post"}],"author":[{"embeddable":true,"href":"https:\/\/retradycja.eu\/pl\/wp-json\/wp\/v2\/users\/5"}],"replies":[{"embeddable":true,"href":"https:\/\/retradycja.eu\/pl\/wp-json\/wp\/v2\/comments?post=55530"}],"version-history":[{"count":5,"href":"https:\/\/retradycja.eu\/pl\/wp-json\/wp\/v2\/posts\/55530\/revisions"}],"predecessor-version":[{"id":55544,"href":"https:\/\/retradycja.eu\/pl\/wp-json\/wp\/v2\/posts\/55530\/revisions\/55544"}],"wp:featuredmedia":[{"embeddable":true,"href":"https:\/\/retradycja.eu\/pl\/wp-json\/wp\/v2\/media\/55531"}],"wp:attachment":[{"href":"https:\/\/retradycja.eu\/pl\/wp-json\/wp\/v2\/media?parent=55530"}],"wp:term":[{"taxonomy":"category","embeddable":true,"href":"https:\/\/retradycja.eu\/pl\/wp-json\/wp\/v2\/categories?post=55530"},{"taxonomy":"post_tag","embeddable":true,"href":"https:\/\/retradycja.eu\/pl\/wp-json\/wp\/v2\/tags?post=55530"}],"curies":[{"name":"wp","href":"https:\/\/api.w.org\/{rel}","templated":true}]}}