{"id":55048,"date":"2024-07-22T14:51:42","date_gmt":"2024-07-22T12:51:42","guid":{"rendered":"https:\/\/retradycja.eu\/?p=55048"},"modified":"2024-07-26T13:31:30","modified_gmt":"2024-07-26T11:31:30","slug":"sobota-taniec","status":"publish","type":"post","link":"https:\/\/retradycja.eu\/pl\/sobota-taniec\/","title":{"rendered":"Sobotnia pota\u0144c\u00f3wka na festiwalu!"},"content":{"rendered":"<div class=\"fusion-fullwidth fullwidth-box fusion-builder-row-1 fusion-flex-container nonhundred-percent-fullwidth non-hundred-percent-height-scrolling\" style=\"--awb-border-radius-top-left:0px;--awb-border-radius-top-right:0px;--awb-border-radius-bottom-right:0px;--awb-border-radius-bottom-left:0px;--awb-flex-wrap:wrap;\" ><div class=\"fusion-builder-row fusion-row fusion-flex-align-items-flex-start fusion-flex-content-wrap\" style=\"max-width:calc( 1920px + 0px );margin-left: calc(-0px \/ 2 );margin-right: calc(-0px \/ 2 );\"><div class=\"fusion-layout-column fusion_builder_column fusion-builder-column-0 fusion_builder_column_1_1 1_1 fusion-flex-column\" style=\"--awb-bg-size:cover;--awb-width-large:100%;--awb-margin-top-large:0px;--awb-spacing-right-large:0px;--awb-margin-bottom-large:0px;--awb-spacing-left-large:0px;--awb-width-medium:100%;--awb-spacing-right-medium:0px;--awb-spacing-left-medium:0px;--awb-width-small:100%;--awb-spacing-right-small:0px;--awb-spacing-left-small:0px;\"><div class=\"fusion-column-wrapper fusion-flex-justify-content-flex-start fusion-content-layout-column\"><div class=\"fusion-text fusion-text-1\"><p><strong>Jak co roku w drugiej po\u0142owie sierpnia Lublin, za spraw\u0105 Festiwalu Re:tradycja \u2013 Jarmark Jagiello\u0144ski, stanie si\u0119 prawdziw\u0105 stolic\u0105 kultury tradycyjnej. W dniach 23\u201325 sierpnia&nbsp; <\/strong><strong>2024 r. do miasta ponownie zawitaj\u0105 mistrzowie oraz mistrzynie muzyki tradycyjnej oraz arty\u015bci i artystki inspiruj\u0105cy si\u0119 muzycznym dziedzictwem swoich kraj\u00f3w i region\u00f3w. W programie wydarzenia nie zabraknie koncert\u00f3w oraz pota\u0144c\u00f3wek, kt\u00f3re co roku przyci\u0105gaj\u0105 t\u0142umy.&nbsp; Og\u0142osili\u015bmy ju\u017c, \u017ce w festiwalowy pi\u0105tek, podczas wieczornej pota\u0144c\u00f3wki (23 sierpnia), do ta\u0144ca zagraj\u0105: <\/strong><strong>Orkiestra Podr\u00f3\u017cniacy,<\/strong><strong> Kapela Dobrzeliniacy, <\/strong><strong>Kapela Fedak\u00f3w<\/strong><strong> oraz Kapela Bornego. Dzi\u015b zdradzaj\u0105, jakie kapele us\u0142yszymy w sobot\u0119! <\/strong><\/p>\n<h2>Opis<\/h2>\n<p>W czasie sobotniej pota\u0144c\u00f3wki (24 sierpnia godz. 22.00) us\u0142yszymy 3 grupy. Pierwsz\u0105 z nich b\u0119dzie <a href=\"https:\/\/retradycja.eu\/pl\/artysta\/kapela-wyrwinskiego-pol\/\"><strong>Kapela J\u00f3zefa Wyrwi\u0144skiego<\/strong><\/a>, radomskiego harmonisty z Korzyc, kt\u00f3ry kontynuuje tradycje si\u0119gaj\u0105ce w jego rodzinie co najmniej czas\u00f3w prapradziadka. Pan J\u00f3zef od swojej m\u0142odo\u015bci \u2013 od lat 60. XX wieku \u2013 gra\u0142 w kapeli z ojcem Adamem (skrzypce) i stryjem Antonim (harmonia peda\u0142owa), kt\u00f3rzy w praktyce udzielali mu cennej nauki fachu muzykanckiego. Grywali na weselach, muzykach, przyj\u0119ciach, odpustach, do\u017cynkach i przy innych okazjach do \u015bwi\u0119towania. Byli znan\u0105 i cenion\u0105 w regionie kapel\u0105. Pan J\u00f3zef gra na harmonii trzyrz\u0119dowej, r\u0119cznej i peda\u0142owej, jest liderem swojej kapeli od 2004 roku. Opr\u00f3cz pana J\u00f3zefa na scenie spotkamy tak\u017ce barabanist\u0119 Mariana Maja i skrzypaczk\u0119 Katarzyn\u0119 Zedel.<\/p>\n<p>Drug\u0105 kapel\u0105, kt\u00f3ra w sobot\u0119 zaprosi nas do ta\u0144ca, b\u0119d\u0105 <a href=\"https:\/\/retradycja.eu\/pl\/artysta\/chlopcy-z-nowoszyszek-pol\/\"><strong>Ch\u0142opcy z Nowoszyszek.<\/strong><\/a> To zesp\u00f3\u0142 za\u0142o\u017cony przez pasjonat\u00f3w tradycyjnej muzyki z pogranicza polsko-litewsko-bia\u0142oruskiego. Na repertuar grupy sk\u0142adaj\u0105 si\u0119 melodie taneczne: polki, walce, oberki, fokstroty, krakowiaki szerzej rozpowszechnione w ca\u0142ej Polsce, ale r\u00f3wnie\u017c bardziej egzotyczne ta\u0144ce charakterystyczne dla wielokulturowego tygla dawnej Rzeczpospolitej, takie jak kochaneczka, wasadula, kozak. Melodie pochodz\u0105 g\u0142\u00f3wnie od nie\u017cyj\u0105cych ju\u017c skrzypk\u00f3w suwalskich \u2013 Franciszka Racisa i Mieczys\u0142awa Pachutko. Zesp\u00f3\u0142 jest cz\u0119stym go\u015bciem na imprezach tanecznych i warsztatowych w ca\u0142ym kraju, koncertowa\u0142 r\u00f3wnie\u017c w Szwecji, Litwie, Bia\u0142orusi. W sk\u0142adzie grupy znajdziemy skrzypce, harmoni\u0119 3-rz\u0119dow\u0105, b\u0119ben obr\u0119czowy czy cymba\u0142y.<\/p>\n<p>Ten ostatni instrument pojawi si\u0119 tak\u017ce w ukrai\u0144sko-polskiej kapeli <strong><a href=\"https:\/\/retradycja.eu\/pl\/artysta\/hraybery-%d0%b3%d1%80%d0%b0%d0%b9%d0%b1%d0%b5%d1%80%d0%b8-pol-ukr\/\">HrayBery\/\u0413\u0440\u0430\u0439\u0411\u0435\u0440\u0438<\/a>,<\/strong> kt\u00f3ra stworzy okazj\u0119 do zabawy przy d\u017awi\u0119kach pochodz\u0105cych z dorzecza Sanu i innych cz\u0119\u015bci Galicji Wschodniej. Zesp\u00f3\u0142 przywraca do \u017cycia zapomnian\u0105 muzyk\u0119 powsta\u0142\u0105 na styku dw\u00f3ch kultur \u2013 polskiej i ukrai\u0144skiej. Repertuar zespo\u0142u to przede wszystkim utwory taneczne: kozaki, ko\u0142omyjki, mazurki, polki i walce zrekonstruowane na podstawie archiwalnych \u017ar\u00f3de\u0142 \u2013 nut oraz nagra\u0144 audio. U\u017cywane przez zesp\u00f3\u0142 instrumenty takie jak skrzypce, cymba\u0142y, b\u0119ben i bas by\u0142y powszechne na tych terenach ju\u017c od ko\u0144ca XVI w. Brzmienie zespo\u0142u pozwala s\u0142uchaczowi zanurzy\u0107 si\u0119 w dawnej, wielokulturowej muzyce tanecznej region\u00f3w zamieszka\u0142ych wsp\u00f3lnie przez Polak\u00f3w, Ukrai\u0144c\u00f3w, \u017byd\u00f3w i Rom\u00f3w.<\/p>\n<h2><strong>Kiedy zagraj\u0105 do ta\u0144ca?<\/strong><strong><br \/><\/strong><\/h2>\n<p>24 sierpnia 2024 (sobota), godz. 22.00\u20131.00<br \/>Scena Festiwalu, B\u0142onia pod Zamkiem<br \/>Wst\u0119p wolny<\/p>\n<p>Pota\u0144c\u00f3wki odb\u0119d\u0105 si\u0119 r\u00f3wnie\u017c w pi\u0105tek (23 sierpnia). Podczas tego wieczoru do ta\u0144ca zagraj\u0105: <strong>Orkiestra Podr\u00f3\u017cniacy<\/strong> z\u0142o\u017cona z m\u0142odych entuzjastek i entuzjast\u00f3w instrument\u00f3w d\u0119tych, <strong>Kapela Dobrzeliniacy<\/strong>, kt\u00f3ra zaprezentuje publiczno\u015bci repertuar pogranicza kutnowsko-\u0142owicko-\u0142\u0119czyckiego, <strong>Kapela Fedak\u00f3w<\/strong>, kt\u00f3ra gra muzyk\u0119 tradycyjn\u0105 ze \u015al\u0105ska i innych cz\u0119\u015bci kraju oraz <strong>Kapela Bornego<\/strong> czerpi\u0105ca bezpo\u015brednio od mistrz\u00f3w skrzypcowych i sukowych, m.in. od Stanis\u0142awa G\u0142aza, Bronis\u0142awa Bidy i Zbigniewa Butryna.<\/p>\n<p>Program Festiwalu dost\u0119pny jest na stronie. Jak co roku festiwalowa publiczno\u015b\u0107 mo\u017ce liczy\u0107 na niezwykle bogaty program artystyczny, pe\u0142en r\u00f3\u017cnorodnych wydarze\u0144 muzycznych. Na scenach Festiwalu us\u0142yszmy 6 propozycji koncertowych \u2013 w tym koncert re:tradycja \u2013 oraz 7 kapel, kt\u00f3re rozgrzej\u0105 plenerowy parkiet. Na publiczno\u015b\u0107 czekaj\u0105 tak\u017ce wystawy, warsztaty, atrakcje dla najm\u0142odszych oraz modu\u0142 rzemie\u015blniczy, czyli Jarmark Jagiello\u0144ski, na kt\u00f3rym swoje niepowtarzalne wyroby zaprezentuje 120 artyst\u00f3w \u2013 tw\u00f3rc\u00f3w ludowych i tradycyjnych rzemie\u015blnik\u00f3w.<\/p>\n<p>Przypominamy, \u017ce artystk\u0105, kt\u00f3r\u0105 us\u0142yszymy w Lublinie podczas Festiwalu, b\u0119dzie <a href=\"https:\/\/retradycja.eu\/pl\/events\/katarina-barruk-sa-nor-swe-koncert\/\"><strong>Katarina Barruk <\/strong><\/a>wykorzystuj\u0105ca w swoich utworach zar\u00f3wno lokalny j\u0119zyk Saam\u00f3w, jak i charakterystyczne dla nich joikowanie. Wszystkie te elementy \u0142\u0105czy z improwizacj\u0105 muzyczn\u0105, tworz\u0105c zjawiskow\u0105 ca\u0142o\u015b\u0107.&nbsp;W czasie lubelskiego koncertu wraz z Katarin\u0105 Barruk zaprezentuj\u0105 si\u0119 norwescy muzycy <strong>Arnljot Nordvik i Vegard Bjerkan<\/strong>. Zesp\u00f3\u0142 w tym sk\u0142adzie wyst\u0105pi w Polsce po raz pierwszy. Na ich koncert zapraszamy w sobot\u0119 24 sierpnia o godz. 19.30 na B\u0142onia pod Zamkiem, gdzie po raz kolejny zlokalizowana b\u0119dzie G\u0142\u00f3wna Scena Festiwalu. Tego samego dnia, o godzinie 20.30, wyst\u0105pi francuski zesp\u00f3\u0142 <strong><a href=\"https:\/\/retradycja.eu\/pl\/artysta\/barrut-fra\/\">Barrut<\/a> \u2013 <\/strong>si\u0142a g\u0142os\u00f3w splataj\u0105cych si\u0119 w energetycznej polifonii i nawi\u0105zuj\u0105cych do tradycji Oksytanii r\u00f3wnie\u017c poprzez j\u0119zyk oksyta\u0144ski, w jakim \u015bpiewaj\u0105 arty\u015bci. W niedziel\u0119, 25 sierpnia o godz. 14.00, w Bazylice oo. Dominikan\u00f3w, wyst\u0105pi zesp\u00f3\u0142 <a href=\"https:\/\/retradycja.eu\/pl\/artysta\/dresze-pol\/\"><strong>Dr\u00ebsz\u00eb<\/strong> <\/a>kontynuuj\u0105cy kaszubskie tradycje muzyczne i \u015bpiewacze. Wieczorem przeniesiemy si\u0119 na B\u0142onia pod Zamkiem, gdzie b\u0119dzie mo\u017cna us\u0142ysze\u0107 pochodz\u0105c\u0105 z Estonii grup\u0119 <a href=\"https:\/\/retradycja.eu\/pl\/artysta\/duo-ruut-est\/\"><strong>Duo Ruut,<\/strong><\/a> czyli <strong>Katariin\u0119 Kivi i Ann-Lisett Rebane<\/strong>. Zesp\u00f3\u0142 wykonuje autorskie melodie, ale w warstwie tekstowej swoich utwor\u00f3w korzysta z inspiracji tradycyjnych, przypominaj\u0105c o w\u0105tkach zawartych w dawnych esto\u0144skich pie\u015bniach. Podczas tego wieczoru na festiwalowej scenie us\u0142yszymy tak\u017ce polski sk\u0142ad <strong>Duality.<\/strong> Zesp\u00f3\u0142 wykonuje autorskie kompozycje inspirowane melodiami i pie\u015bniami pogranicza polsko-bia\u0142oruskiego oraz szeroko poj\u0119tego world music i muzyki elektronicznej.<\/p>\n<p>Dla os\u00f3b chc\u0105cych zg\u0142\u0119bi\u0107 swoj\u0105 wiedz\u0119 i zyska\u0107 nowe umiej\u0119tno\u015bci przygotowali\u015bmy warsztaty rzemie\u015blnicze, taneczne i \u015bpiewacze. Warsztaty b\u0119d\u0105 skierowane zar\u00f3wno do dzieci, jak i do os\u00f3b doros\u0142ych. Na warsztaty prowadzone b\u0119d\u0105 zapisy, kt\u00f3re rozpoczn\u0105 si\u0119 12 sierpnia.<\/p>\n<p>Wsp\u00f3\u0142pracuj\u0105ca z Festiwalem <strong>Fundacja Kultura Enter<\/strong> przygotowa\u0142a <a href=\"https:\/\/retradycja.eu\/pl\/letnia-szkola-tradycji-2024\/\"><strong>Letni\u0105 Szko\u0142\u0119 Tradycji<\/strong><\/a>&nbsp; (22\u201325 sierpnia). Jest to wydarzenie, kt\u00f3re od kilkunastu lat towarzyszy Festiwalowi i daje mo\u017cliwo\u015b\u0107 zyskania konkretnej wiedzy i poznania mistrz\u00f3w okre\u015blonych dziedzin wywodz\u0105cych si\u0119 z kultury tradycyjnej. W tym roku uczestnicy i uczestniczki b\u0119d\u0105 mieli okazj\u0119 pozna\u0107 r\u00f3\u017cne tradycje \u015bpiewacze, charakterystyczne dla nich techniki i repertuar. B\u0119d\u0105 to pie\u015bni kaszubskie, romskie, \u015bl\u0105skie, \u0142emkowskie i te wywodz\u0105ce si\u0119 z kultury stworzonej przez reemigrant\u00f3w z teren\u00f3w dawnej Jugos\u0142awii. Na zaj\u0119cia Letniej Szko\u0142y tak\u017ce obowi\u0105zuj\u0105 zapisy, a szczeg\u00f3\u0142y rekrutacji i uczestnictwa okre\u015blone s\u0105 w jej regulaminie.<\/p>\n<p>Festiwal to tak\u017ce czas dla dzieci, kt\u00f3re najch\u0119tniej przebywaj\u0105 na <a href=\"https:\/\/retradycja.eu\/pl\/events\/podworko-retradycji25-08\/\"><strong>Podw\u00f3rku Re:tradycji<\/strong><\/a> zlokalizowanym na B\u0142oniach pod Zamkiem. Czekaj\u0105 tam na nie tradycyjne zabawki, gry i instalacje artystyczne. Ka\u017cdego dnia w przestrzeni Podw\u00f3rka b\u0119d\u0105 odbywa\u0107 si\u0119 warsztaty dla dzieci oparte na muzyce, ta\u0144cu i \u015bpiewie tradycyjnym.&nbsp;<\/p>\n<hr>\n<p><strong>Festiwal Re:tradycja \u2013 Jarmark Jagiello\u0144ski<br \/>23\u201325 sierpnia 2024<br \/>Lublin \u2013 Stare Miasto, B\u0142onia pod Zamkiem<br \/>Wst\u0119p wolny<\/strong><\/p>\n<p><strong><div class=\"fusion-aligncenter\"><a class=\"fusion-button button-flat button-medium button-default fusion-button-default button-1 fusion-button-default-span fusion-button-default-type\" style=\"--button_margin-top:2%;--button_margin-bottom:2%;\" target=\"_self\" href=\"https:\/\/retradycja.eu\/program-2024\"><span class=\"fusion-button-text\">sprawd\u017a program!<\/span><\/a><\/div><\/strong><\/p>\n<p><strong>&nbsp;<\/strong><strong>Organizatorzy:<\/strong> Warsztaty Kultury w Lublinie, Instytucja Kultury Miasta Lublin, Lublin Miasto Inspiracji<br \/><strong>Patronat honorowy:<\/strong> Prezydent Miasta Lublin \u2013 Krzysztof \u017buk, Narodowy Instytut Dziedzictwa<br \/>Dofinansowano ze \u015brodk\u00f3w Ministra Kultury i Dziedzictwa Narodowego.<br \/><strong>Sponsor: <\/strong>Herbapol \u2013 Lublin S.A.<\/p>\n<p><strong>Partnerzy:<\/strong> Muzeum Narodowe w Lublinie, Ivan Honchar Museum, Muzeum Wsi Opolskiej, O\u015brodek Praktyk Teatralnych Gardzienice, Dominikanie Lublin, Stowarzyszenie Tw\u00f3rc\u00f3w Ludowych, Fundacja Kultura Enter, Uniwersytet Marii Curie \u2013 Sk\u0142odowskiej w Lublinie<br \/><strong>Patroni medialni:<\/strong> Polskie Radio Program II, Polskie Radio Dzieciom, Radiowe Centrum Kultury Ludowej, Gazeta Wyborcza, KulturaLudowa.pl, MuzykaTradycyjna.pl, Czas Dzieci, Kultura Enter, ONET<\/p>\n<p>&nbsp;<\/p>\n<\/div><\/div><\/div><\/div><\/div>\n","protected":false},"excerpt":{"rendered":"","protected":false},"author":5,"featured_media":55049,"comment_status":"closed","ping_status":"open","sticky":false,"template":"","format":"standard","meta":{"_acf_changed":false,"ngg_post_thumbnail":0,"footnotes":""},"categories":[1],"tags":[],"acf":[],"yoast_head":"<!-- This site is optimized with the Yoast SEO plugin v22.2 - https:\/\/yoast.com\/wordpress\/plugins\/seo\/ -->\n<title>Sobotnia pota\u0144c\u00f3wka na festiwalu!<\/title>\n<meta name=\"robots\" content=\"index, follow, max-snippet:-1, max-image-preview:large, max-video-preview:-1\" \/>\n<link rel=\"canonical\" href=\"https:\/\/retradycja.eu\/pl\/sobota-taniec\/\" \/>\n<meta property=\"og:locale\" content=\"pl_PL\" \/>\n<meta property=\"og:type\" content=\"article\" \/>\n<meta property=\"og:title\" content=\"Sobotnia pota\u0144c\u00f3wka na festiwalu!\" \/>\n<meta property=\"og:url\" content=\"https:\/\/retradycja.eu\/pl\/sobota-taniec\/\" \/>\n<meta property=\"og:site_name\" content=\"Festiwal Re:tradycja - Jarmark Jagiello\u0144ski\" \/>\n<meta property=\"article:publisher\" content=\"https:\/\/www.facebook.com\/retradycja\" \/>\n<meta property=\"article:published_time\" content=\"2024-07-22T12:51:42+00:00\" \/>\n<meta property=\"article:modified_time\" content=\"2024-07-26T11:31:30+00:00\" \/>\n<meta property=\"og:image\" content=\"https:\/\/retradycja.eu\/wp-content\/uploads\/2024\/07\/potancowka_re-10.jpg\" \/>\n\t<meta property=\"og:image:width\" content=\"1920\" \/>\n\t<meta property=\"og:image:height\" content=\"1079\" \/>\n\t<meta property=\"og:image:type\" content=\"image\/jpeg\" \/>\n<meta name=\"author\" content=\"Ma\u0142gorzata\" \/>\n<meta name=\"twitter:card\" content=\"summary_large_image\" \/>\n<meta name=\"twitter:label1\" content=\"Napisane przez\" \/>\n\t<meta name=\"twitter:data1\" content=\"Ma\u0142gorzata\" \/>\n\t<meta name=\"twitter:label2\" content=\"Szacowany czas czytania\" \/>\n\t<meta name=\"twitter:data2\" content=\"7 minut\" \/>\n<script type=\"application\/ld+json\" class=\"yoast-schema-graph\">{\"@context\":\"https:\/\/schema.org\",\"@graph\":[{\"@type\":\"Article\",\"@id\":\"https:\/\/retradycja.eu\/pl\/sobota-taniec\/#article\",\"isPartOf\":{\"@id\":\"https:\/\/retradycja.eu\/pl\/sobota-taniec\/\"},\"author\":{\"name\":\"Ma\u0142gorzata\",\"@id\":\"https:\/\/retradycja.eu\/pl\/#\/schema\/person\/fd205a687bde7f36f7900874fe9c96c0\"},\"headline\":\"Sobotnia pota\u0144c\u00f3wka na festiwalu!\",\"datePublished\":\"2024-07-22T12:51:42+00:00\",\"dateModified\":\"2024-07-26T11:31:30+00:00\",\"mainEntityOfPage\":{\"@id\":\"https:\/\/retradycja.eu\/pl\/sobota-taniec\/\"},\"wordCount\":1784,\"publisher\":{\"@id\":\"https:\/\/retradycja.eu\/pl\/#organization\"},\"image\":{\"@id\":\"https:\/\/retradycja.eu\/pl\/sobota-taniec\/#primaryimage\"},\"thumbnailUrl\":\"https:\/\/retradycja.eu\/wp-content\/uploads\/2024\/07\/potancowka_re-10.jpg\",\"inLanguage\":\"pl-PL\"},{\"@type\":\"WebPage\",\"@id\":\"https:\/\/retradycja.eu\/pl\/sobota-taniec\/\",\"url\":\"https:\/\/retradycja.eu\/pl\/sobota-taniec\/\",\"name\":\"Sobotnia pota\u0144c\u00f3wka na festiwalu!\",\"isPartOf\":{\"@id\":\"https:\/\/retradycja.eu\/pl\/#website\"},\"primaryImageOfPage\":{\"@id\":\"https:\/\/retradycja.eu\/pl\/sobota-taniec\/#primaryimage\"},\"image\":{\"@id\":\"https:\/\/retradycja.eu\/pl\/sobota-taniec\/#primaryimage\"},\"thumbnailUrl\":\"https:\/\/retradycja.eu\/wp-content\/uploads\/2024\/07\/potancowka_re-10.jpg\",\"datePublished\":\"2024-07-22T12:51:42+00:00\",\"dateModified\":\"2024-07-26T11:31:30+00:00\",\"breadcrumb\":{\"@id\":\"https:\/\/retradycja.eu\/pl\/sobota-taniec\/#breadcrumb\"},\"inLanguage\":\"pl-PL\",\"potentialAction\":[{\"@type\":\"ReadAction\",\"target\":[\"https:\/\/retradycja.eu\/pl\/sobota-taniec\/\"]}]},{\"@type\":\"ImageObject\",\"inLanguage\":\"pl-PL\",\"@id\":\"https:\/\/retradycja.eu\/pl\/sobota-taniec\/#primaryimage\",\"url\":\"https:\/\/retradycja.eu\/wp-content\/uploads\/2024\/07\/potancowka_re-10.jpg\",\"contentUrl\":\"https:\/\/retradycja.eu\/wp-content\/uploads\/2024\/07\/potancowka_re-10.jpg\",\"width\":1920,\"height\":1079,\"caption\":\"Kola\u017c ze zdj\u0119\u0107 trzech kapel. Napis: Pota\u0144c\u00f3wka.\"},{\"@type\":\"BreadcrumbList\",\"@id\":\"https:\/\/retradycja.eu\/pl\/sobota-taniec\/#breadcrumb\",\"itemListElement\":[{\"@type\":\"ListItem\",\"position\":1,\"name\":\"Strona g\u0142\u00f3wna\",\"item\":\"https:\/\/retradycja.eu\/pl\/\"},{\"@type\":\"ListItem\",\"position\":2,\"name\":\"Sobotnia pota\u0144c\u00f3wka na festiwalu!\"}]},{\"@type\":\"WebSite\",\"@id\":\"https:\/\/retradycja.eu\/pl\/#website\",\"url\":\"https:\/\/retradycja.eu\/pl\/\",\"name\":\"Festiwal Re:tradycja - Jarmark Jagiello\u0144ski\",\"description\":\" Lublin, Stare Miasto\",\"publisher\":{\"@id\":\"https:\/\/retradycja.eu\/pl\/#organization\"},\"potentialAction\":[{\"@type\":\"SearchAction\",\"target\":{\"@type\":\"EntryPoint\",\"urlTemplate\":\"https:\/\/retradycja.eu\/pl\/?s={search_term_string}\"},\"query-input\":\"required name=search_term_string\"}],\"inLanguage\":\"pl-PL\"},{\"@type\":\"Organization\",\"@id\":\"https:\/\/retradycja.eu\/pl\/#organization\",\"name\":\"Warsztaty Kultury w Lublinie\",\"url\":\"https:\/\/retradycja.eu\/pl\/\",\"logo\":{\"@type\":\"ImageObject\",\"inLanguage\":\"pl-PL\",\"@id\":\"https:\/\/retradycja.eu\/pl\/#\/schema\/logo\/image\/\",\"url\":\"https:\/\/retradycja.eu\/wp-content\/uploads\/2022\/06\/logo_retradycje-01.png\",\"contentUrl\":\"https:\/\/retradycja.eu\/wp-content\/uploads\/2022\/06\/logo_retradycje-01.png\",\"width\":332,\"height\":63,\"caption\":\"Warsztaty Kultury w Lublinie\"},\"image\":{\"@id\":\"https:\/\/retradycja.eu\/pl\/#\/schema\/logo\/image\/\"},\"sameAs\":[\"https:\/\/www.facebook.com\/retradycja\",\"https:\/\/www.instagram.com\/retradycja_jarmarkjagiellonski\/\",\"https:\/\/www.youtube.com\/user\/JarmarkJagiellonski\"]},{\"@type\":\"Person\",\"@id\":\"https:\/\/retradycja.eu\/pl\/#\/schema\/person\/fd205a687bde7f36f7900874fe9c96c0\",\"name\":\"Ma\u0142gorzata\",\"image\":{\"@type\":\"ImageObject\",\"inLanguage\":\"pl-PL\",\"@id\":\"https:\/\/retradycja.eu\/pl\/#\/schema\/person\/image\/\",\"url\":\"https:\/\/secure.gravatar.com\/avatar\/c2f84c05c7c04cc536472b6e15a984f4?s=96&d=mm&r=g\",\"contentUrl\":\"https:\/\/secure.gravatar.com\/avatar\/c2f84c05c7c04cc536472b6e15a984f4?s=96&d=mm&r=g\",\"caption\":\"Ma\u0142gorzata\"}}]}<\/script>\n<!-- \/ Yoast SEO plugin. -->","yoast_head_json":{"title":"Sobotnia pota\u0144c\u00f3wka na festiwalu!","robots":{"index":"index","follow":"follow","max-snippet":"max-snippet:-1","max-image-preview":"max-image-preview:large","max-video-preview":"max-video-preview:-1"},"canonical":"https:\/\/retradycja.eu\/pl\/sobota-taniec\/","og_locale":"pl_PL","og_type":"article","og_title":"Sobotnia pota\u0144c\u00f3wka na festiwalu!","og_url":"https:\/\/retradycja.eu\/pl\/sobota-taniec\/","og_site_name":"Festiwal Re:tradycja - Jarmark Jagiello\u0144ski","article_publisher":"https:\/\/www.facebook.com\/retradycja","article_published_time":"2024-07-22T12:51:42+00:00","article_modified_time":"2024-07-26T11:31:30+00:00","og_image":[{"width":1920,"height":1079,"url":"https:\/\/retradycja.eu\/wp-content\/uploads\/2024\/07\/potancowka_re-10.jpg","type":"image\/jpeg"}],"author":"Ma\u0142gorzata","twitter_card":"summary_large_image","twitter_misc":{"Napisane przez":"Ma\u0142gorzata","Szacowany czas czytania":"7 minut"},"schema":{"@context":"https:\/\/schema.org","@graph":[{"@type":"Article","@id":"https:\/\/retradycja.eu\/pl\/sobota-taniec\/#article","isPartOf":{"@id":"https:\/\/retradycja.eu\/pl\/sobota-taniec\/"},"author":{"name":"Ma\u0142gorzata","@id":"https:\/\/retradycja.eu\/pl\/#\/schema\/person\/fd205a687bde7f36f7900874fe9c96c0"},"headline":"Sobotnia pota\u0144c\u00f3wka na festiwalu!","datePublished":"2024-07-22T12:51:42+00:00","dateModified":"2024-07-26T11:31:30+00:00","mainEntityOfPage":{"@id":"https:\/\/retradycja.eu\/pl\/sobota-taniec\/"},"wordCount":1784,"publisher":{"@id":"https:\/\/retradycja.eu\/pl\/#organization"},"image":{"@id":"https:\/\/retradycja.eu\/pl\/sobota-taniec\/#primaryimage"},"thumbnailUrl":"https:\/\/retradycja.eu\/wp-content\/uploads\/2024\/07\/potancowka_re-10.jpg","inLanguage":"pl-PL"},{"@type":"WebPage","@id":"https:\/\/retradycja.eu\/pl\/sobota-taniec\/","url":"https:\/\/retradycja.eu\/pl\/sobota-taniec\/","name":"Sobotnia pota\u0144c\u00f3wka na festiwalu!","isPartOf":{"@id":"https:\/\/retradycja.eu\/pl\/#website"},"primaryImageOfPage":{"@id":"https:\/\/retradycja.eu\/pl\/sobota-taniec\/#primaryimage"},"image":{"@id":"https:\/\/retradycja.eu\/pl\/sobota-taniec\/#primaryimage"},"thumbnailUrl":"https:\/\/retradycja.eu\/wp-content\/uploads\/2024\/07\/potancowka_re-10.jpg","datePublished":"2024-07-22T12:51:42+00:00","dateModified":"2024-07-26T11:31:30+00:00","breadcrumb":{"@id":"https:\/\/retradycja.eu\/pl\/sobota-taniec\/#breadcrumb"},"inLanguage":"pl-PL","potentialAction":[{"@type":"ReadAction","target":["https:\/\/retradycja.eu\/pl\/sobota-taniec\/"]}]},{"@type":"ImageObject","inLanguage":"pl-PL","@id":"https:\/\/retradycja.eu\/pl\/sobota-taniec\/#primaryimage","url":"https:\/\/retradycja.eu\/wp-content\/uploads\/2024\/07\/potancowka_re-10.jpg","contentUrl":"https:\/\/retradycja.eu\/wp-content\/uploads\/2024\/07\/potancowka_re-10.jpg","width":1920,"height":1079,"caption":"Kola\u017c ze zdj\u0119\u0107 trzech kapel. Napis: Pota\u0144c\u00f3wka."},{"@type":"BreadcrumbList","@id":"https:\/\/retradycja.eu\/pl\/sobota-taniec\/#breadcrumb","itemListElement":[{"@type":"ListItem","position":1,"name":"Strona g\u0142\u00f3wna","item":"https:\/\/retradycja.eu\/pl\/"},{"@type":"ListItem","position":2,"name":"Sobotnia pota\u0144c\u00f3wka na festiwalu!"}]},{"@type":"WebSite","@id":"https:\/\/retradycja.eu\/pl\/#website","url":"https:\/\/retradycja.eu\/pl\/","name":"Festiwal Re:tradycja - Jarmark Jagiello\u0144ski","description":" Lublin, Stare Miasto","publisher":{"@id":"https:\/\/retradycja.eu\/pl\/#organization"},"potentialAction":[{"@type":"SearchAction","target":{"@type":"EntryPoint","urlTemplate":"https:\/\/retradycja.eu\/pl\/?s={search_term_string}"},"query-input":"required name=search_term_string"}],"inLanguage":"pl-PL"},{"@type":"Organization","@id":"https:\/\/retradycja.eu\/pl\/#organization","name":"Warsztaty Kultury w Lublinie","url":"https:\/\/retradycja.eu\/pl\/","logo":{"@type":"ImageObject","inLanguage":"pl-PL","@id":"https:\/\/retradycja.eu\/pl\/#\/schema\/logo\/image\/","url":"https:\/\/retradycja.eu\/wp-content\/uploads\/2022\/06\/logo_retradycje-01.png","contentUrl":"https:\/\/retradycja.eu\/wp-content\/uploads\/2022\/06\/logo_retradycje-01.png","width":332,"height":63,"caption":"Warsztaty Kultury w Lublinie"},"image":{"@id":"https:\/\/retradycja.eu\/pl\/#\/schema\/logo\/image\/"},"sameAs":["https:\/\/www.facebook.com\/retradycja","https:\/\/www.instagram.com\/retradycja_jarmarkjagiellonski\/","https:\/\/www.youtube.com\/user\/JarmarkJagiellonski"]},{"@type":"Person","@id":"https:\/\/retradycja.eu\/pl\/#\/schema\/person\/fd205a687bde7f36f7900874fe9c96c0","name":"Ma\u0142gorzata","image":{"@type":"ImageObject","inLanguage":"pl-PL","@id":"https:\/\/retradycja.eu\/pl\/#\/schema\/person\/image\/","url":"https:\/\/secure.gravatar.com\/avatar\/c2f84c05c7c04cc536472b6e15a984f4?s=96&d=mm&r=g","contentUrl":"https:\/\/secure.gravatar.com\/avatar\/c2f84c05c7c04cc536472b6e15a984f4?s=96&d=mm&r=g","caption":"Ma\u0142gorzata"}}]}},"_links":{"self":[{"href":"https:\/\/retradycja.eu\/pl\/wp-json\/wp\/v2\/posts\/55048"}],"collection":[{"href":"https:\/\/retradycja.eu\/pl\/wp-json\/wp\/v2\/posts"}],"about":[{"href":"https:\/\/retradycja.eu\/pl\/wp-json\/wp\/v2\/types\/post"}],"author":[{"embeddable":true,"href":"https:\/\/retradycja.eu\/pl\/wp-json\/wp\/v2\/users\/5"}],"replies":[{"embeddable":true,"href":"https:\/\/retradycja.eu\/pl\/wp-json\/wp\/v2\/comments?post=55048"}],"version-history":[{"count":8,"href":"https:\/\/retradycja.eu\/pl\/wp-json\/wp\/v2\/posts\/55048\/revisions"}],"predecessor-version":[{"id":55124,"href":"https:\/\/retradycja.eu\/pl\/wp-json\/wp\/v2\/posts\/55048\/revisions\/55124"}],"wp:featuredmedia":[{"embeddable":true,"href":"https:\/\/retradycja.eu\/pl\/wp-json\/wp\/v2\/media\/55049"}],"wp:attachment":[{"href":"https:\/\/retradycja.eu\/pl\/wp-json\/wp\/v2\/media?parent=55048"}],"wp:term":[{"taxonomy":"category","embeddable":true,"href":"https:\/\/retradycja.eu\/pl\/wp-json\/wp\/v2\/categories?post=55048"},{"taxonomy":"post_tag","embeddable":true,"href":"https:\/\/retradycja.eu\/pl\/wp-json\/wp\/v2\/tags?post=55048"}],"curies":[{"name":"wp","href":"https:\/\/api.w.org\/{rel}","templated":true}]}}