{"id":54428,"date":"2024-06-10T14:40:53","date_gmt":"2024-06-10T12:40:53","guid":{"rendered":"https:\/\/retradycja.eu\/?p=54428"},"modified":"2024-06-10T14:44:13","modified_gmt":"2024-06-10T12:44:13","slug":"festiwale-retradycja-jarmark-jagiellonski","status":"publish","type":"post","link":"https:\/\/retradycja.eu\/pl\/festiwale-retradycja-jarmark-jagiellonski\/","title":{"rendered":"Festiwale Re:tradycja \u2013 Jarmark Jagiello\u0144ski"},"content":{"rendered":"<div class=\"fusion-fullwidth fullwidth-box fusion-builder-row-1 fusion-flex-container nonhundred-percent-fullwidth non-hundred-percent-height-scrolling\" style=\"--awb-border-radius-top-left:0px;--awb-border-radius-top-right:0px;--awb-border-radius-bottom-right:0px;--awb-border-radius-bottom-left:0px;--awb-flex-wrap:wrap;\" ><div class=\"fusion-builder-row fusion-row fusion-flex-align-items-flex-start fusion-flex-content-wrap\" style=\"max-width:calc( 1920px + 0px );margin-left: calc(-0px \/ 2 );margin-right: calc(-0px \/ 2 );\"><div class=\"fusion-layout-column fusion_builder_column fusion-builder-column-0 fusion_builder_column_1_1 1_1 fusion-flex-column\" style=\"--awb-bg-size:cover;--awb-width-large:100%;--awb-margin-top-large:0px;--awb-spacing-right-large:0px;--awb-margin-bottom-large:0px;--awb-spacing-left-large:0px;--awb-width-medium:100%;--awb-spacing-right-medium:0px;--awb-spacing-left-medium:0px;--awb-width-small:100%;--awb-spacing-right-small:0px;--awb-spacing-left-small:0px;\"><div class=\"fusion-column-wrapper fusion-flex-justify-content-flex-start fusion-content-layout-column\"><div style=\"text-align:center;\"><a class=\"fusion-button button-flat fusion-button-default-size button-default fusion-button-default button-1 fusion-button-span-no fusion-button-default-type\" style=\"--button_margin-bottom:2%;\" target=\"_blank\" rel=\"noopener noreferrer\" href=\"https:\/\/forms.gle\/4FHumV9e8a48sCh47\"><span class=\"fusion-button-text\">zapisy<\/span><\/a><\/div><div class=\"fusion-text fusion-text-1\"><p><strong>Osobom zaanga\u017cowanym w wolontariat oferujemy kompleksowe przygotowanie, nasze wsparcie, a przede wszystkim bycie cz\u0119\u015bci\u0105 wspania\u0142ych wydarze\u0144: koncert\u00f3w, spotka\u0144, warsztat\u00f3w czy wystaw.<\/strong><\/p>\n<h2>OPIS<\/h2>\n<p><strong>Re:tradycja \u2013 Jarmark Jagiello\u0144ski (23\u201325 sierpnia 2024)<\/strong>&nbsp;to festiwal muzyki i rzemios\u0142a tradycyjnego odbywaj\u0105cy si\u0119 w przestrzeni Starego Miasta w Lublinie. Wprowadza on publiczno\u015b\u0107 w dialog dziedzictwa ze wsp\u00f3\u0142czesno\u015bci\u0105. Re:tradycja \u0142\u0105czy czasy, pokolenia i dawne tradycje z tym co nowe. Odwiedzaj\u0105cy Festiwal maj\u0105 mo\u017cliwo\u015b\u0107 spotkania z muzykami, rzemie\u015blnikami i animatorami, kt\u00f3rzy z pe\u0142n\u0105 \u015bwiadomo\u015bci\u0105, odpowiedzialno\u015bci\u0105 oraz wra\u017cliwo\u015bci\u0105 podchodz\u0105 do tw\u00f3rczego kontynuowania tradycji. Je\u015bli ten temat le\u017cy Ci na sercu podobnie jak nam, interesujesz si\u0119 tradycj\u0105 lub kultur\u0105 ludow\u0105, to znaczy, \u017ce zg\u0142aszaj\u0105c si\u0119 do wolontariatu, trafiasz w dziesi\u0105tk\u0119!<\/p>\n<p>Osobom zaanga\u017cowanym w wolontariat oferujemy kompleksowe przygotowanie, nasze wsparcie, a przede wszystkim bycie cz\u0119\u015bci\u0105 wspania\u0142ych wydarze\u0144: koncert\u00f3w, spotka\u0144, warsztat\u00f3w czy wystaw.<\/p>\n<h2><strong>Jakie zadania mo\u017cesz otrzyma\u0107?<\/strong><\/h2>\n<p><strong>\u2013&nbsp;<\/strong>Pomoc w punktach informacyjnych (je\u015bli lubisz ludzi i ch\u0119tnie z nimi rozmawiasz);<br \/>\n<strong>\u2013&nbsp;<\/strong>Pomoc w obs\u0142udze scen, spektakli i garder\u00f3b (je\u015bli wyr\u00f3\u017cnia Ci\u0119 dobra organizacja, dok\u0142adno\u015b\u0107, cierpliwo\u015b\u0107, punktualno\u015b\u0107, uwa\u017cno\u015b\u0107 i stanowczo\u015b\u0107);<br \/>\n<strong>\u2013&nbsp;<\/strong>Wsparcie techniczne (mile widziane wcze\u015bniejsze do\u015bwiadczenie w obs\u0142udze sprz\u0119t\u00f3w takich jak nag\u0142o\u015bnienie, mikrofony, o\u015bwietlenie sceniczne);<br \/>\n\u2013 Pomoc animatorom i animatorkom w czasie zaj\u0119\u0107 dla dzieci (je\u015bli masz w sobie \u0142agodno\u015b\u0107 i lubisz prac\u0119 z m\u0142odymi odbiorcami sztuki);<br \/>\n\u2013 Opieka nad artystami i artystkami (je\u015bli znasz j\u0119zyk angielski&nbsp; i francuski w stopniu komunikatywnym, wyr\u00f3\u017cniasz si\u0119 zorganizowaniem i lubisz poznawa\u0107 ludzi).<\/p>\n<h2><strong>Dlaczego warto?<\/strong><\/h2>\n<p>\u2013 Po\u0107wiczysz \u201eobs\u0142ug\u0119 klienta\u201d w kontakcie z odbiorc\u0105 festiwalu;<br \/>\n\u2013 Rozwiniesz kompetencje mi\u0119kkie;<br \/>\n\u2013 Wzbogacisz swoje CV;<br \/>\n\u2013 Sprawdzisz si\u0119, rozmawiaj\u0105c w j\u0119zyku obcym;<br \/>\n\u2013 Poznasz naszych artyst\u00f3w i artystki, opiekuj\u0105c si\u0119 nimi podczas wydarzenia;<br \/>\n\u2013 Zobaczysz, jak wygl\u0105da techniczna strona organizacji festiwali;<br \/>\n\u2013 Nauczysz si\u0119 skutecznej pracy w zespole;<br \/>\n\u2013 Podpiszesz porozumienie o wolontariacie i dostaniesz za\u015bwiadczenie;<br \/>\n\u2013 Poznasz nowych ludzi;<br \/>\n\u2013 Prze\u017cyjesz niezapomniane chwile;<br \/>\n\u2013 Zobaczysz kulisy wydarze\u0144 kulturalnych i mo\u017ce w przysz\u0142o\u015bci, dzi\u0119ki tym do\u015bwiadczeniom, \u0142atwiej zorganizujesz co\u015b swojego;<br \/>\n\u2013 Skorzystasz z mo\u017cliwo\u015bci eksploracji w\u0142asnych zainteresowa\u0144 i pasji;<br \/>\n\u2013 Poczujesz satysfakcj\u0119 z tworzenia kultury w swoim mie\u015bcie.<br \/>\n\u2013 Udzia\u0142 w wolontariacie mo\u017ce zosta\u0107 zaliczony na poczet praktyk studenckich \u2013 daj nam o tym zna\u0107 <a href=\"https:\/\/forms.gle\/4FHumV9e8a48sCh47\" target=\"_blank\" rel=\"noopener\">w formularzu zg\u0142oszeniowym<\/a><\/p>\n<p><strong>Osoby zainteresowane wolontariatem proszone s\u0105 o wype\u0142nienie <a href=\"https:\/\/forms.gle\/4FHumV9e8a48sCh47\" target=\"_blank\" rel=\"noopener\">ankiet rekrutacyjnych.&nbsp;<\/a><\/strong><\/p>\n<h2><strong>Informacje praktyczne<\/strong><strong><br \/>\n<\/strong><\/h2>\n<p><strong>Kiedy:<br \/>\ndo 14 lipca<\/strong>&nbsp;\u2013 rekrutacja.<br \/>\n<strong>lipiec\/sierpie\u0144<\/strong>&nbsp;\u2013 spotkania i szkolenia (kilka termin\u00f3w, czas trwania spotka\u0144: 2 lub 3 godz., szczeg\u00f3\u0142owy terminarz spotka\u0144 prze\u015blemy w dniu og\u0142oszenia wynik\u00f3w rekrutacji).<br \/>\n<strong>23\u201325 sierpnia<\/strong>&nbsp;\u2013 najwi\u0119ksze zaanga\u017cowanie w trakcie trwania Festiwalu (szczeg\u00f3\u0142owy grafik do ustalenia).<br \/>\n<strong>Dla kogo:&nbsp;<\/strong>dla os\u00f3b w wieku 13+.<br \/>\n<strong>Zapisy:&nbsp;<\/strong><a role=\"link\" href=\"https:\/\/forms.gle\/4FHumV9e8a48sCh47\" target=\"_blank\" rel=\"noopener\">przez formularz online&nbsp;<\/a><\/p>\n<\/div><\/div><\/div><\/div><\/div>\n","protected":false},"excerpt":{"rendered":"","protected":false},"author":5,"featured_media":54429,"comment_status":"closed","ping_status":"open","sticky":false,"template":"","format":"standard","meta":{"_acf_changed":false,"ngg_post_thumbnail":0,"footnotes":""},"categories":[1],"tags":[],"acf":[],"yoast_head":"<!-- This site is optimized with the Yoast SEO plugin v22.2 - https:\/\/yoast.com\/wordpress\/plugins\/seo\/ -->\n<title>Festiwale Re:tradycja \u2013 Jarmark Jagiello\u0144ski - Festiwal Re:tradycja - Jarmark Jagiello\u0144ski<\/title>\n<meta name=\"description\" content=\"Szukamy wolontariuszy i wolontariuszek!\" \/>\n<meta name=\"robots\" content=\"index, follow, max-snippet:-1, max-image-preview:large, max-video-preview:-1\" \/>\n<link rel=\"canonical\" href=\"https:\/\/retradycja.eu\/pl\/festiwale-retradycja-jarmark-jagiellonski\/\" \/>\n<meta property=\"og:locale\" content=\"pl_PL\" \/>\n<meta property=\"og:type\" content=\"article\" \/>\n<meta property=\"og:title\" content=\"Festiwale Re:tradycja \u2013 Jarmark Jagiello\u0144ski - Festiwal Re:tradycja - Jarmark Jagiello\u0144ski\" \/>\n<meta property=\"og:description\" content=\"Szukamy wolontariuszy i wolontariuszek!\" \/>\n<meta property=\"og:url\" content=\"https:\/\/retradycja.eu\/pl\/festiwale-retradycja-jarmark-jagiellonski\/\" \/>\n<meta property=\"og:site_name\" content=\"Festiwal Re:tradycja - Jarmark Jagiello\u0144ski\" \/>\n<meta property=\"article:publisher\" content=\"https:\/\/www.facebook.com\/retradycja\" \/>\n<meta property=\"article:published_time\" content=\"2024-06-10T12:40:53+00:00\" \/>\n<meta property=\"article:modified_time\" content=\"2024-06-10T12:44:13+00:00\" \/>\n<meta property=\"og:image\" content=\"https:\/\/retradycja.eu\/wp-content\/uploads\/2024\/06\/wolo_nabor_prawie_hd_re.jpg\" \/>\n\t<meta property=\"og:image:width\" content=\"1920\" \/>\n\t<meta property=\"og:image:height\" content=\"1005\" \/>\n\t<meta property=\"og:image:type\" content=\"image\/jpeg\" \/>\n<meta name=\"author\" content=\"Ma\u0142gorzata\" \/>\n<meta name=\"twitter:card\" content=\"summary_large_image\" \/>\n<meta name=\"twitter:label1\" content=\"Napisane przez\" \/>\n\t<meta name=\"twitter:data1\" content=\"Ma\u0142gorzata\" \/>\n\t<meta name=\"twitter:label2\" content=\"Szacowany czas czytania\" \/>\n\t<meta name=\"twitter:data2\" content=\"3 minuty\" \/>\n<script type=\"application\/ld+json\" class=\"yoast-schema-graph\">{\"@context\":\"https:\/\/schema.org\",\"@graph\":[{\"@type\":\"Article\",\"@id\":\"https:\/\/retradycja.eu\/pl\/festiwale-retradycja-jarmark-jagiellonski\/#article\",\"isPartOf\":{\"@id\":\"https:\/\/retradycja.eu\/pl\/festiwale-retradycja-jarmark-jagiellonski\/\"},\"author\":{\"name\":\"Ma\u0142gorzata\",\"@id\":\"https:\/\/retradycja.eu\/pl\/#\/schema\/person\/fd205a687bde7f36f7900874fe9c96c0\"},\"headline\":\"Festiwale Re:tradycja \u2013 Jarmark Jagiello\u0144ski\",\"datePublished\":\"2024-06-10T12:40:53+00:00\",\"dateModified\":\"2024-06-10T12:44:13+00:00\",\"mainEntityOfPage\":{\"@id\":\"https:\/\/retradycja.eu\/pl\/festiwale-retradycja-jarmark-jagiellonski\/\"},\"wordCount\":869,\"publisher\":{\"@id\":\"https:\/\/retradycja.eu\/pl\/#organization\"},\"image\":{\"@id\":\"https:\/\/retradycja.eu\/pl\/festiwale-retradycja-jarmark-jagiellonski\/#primaryimage\"},\"thumbnailUrl\":\"https:\/\/retradycja.eu\/wp-content\/uploads\/2024\/06\/wolo_nabor_prawie_hd_re.jpg\",\"inLanguage\":\"pl-PL\"},{\"@type\":\"WebPage\",\"@id\":\"https:\/\/retradycja.eu\/pl\/festiwale-retradycja-jarmark-jagiellonski\/\",\"url\":\"https:\/\/retradycja.eu\/pl\/festiwale-retradycja-jarmark-jagiellonski\/\",\"name\":\"Festiwale Re:tradycja \u2013 Jarmark Jagiello\u0144ski - Festiwal Re:tradycja - Jarmark Jagiello\u0144ski\",\"isPartOf\":{\"@id\":\"https:\/\/retradycja.eu\/pl\/#website\"},\"primaryImageOfPage\":{\"@id\":\"https:\/\/retradycja.eu\/pl\/festiwale-retradycja-jarmark-jagiellonski\/#primaryimage\"},\"image\":{\"@id\":\"https:\/\/retradycja.eu\/pl\/festiwale-retradycja-jarmark-jagiellonski\/#primaryimage\"},\"thumbnailUrl\":\"https:\/\/retradycja.eu\/wp-content\/uploads\/2024\/06\/wolo_nabor_prawie_hd_re.jpg\",\"datePublished\":\"2024-06-10T12:40:53+00:00\",\"dateModified\":\"2024-06-10T12:44:13+00:00\",\"description\":\"Szukamy wolontariuszy i wolontariuszek!\",\"breadcrumb\":{\"@id\":\"https:\/\/retradycja.eu\/pl\/festiwale-retradycja-jarmark-jagiellonski\/#breadcrumb\"},\"inLanguage\":\"pl-PL\",\"potentialAction\":[{\"@type\":\"ReadAction\",\"target\":[\"https:\/\/retradycja.eu\/pl\/festiwale-retradycja-jarmark-jagiellonski\/\"]}]},{\"@type\":\"ImageObject\",\"inLanguage\":\"pl-PL\",\"@id\":\"https:\/\/retradycja.eu\/pl\/festiwale-retradycja-jarmark-jagiellonski\/#primaryimage\",\"url\":\"https:\/\/retradycja.eu\/wp-content\/uploads\/2024\/06\/wolo_nabor_prawie_hd_re.jpg\",\"contentUrl\":\"https:\/\/retradycja.eu\/wp-content\/uploads\/2024\/06\/wolo_nabor_prawie_hd_re.jpg\",\"width\":1920,\"height\":1005,\"caption\":\"Wolontariusze trzymaj\u0105 w r\u0119kach program festiwalu. Napis: zosta\u0144 wolontariuszk\u0105\/wolontariuszem. Logo Re:tradycji.\"},{\"@type\":\"BreadcrumbList\",\"@id\":\"https:\/\/retradycja.eu\/pl\/festiwale-retradycja-jarmark-jagiellonski\/#breadcrumb\",\"itemListElement\":[{\"@type\":\"ListItem\",\"position\":1,\"name\":\"Strona g\u0142\u00f3wna\",\"item\":\"https:\/\/retradycja.eu\/pl\/\"},{\"@type\":\"ListItem\",\"position\":2,\"name\":\"Festiwale Re:tradycja \u2013 Jarmark Jagiello\u0144ski\"}]},{\"@type\":\"WebSite\",\"@id\":\"https:\/\/retradycja.eu\/pl\/#website\",\"url\":\"https:\/\/retradycja.eu\/pl\/\",\"name\":\"Festiwal Re:tradycja - Jarmark Jagiello\u0144ski\",\"description\":\" Lublin, Stare Miasto\",\"publisher\":{\"@id\":\"https:\/\/retradycja.eu\/pl\/#organization\"},\"potentialAction\":[{\"@type\":\"SearchAction\",\"target\":{\"@type\":\"EntryPoint\",\"urlTemplate\":\"https:\/\/retradycja.eu\/pl\/?s={search_term_string}\"},\"query-input\":\"required name=search_term_string\"}],\"inLanguage\":\"pl-PL\"},{\"@type\":\"Organization\",\"@id\":\"https:\/\/retradycja.eu\/pl\/#organization\",\"name\":\"Warsztaty Kultury w Lublinie\",\"url\":\"https:\/\/retradycja.eu\/pl\/\",\"logo\":{\"@type\":\"ImageObject\",\"inLanguage\":\"pl-PL\",\"@id\":\"https:\/\/retradycja.eu\/pl\/#\/schema\/logo\/image\/\",\"url\":\"https:\/\/retradycja.eu\/wp-content\/uploads\/2022\/06\/logo_retradycje-01.png\",\"contentUrl\":\"https:\/\/retradycja.eu\/wp-content\/uploads\/2022\/06\/logo_retradycje-01.png\",\"width\":332,\"height\":63,\"caption\":\"Warsztaty Kultury w Lublinie\"},\"image\":{\"@id\":\"https:\/\/retradycja.eu\/pl\/#\/schema\/logo\/image\/\"},\"sameAs\":[\"https:\/\/www.facebook.com\/retradycja\",\"https:\/\/www.instagram.com\/retradycja_jarmarkjagiellonski\/\",\"https:\/\/www.youtube.com\/user\/JarmarkJagiellonski\"]},{\"@type\":\"Person\",\"@id\":\"https:\/\/retradycja.eu\/pl\/#\/schema\/person\/fd205a687bde7f36f7900874fe9c96c0\",\"name\":\"Ma\u0142gorzata\",\"image\":{\"@type\":\"ImageObject\",\"inLanguage\":\"pl-PL\",\"@id\":\"https:\/\/retradycja.eu\/pl\/#\/schema\/person\/image\/\",\"url\":\"https:\/\/secure.gravatar.com\/avatar\/c2f84c05c7c04cc536472b6e15a984f4?s=96&d=mm&r=g\",\"contentUrl\":\"https:\/\/secure.gravatar.com\/avatar\/c2f84c05c7c04cc536472b6e15a984f4?s=96&d=mm&r=g\",\"caption\":\"Ma\u0142gorzata\"}}]}<\/script>\n<!-- \/ Yoast SEO plugin. -->","yoast_head_json":{"title":"Festiwale Re:tradycja \u2013 Jarmark Jagiello\u0144ski - Festiwal Re:tradycja - Jarmark Jagiello\u0144ski","description":"Szukamy wolontariuszy i wolontariuszek!","robots":{"index":"index","follow":"follow","max-snippet":"max-snippet:-1","max-image-preview":"max-image-preview:large","max-video-preview":"max-video-preview:-1"},"canonical":"https:\/\/retradycja.eu\/pl\/festiwale-retradycja-jarmark-jagiellonski\/","og_locale":"pl_PL","og_type":"article","og_title":"Festiwale Re:tradycja \u2013 Jarmark Jagiello\u0144ski - Festiwal Re:tradycja - Jarmark Jagiello\u0144ski","og_description":"Szukamy wolontariuszy i wolontariuszek!","og_url":"https:\/\/retradycja.eu\/pl\/festiwale-retradycja-jarmark-jagiellonski\/","og_site_name":"Festiwal Re:tradycja - Jarmark Jagiello\u0144ski","article_publisher":"https:\/\/www.facebook.com\/retradycja","article_published_time":"2024-06-10T12:40:53+00:00","article_modified_time":"2024-06-10T12:44:13+00:00","og_image":[{"width":1920,"height":1005,"url":"https:\/\/retradycja.eu\/wp-content\/uploads\/2024\/06\/wolo_nabor_prawie_hd_re.jpg","type":"image\/jpeg"}],"author":"Ma\u0142gorzata","twitter_card":"summary_large_image","twitter_misc":{"Napisane przez":"Ma\u0142gorzata","Szacowany czas czytania":"3 minuty"},"schema":{"@context":"https:\/\/schema.org","@graph":[{"@type":"Article","@id":"https:\/\/retradycja.eu\/pl\/festiwale-retradycja-jarmark-jagiellonski\/#article","isPartOf":{"@id":"https:\/\/retradycja.eu\/pl\/festiwale-retradycja-jarmark-jagiellonski\/"},"author":{"name":"Ma\u0142gorzata","@id":"https:\/\/retradycja.eu\/pl\/#\/schema\/person\/fd205a687bde7f36f7900874fe9c96c0"},"headline":"Festiwale Re:tradycja \u2013 Jarmark Jagiello\u0144ski","datePublished":"2024-06-10T12:40:53+00:00","dateModified":"2024-06-10T12:44:13+00:00","mainEntityOfPage":{"@id":"https:\/\/retradycja.eu\/pl\/festiwale-retradycja-jarmark-jagiellonski\/"},"wordCount":869,"publisher":{"@id":"https:\/\/retradycja.eu\/pl\/#organization"},"image":{"@id":"https:\/\/retradycja.eu\/pl\/festiwale-retradycja-jarmark-jagiellonski\/#primaryimage"},"thumbnailUrl":"https:\/\/retradycja.eu\/wp-content\/uploads\/2024\/06\/wolo_nabor_prawie_hd_re.jpg","inLanguage":"pl-PL"},{"@type":"WebPage","@id":"https:\/\/retradycja.eu\/pl\/festiwale-retradycja-jarmark-jagiellonski\/","url":"https:\/\/retradycja.eu\/pl\/festiwale-retradycja-jarmark-jagiellonski\/","name":"Festiwale Re:tradycja \u2013 Jarmark Jagiello\u0144ski - Festiwal Re:tradycja - Jarmark Jagiello\u0144ski","isPartOf":{"@id":"https:\/\/retradycja.eu\/pl\/#website"},"primaryImageOfPage":{"@id":"https:\/\/retradycja.eu\/pl\/festiwale-retradycja-jarmark-jagiellonski\/#primaryimage"},"image":{"@id":"https:\/\/retradycja.eu\/pl\/festiwale-retradycja-jarmark-jagiellonski\/#primaryimage"},"thumbnailUrl":"https:\/\/retradycja.eu\/wp-content\/uploads\/2024\/06\/wolo_nabor_prawie_hd_re.jpg","datePublished":"2024-06-10T12:40:53+00:00","dateModified":"2024-06-10T12:44:13+00:00","description":"Szukamy wolontariuszy i wolontariuszek!","breadcrumb":{"@id":"https:\/\/retradycja.eu\/pl\/festiwale-retradycja-jarmark-jagiellonski\/#breadcrumb"},"inLanguage":"pl-PL","potentialAction":[{"@type":"ReadAction","target":["https:\/\/retradycja.eu\/pl\/festiwale-retradycja-jarmark-jagiellonski\/"]}]},{"@type":"ImageObject","inLanguage":"pl-PL","@id":"https:\/\/retradycja.eu\/pl\/festiwale-retradycja-jarmark-jagiellonski\/#primaryimage","url":"https:\/\/retradycja.eu\/wp-content\/uploads\/2024\/06\/wolo_nabor_prawie_hd_re.jpg","contentUrl":"https:\/\/retradycja.eu\/wp-content\/uploads\/2024\/06\/wolo_nabor_prawie_hd_re.jpg","width":1920,"height":1005,"caption":"Wolontariusze trzymaj\u0105 w r\u0119kach program festiwalu. Napis: zosta\u0144 wolontariuszk\u0105\/wolontariuszem. Logo Re:tradycji."},{"@type":"BreadcrumbList","@id":"https:\/\/retradycja.eu\/pl\/festiwale-retradycja-jarmark-jagiellonski\/#breadcrumb","itemListElement":[{"@type":"ListItem","position":1,"name":"Strona g\u0142\u00f3wna","item":"https:\/\/retradycja.eu\/pl\/"},{"@type":"ListItem","position":2,"name":"Festiwale Re:tradycja \u2013 Jarmark Jagiello\u0144ski"}]},{"@type":"WebSite","@id":"https:\/\/retradycja.eu\/pl\/#website","url":"https:\/\/retradycja.eu\/pl\/","name":"Festiwal Re:tradycja - Jarmark Jagiello\u0144ski","description":" Lublin, Stare Miasto","publisher":{"@id":"https:\/\/retradycja.eu\/pl\/#organization"},"potentialAction":[{"@type":"SearchAction","target":{"@type":"EntryPoint","urlTemplate":"https:\/\/retradycja.eu\/pl\/?s={search_term_string}"},"query-input":"required name=search_term_string"}],"inLanguage":"pl-PL"},{"@type":"Organization","@id":"https:\/\/retradycja.eu\/pl\/#organization","name":"Warsztaty Kultury w Lublinie","url":"https:\/\/retradycja.eu\/pl\/","logo":{"@type":"ImageObject","inLanguage":"pl-PL","@id":"https:\/\/retradycja.eu\/pl\/#\/schema\/logo\/image\/","url":"https:\/\/retradycja.eu\/wp-content\/uploads\/2022\/06\/logo_retradycje-01.png","contentUrl":"https:\/\/retradycja.eu\/wp-content\/uploads\/2022\/06\/logo_retradycje-01.png","width":332,"height":63,"caption":"Warsztaty Kultury w Lublinie"},"image":{"@id":"https:\/\/retradycja.eu\/pl\/#\/schema\/logo\/image\/"},"sameAs":["https:\/\/www.facebook.com\/retradycja","https:\/\/www.instagram.com\/retradycja_jarmarkjagiellonski\/","https:\/\/www.youtube.com\/user\/JarmarkJagiellonski"]},{"@type":"Person","@id":"https:\/\/retradycja.eu\/pl\/#\/schema\/person\/fd205a687bde7f36f7900874fe9c96c0","name":"Ma\u0142gorzata","image":{"@type":"ImageObject","inLanguage":"pl-PL","@id":"https:\/\/retradycja.eu\/pl\/#\/schema\/person\/image\/","url":"https:\/\/secure.gravatar.com\/avatar\/c2f84c05c7c04cc536472b6e15a984f4?s=96&d=mm&r=g","contentUrl":"https:\/\/secure.gravatar.com\/avatar\/c2f84c05c7c04cc536472b6e15a984f4?s=96&d=mm&r=g","caption":"Ma\u0142gorzata"}}]}},"_links":{"self":[{"href":"https:\/\/retradycja.eu\/pl\/wp-json\/wp\/v2\/posts\/54428"}],"collection":[{"href":"https:\/\/retradycja.eu\/pl\/wp-json\/wp\/v2\/posts"}],"about":[{"href":"https:\/\/retradycja.eu\/pl\/wp-json\/wp\/v2\/types\/post"}],"author":[{"embeddable":true,"href":"https:\/\/retradycja.eu\/pl\/wp-json\/wp\/v2\/users\/5"}],"replies":[{"embeddable":true,"href":"https:\/\/retradycja.eu\/pl\/wp-json\/wp\/v2\/comments?post=54428"}],"version-history":[{"count":3,"href":"https:\/\/retradycja.eu\/pl\/wp-json\/wp\/v2\/posts\/54428\/revisions"}],"predecessor-version":[{"id":54434,"href":"https:\/\/retradycja.eu\/pl\/wp-json\/wp\/v2\/posts\/54428\/revisions\/54434"}],"wp:featuredmedia":[{"embeddable":true,"href":"https:\/\/retradycja.eu\/pl\/wp-json\/wp\/v2\/media\/54429"}],"wp:attachment":[{"href":"https:\/\/retradycja.eu\/pl\/wp-json\/wp\/v2\/media?parent=54428"}],"wp:term":[{"taxonomy":"category","embeddable":true,"href":"https:\/\/retradycja.eu\/pl\/wp-json\/wp\/v2\/categories?post=54428"},{"taxonomy":"post_tag","embeddable":true,"href":"https:\/\/retradycja.eu\/pl\/wp-json\/wp\/v2\/tags?post=54428"}],"curies":[{"name":"wp","href":"https:\/\/api.w.org\/{rel}","templated":true}]}}