{"id":51406,"date":"2023-08-16T16:07:57","date_gmt":"2023-08-16T14:07:57","guid":{"rendered":"https:\/\/retradycja.eu\/?p=51406"},"modified":"2024-01-09T19:55:46","modified_gmt":"2024-01-09T18:55:46","slug":"festiwal-retradycja-jarmark-jagiellonski-juz-w-ten-weekend","status":"publish","type":"post","link":"https:\/\/retradycja.eu\/pl\/festiwal-retradycja-jarmark-jagiellonski-juz-w-ten-weekend\/","title":{"rendered":"Festiwal Re:tradycja \u2013 Jarmark Jagiello\u0144ski ju\u017c w ten weekend!"},"content":{"rendered":"<div class=\"fusion-fullwidth fullwidth-box fusion-builder-row-1 fusion-flex-container nonhundred-percent-fullwidth non-hundred-percent-height-scrolling\" style=\"--awb-border-radius-top-left:0px;--awb-border-radius-top-right:0px;--awb-border-radius-bottom-right:0px;--awb-border-radius-bottom-left:0px;--awb-flex-wrap:wrap;\" ><div class=\"fusion-builder-row fusion-row fusion-flex-align-items-flex-start fusion-flex-content-wrap\" style=\"max-width:calc( 1920px + 0px );margin-left: calc(-0px \/ 2 );margin-right: calc(-0px \/ 2 );\"><div class=\"fusion-layout-column fusion_builder_column fusion-builder-column-0 fusion_builder_column_1_1 1_1 fusion-flex-column\" style=\"--awb-bg-blend:overlay;--awb-bg-size:cover;--awb-width-large:100%;--awb-margin-top-large:0px;--awb-spacing-right-large:0px;--awb-margin-bottom-large:0px;--awb-spacing-left-large:0px;--awb-width-medium:100%;--awb-spacing-right-medium:0px;--awb-spacing-left-medium:0px;--awb-width-small:100%;--awb-spacing-right-small:0px;--awb-spacing-left-small:0px;\"><div class=\"fusion-column-wrapper fusion-flex-justify-content-flex-start fusion-content-layout-column\"><div class=\"fusion-text fusion-text-1\"><p><strong>Festiwal Re:tradycja \u2013 Jarmark Jagiello\u0144ski w Lublinie rozpocznie si\u0119 ju\u017c w tym tygodniu. Od pi\u0105tku do niedzieli (18\u201320 sierpnia) Stare Miasto b\u0119dzie stolic\u0105 kultury tradycyjnej i sztuki ludowej. Z my\u015bl\u0105 o uczestnikach organizatorzy przygotowali kilka ciekawostek, kt\u00f3re z pewno\u015bci\u0105 zainteresuj\u0105 ka\u017cdego mi\u0142o\u015bnika Festiwalu! Re:tradycja \u2013 Jarmark Jagiello\u0144ski jest jednym z wydarze\u0144 programu Europejskiej Stolicy M\u0142odzie\u017cy Lublin 2023. <\/strong><\/p>\n<h2><strong>Czy wiesz, \u017ce\u2026?<\/strong><\/h2>\n<p><strong>Festiwal zmieni\u0142 swoj\u0105 nazw\u0119<\/strong><\/p>\n<p>Nazwa wydarzenia zmieni\u0142a si\u0119 rok temu. Kiedy\u015b by\u0142 to Jarmark Jagiello\u0144ski, a obecnie Festiwal nosi nazw\u0119 Re:tradycja \u2013 Jarmark Jagiello\u0144ski. Organizatorzy chcieli w ten spos\u00f3b zwr\u00f3ci\u0107 uwag\u0119 na fakt, \u017ce g\u0142\u00f3wnym tematem Festiwalu jest tradycja, kt\u00f3rej do tej pory w pierwotnej nazwie nie by\u0142o. Dzi\u015b Jarmarkiem Jagiello\u0144skim nazywane s\u0105 targi tradycyjnego rzemios\u0142a i sztuki ludowej. Ca\u0142y Festiwal Re:tradycja \u2013 Jarmark Jagiello\u0144ski to tak\u017ce koncerty, wystawy, spektakle i warsztaty. Nazwa Re:tradycja jest odpowiedzi\u0105 wsp\u00f3\u0142czesnego odbiorcy, obserwatora, ale tak\u017ce artysty i tw\u00f3rcy kultury na dziedzictwo, kt\u00f3rym dysponujemy i z kt\u00f3rego bogactwa czerpiemy.<\/p>\n<p><strong>Uczestnicz\u0105c w Festiwalu, masz szanse spotka\u0107 si\u0119 z prawdziwymi mistrzami<\/strong><\/p>\n<p>Tw\u00f3rcy, kt\u00f3rych spotykamy na stoiskach, to cz\u0119sto osoby o ogromnej wiedzy teoretycznej i praktycznej \u2013 reprezentanci kolejnych pokole\u0144 rzemie\u015blniczych rodzin, tradycyjni arty\u015bci prezentuj\u0105cy swoje prace na wystawach na ca\u0142ym \u015bwiecie, wyk\u0142adowcy akademiccy i nauczyciele w szko\u0142ach rzemie\u015blniczych, rekonstruktorzy zapomnianych lokalnych tradycji, inicjatorzy wydarze\u0144, festiwali, powstawania muze\u00f3w i publikacji po\u015bwi\u0119conych kulturze tradycyjnej. W tym roku swoje wyroby zaprezentuje oko\u0142o 140 wystawc\u00f3w, spo\u015br\u00f3d kt\u00f3rych ponad 30 kontynuuje tradycje wpisane na Krajowe Listy Niematerialnego Dziedzictwa Kulturowego (Polski, Ukrainy, S\u0142owacji, W\u0119gier i Litwy). Stoiska naszych rzemie\u015blnik\u00f3w b\u0119d\u0105 posiada\u0142y tabliczki z logo Festiwalu Re:tradycja \u2013 Jarmark Jagiello\u0144ski, numerem, nazwiskiem tw\u00f3rcy i prezentowan\u0105 przez niego dziedzin\u0105. Obok tego opisu pojawi si\u0119 tak\u017ce kod QR, kt\u00f3ry po zeskanowaniu da nam wi\u0119cej informacji o tw\u00f3rcy, o jego historii, kontynuowanej przez niego tradycji, a tak\u017ce (je\u015bli dany rzemie\u015blnik wyrazi\u0142 na to zgod\u0119) znajdziemy dane kontaktowe \u2013 adres strony internetowej, mail czy telefon. Dzi\u0119ki temu tak\u017ce po zako\u0144czeniu Festiwalu uczestnicy b\u0119d\u0105 mieli szans\u0119 na podtrzymanie kontaktu z tw\u00f3rcami. Ta festiwalowa tabliczka b\u0119dzie gwarantem, \u017ce dani tw\u00f3rcy i ich wyroby to kontynuatorzy warto\u015bciowych i unikatowych tradycji regionalnych.<\/p>\n<p><strong>Wystawcy nie p\u0142ac\u0105 za stoiska<\/strong><\/p>\n<p>W odr\u00f3\u017cnieniu od wielu innych wydarze\u0144, kt\u00f3re zwykle wymagaj\u0105 op\u0142at od uczestnik\u00f3w, Festiwal Re:tradycja \u2013 Jarmark Jagiello\u0144ski dzia\u0142a inaczej. Tutaj to organizatorzy sami zapraszaj\u0105 wystawc\u00f3w do wzi\u0119cia udzia\u0142u w Festiwalu, a od go\u015bci, kt\u00f3rymi s\u0105 wyj\u0105tkowi arty\u015bci i rzemie\u015blnicy, nie s\u0105 pobierane op\u0142aty. Jest to praktyka niezwykle cenna dla lokalnych rzemie\u015blnik\u00f3w i tradycyjnych artyst\u00f3w, poniewa\u017c umo\u017cliwia im prezentacj\u0119 swoich unikalnych produkt\u00f3w szerokiej publiczno\u015bci, nie obci\u0105\u017caj\u0105c jednocze\u015bnie finansowo. To tak\u017ce szansa dla publiczno\u015bci na poznanie wyj\u0105tkowych tw\u00f3rc\u00f3w \u2013 r\u00f3wnie\u017c tych, kt\u00f3rych cz\u0119sto nie sta\u0107 na wykupienie stoiska na innych tego typu wydarzeniach. Dzi\u0119ki temu Festiwal nie tylko promuje r\u00f3\u017cnorodno\u015b\u0107 kulturow\u0105 i artystyczn\u0105, lecz r\u00f3wnie\u017c tworzy atmosfer\u0119 wsp\u00f3\u0142pracy i wsparcia dla tw\u00f3rc\u00f3w oraz sprzyja ich rozwojowi.<\/p>\n<p><strong>Orkiestra Jarmarku Jagiello\u0144skiego wyda\u0142a p\u0142yt\u0119<\/strong><\/p>\n<p>Orkiestra Jarmarku Jagiello\u0144skiego jest projektem, kt\u00f3ry od 2014 roku eksploruje temat tradycyjnej muzyki Lubelszczyzny. \u0141\u0105czy te\u017c wykonuj\u0105cych j\u0105 muzyk\u00f3w ze s\u0142uchaczami i tancerzami, kt\u00f3rzy bawi\u0105 si\u0119 w jej rytmie podczas pota\u0144c\u00f3wek. Tak\u017ce w tym roku, (19 sierpnia, godz. 22.30) na B\u0142oniach pod Zamkiem b\u0119dzie mo\u017cna pota\u0144czy\u0107 do tradycyjnych melodii z Lubelszczyzny granych przez Orkiestr\u0119 Jarmarku Jagiello\u0144skiego. Nie ka\u017cdy jednak wie, \u017ce grupa wyda\u0142a w zesz\u0142ym roku p\u0142yt\u0119 \u201eSesja otwarta\u201d. Jest ona efektem kilku lat pracy Orkiestry i zawiera 11 utwor\u00f3w. Mo\u017cna j\u0105 kupi\u0107 na stronie sklep.warsztatykultury.pl<\/p>\n<hr>\n<p>Wi\u0119cej ciekawostek z pewno\u015bci\u0105 b\u0119dzie mo\u017cna us\u0142ysze\u0107, uczestnicz\u0105c w Festiwalu Re:tradycja \u2013 Jarmark Jagiello\u0144ski. Przypominamy, \u017ce trakcie wydarzenia zostanie zaprezentowana produkcja Warsztat\u00f3w Kultury, czyli <strong>koncert re:tradycja<\/strong>, podczas kt\u00f3rego us\u0142yszymy wyj\u0105tkowe aran\u017cacje muzyczne <strong>Atanasa Valkova i Jagody Valkov<\/strong> powsta\u0142e na bazie muzyki tradycyjnej Polesia polskiego wykonywanej przez <strong>Poleski Sk\u0142ad Smyczkowy<\/strong> oraz zesp\u00f3\u0142 <strong>Polesie_PL<\/strong>. Podczas Festiwalu wyst\u0105pi te\u017c esto\u0144ska grupa <strong>Puuluup<\/strong>, sanockie trio <strong>Wernyhora<\/strong>, kapela <strong>Odpoczno<\/strong> oraz rumu\u0144ski zesp\u00f3\u0142 <strong>Balkan Taksim.<\/strong> W programie wydarzenia nie zabraknie tak\u017ce pota\u0144c\u00f3wek. Do ta\u0144ca zagraj\u0105: <strong>Hajda Banda \/ \u0413\u0430\u0439\u0434\u0430 \u0411\u0430\u043d\u0434\u0430, Janusz Prusinowski Trio + Go\u015bcie, Orkiestra Jarmarku Jagiello\u0144skiego, Cmolaskie Ch\u0142opoki<\/strong> oraz <strong>Kapela Batareja.<\/strong> Na uczestnik\u00f3w Festiwalu czekaj\u0105 intersuj\u0105ce wystawy, spotkania i kino. Ponadto wszyscy mi\u0142o\u015bnicy sztuki ludowej i rzemios\u0142a b\u0119d\u0105 mieli okazj\u0119 spotka\u0107 si\u0119 z tw\u00f3rcami i naby\u0107 ich wyroby w ramach Jarmarku Jagiello\u0144skiego. Program wydarzenia mo\u017cna \u015bledzi\u0107 na stronie retradycja.eu.<\/p>\n<p><strong>Festiwal Re:tradycja \u2013 Jarmark Jagiello\u0144ski<br \/>\n18\u201320 sierpnia 2023<br \/>\nLublin \u2013 Stare Miasto, B\u0142onia pod Zamkiem<br \/>\nWst\u0119p wolny<\/strong><\/p>\n<p><strong>Wi\u0119cej informacji na stronie <a href=\"https:\/\/retradycja.eu\">retradycja.eu<\/a><\/strong><\/p>\n<div class=\"fusion-aligncenter\"><a class=\"fusion-button button-flat button-medium button-default fusion-button-default button-1 fusion-button-default-span fusion-button-default-type\" target=\"_self\" href=\"https:\/\/retradycja.eu\/program-2023\"><span class=\"fusion-button-text\">sprawd\u017a program<\/span><\/a><\/div>\n<p><strong>Organizatorzy:<\/strong> Warsztaty Kultury w Lublinie, Instytucja Kultury Miasta Lublin, Lublin Miasto Inspiracji<br \/>\n<strong>Patronat honorowy:<\/strong> Prezydent Miasta Lublin \u2013 Krzysztof \u017buk, Narodowy Instytut Dziedzictwa<br \/>\nDofinansowano ze \u015brodk\u00f3w Ministra Kultury i Dziedzictwa Narodowego.<br \/>\nTegoroczna edycja Festiwalu Re:tradycja \u2013 Jarmark Jagiello\u0144ski jest jednym z wydarze\u0144 programu Europejskiej Stolicy M\u0142odzie\u017cy Lublin 2023.<br \/>\n<strong>Sponsorzy:<\/strong> Tavex, Herbapol<br \/>\n<strong>Partnerzy:<\/strong> Jula, Muzeum Narodowe w Lublinie, Ivan Honchar Museum, \u00da\u013dUV, Dominikanie Lublin, O\u015brodek Praktyk Teatralnych Gardzienice, Stowarzyszenie Tw\u00f3rc\u00f3w Ludowych, Fundacja Kultura Enter<br \/>\n<strong>Patroni medialni:<\/strong> Polskie Radio Dzieciom, Radiowe Centrum Kultury Ludowej, Radio Lublin, Presto, CzasDzieci.pl, muzykatradycyjna.pl, KulturaLudowa.pl, Kultura Enter, Onet<\/p>\n<\/div><\/div><\/div><\/div><\/div>\n","protected":false},"excerpt":{"rendered":"","protected":false},"author":5,"featured_media":50791,"comment_status":"closed","ping_status":"closed","sticky":false,"template":"","format":"standard","meta":{"_acf_changed":false,"ngg_post_thumbnail":0,"footnotes":""},"categories":[1],"tags":[],"acf":[],"yoast_head":"<!-- This site is optimized with the Yoast SEO plugin v22.2 - https:\/\/yoast.com\/wordpress\/plugins\/seo\/ -->\n<title>Festiwal Re:tradycja \u2013 Jarmark Jagiello\u0144ski ju\u017c w ten weekend! - Festiwal Re:tradycja - Jarmark Jagiello\u0144ski<\/title>\n<meta name=\"robots\" content=\"index, follow, max-snippet:-1, max-image-preview:large, max-video-preview:-1\" \/>\n<link rel=\"canonical\" href=\"https:\/\/retradycja.eu\/pl\/festiwal-retradycja-jarmark-jagiellonski-juz-w-ten-weekend\/\" \/>\n<meta property=\"og:locale\" content=\"pl_PL\" \/>\n<meta property=\"og:type\" content=\"article\" \/>\n<meta property=\"og:title\" content=\"Festiwal Re:tradycja \u2013 Jarmark Jagiello\u0144ski ju\u017c w ten weekend! - Festiwal Re:tradycja - Jarmark Jagiello\u0144ski\" \/>\n<meta property=\"og:url\" content=\"https:\/\/retradycja.eu\/pl\/festiwal-retradycja-jarmark-jagiellonski-juz-w-ten-weekend\/\" \/>\n<meta property=\"og:site_name\" content=\"Festiwal Re:tradycja - Jarmark Jagiello\u0144ski\" \/>\n<meta property=\"article:publisher\" content=\"https:\/\/www.facebook.com\/retradycja\" \/>\n<meta property=\"article:published_time\" content=\"2023-08-16T14:07:57+00:00\" \/>\n<meta property=\"article:modified_time\" content=\"2024-01-09T18:55:46+00:00\" \/>\n<meta property=\"og:image\" content=\"https:\/\/retradycja.eu\/wp-content\/uploads\/2023\/07\/RE_JJ_rozne_zbiorczy_23_07_18_hd-1024x576.png\" \/>\n\t<meta property=\"og:image:width\" content=\"1024\" \/>\n\t<meta property=\"og:image:height\" content=\"576\" \/>\n\t<meta property=\"og:image:type\" content=\"image\/png\" \/>\n<meta name=\"author\" content=\"Ma\u0142gorzata\" \/>\n<meta name=\"twitter:card\" content=\"summary_large_image\" \/>\n<meta name=\"twitter:label1\" content=\"Napisane przez\" \/>\n\t<meta name=\"twitter:data1\" content=\"Ma\u0142gorzata\" \/>\n\t<meta name=\"twitter:label2\" content=\"Szacowany czas czytania\" \/>\n\t<meta name=\"twitter:data2\" content=\"6 minut\" \/>\n<script type=\"application\/ld+json\" class=\"yoast-schema-graph\">{\"@context\":\"https:\/\/schema.org\",\"@graph\":[{\"@type\":\"Article\",\"@id\":\"https:\/\/retradycja.eu\/pl\/festiwal-retradycja-jarmark-jagiellonski-juz-w-ten-weekend\/#article\",\"isPartOf\":{\"@id\":\"https:\/\/retradycja.eu\/pl\/festiwal-retradycja-jarmark-jagiellonski-juz-w-ten-weekend\/\"},\"author\":{\"name\":\"Ma\u0142gorzata\",\"@id\":\"https:\/\/retradycja.eu\/pl\/#\/schema\/person\/fd205a687bde7f36f7900874fe9c96c0\"},\"headline\":\"Festiwal Re:tradycja \u2013 Jarmark Jagiello\u0144ski ju\u017c w ten weekend!\",\"datePublished\":\"2023-08-16T14:07:57+00:00\",\"dateModified\":\"2024-01-09T18:55:46+00:00\",\"mainEntityOfPage\":{\"@id\":\"https:\/\/retradycja.eu\/pl\/festiwal-retradycja-jarmark-jagiellonski-juz-w-ten-weekend\/\"},\"wordCount\":1410,\"publisher\":{\"@id\":\"https:\/\/retradycja.eu\/pl\/#organization\"},\"image\":{\"@id\":\"https:\/\/retradycja.eu\/pl\/festiwal-retradycja-jarmark-jagiellonski-juz-w-ten-weekend\/#primaryimage\"},\"thumbnailUrl\":\"https:\/\/retradycja.eu\/wp-content\/uploads\/2023\/07\/RE_JJ_rozne_zbiorczy_23_07_18_hd.png\",\"inLanguage\":\"pl-PL\"},{\"@type\":\"WebPage\",\"@id\":\"https:\/\/retradycja.eu\/pl\/festiwal-retradycja-jarmark-jagiellonski-juz-w-ten-weekend\/\",\"url\":\"https:\/\/retradycja.eu\/pl\/festiwal-retradycja-jarmark-jagiellonski-juz-w-ten-weekend\/\",\"name\":\"Festiwal Re:tradycja \u2013 Jarmark Jagiello\u0144ski ju\u017c w ten weekend! - Festiwal Re:tradycja - Jarmark Jagiello\u0144ski\",\"isPartOf\":{\"@id\":\"https:\/\/retradycja.eu\/pl\/#website\"},\"primaryImageOfPage\":{\"@id\":\"https:\/\/retradycja.eu\/pl\/festiwal-retradycja-jarmark-jagiellonski-juz-w-ten-weekend\/#primaryimage\"},\"image\":{\"@id\":\"https:\/\/retradycja.eu\/pl\/festiwal-retradycja-jarmark-jagiellonski-juz-w-ten-weekend\/#primaryimage\"},\"thumbnailUrl\":\"https:\/\/retradycja.eu\/wp-content\/uploads\/2023\/07\/RE_JJ_rozne_zbiorczy_23_07_18_hd.png\",\"datePublished\":\"2023-08-16T14:07:57+00:00\",\"dateModified\":\"2024-01-09T18:55:46+00:00\",\"breadcrumb\":{\"@id\":\"https:\/\/retradycja.eu\/pl\/festiwal-retradycja-jarmark-jagiellonski-juz-w-ten-weekend\/#breadcrumb\"},\"inLanguage\":\"pl-PL\",\"potentialAction\":[{\"@type\":\"ReadAction\",\"target\":[\"https:\/\/retradycja.eu\/pl\/festiwal-retradycja-jarmark-jagiellonski-juz-w-ten-weekend\/\"]}]},{\"@type\":\"ImageObject\",\"inLanguage\":\"pl-PL\",\"@id\":\"https:\/\/retradycja.eu\/pl\/festiwal-retradycja-jarmark-jagiellonski-juz-w-ten-weekend\/#primaryimage\",\"url\":\"https:\/\/retradycja.eu\/wp-content\/uploads\/2023\/07\/RE_JJ_rozne_zbiorczy_23_07_18_hd.png\",\"contentUrl\":\"https:\/\/retradycja.eu\/wp-content\/uploads\/2023\/07\/RE_JJ_rozne_zbiorczy_23_07_18_hd.png\",\"width\":1920,\"height\":1080,\"caption\":\"Plakat festiwalowy z napisem: Re:tradycja, 18-20 sierpnia 2023, Stare Miasto Lublin. Festiwal Muzyki i rzemios\u0142a tradycyjnego.\"},{\"@type\":\"BreadcrumbList\",\"@id\":\"https:\/\/retradycja.eu\/pl\/festiwal-retradycja-jarmark-jagiellonski-juz-w-ten-weekend\/#breadcrumb\",\"itemListElement\":[{\"@type\":\"ListItem\",\"position\":1,\"name\":\"Strona g\u0142\u00f3wna\",\"item\":\"https:\/\/retradycja.eu\/pl\/\"},{\"@type\":\"ListItem\",\"position\":2,\"name\":\"Festiwal Re:tradycja \u2013 Jarmark Jagiello\u0144ski ju\u017c w ten weekend!\"}]},{\"@type\":\"WebSite\",\"@id\":\"https:\/\/retradycja.eu\/pl\/#website\",\"url\":\"https:\/\/retradycja.eu\/pl\/\",\"name\":\"Festiwal Re:tradycja - Jarmark Jagiello\u0144ski\",\"description\":\" Lublin, Stare Miasto\",\"publisher\":{\"@id\":\"https:\/\/retradycja.eu\/pl\/#organization\"},\"potentialAction\":[{\"@type\":\"SearchAction\",\"target\":{\"@type\":\"EntryPoint\",\"urlTemplate\":\"https:\/\/retradycja.eu\/pl\/?s={search_term_string}\"},\"query-input\":\"required name=search_term_string\"}],\"inLanguage\":\"pl-PL\"},{\"@type\":\"Organization\",\"@id\":\"https:\/\/retradycja.eu\/pl\/#organization\",\"name\":\"Warsztaty Kultury w Lublinie\",\"url\":\"https:\/\/retradycja.eu\/pl\/\",\"logo\":{\"@type\":\"ImageObject\",\"inLanguage\":\"pl-PL\",\"@id\":\"https:\/\/retradycja.eu\/pl\/#\/schema\/logo\/image\/\",\"url\":\"https:\/\/retradycja.eu\/wp-content\/uploads\/2022\/06\/logo_retradycje-01.png\",\"contentUrl\":\"https:\/\/retradycja.eu\/wp-content\/uploads\/2022\/06\/logo_retradycje-01.png\",\"width\":332,\"height\":63,\"caption\":\"Warsztaty Kultury w Lublinie\"},\"image\":{\"@id\":\"https:\/\/retradycja.eu\/pl\/#\/schema\/logo\/image\/\"},\"sameAs\":[\"https:\/\/www.facebook.com\/retradycja\",\"https:\/\/www.instagram.com\/retradycja_jarmarkjagiellonski\/\",\"https:\/\/www.youtube.com\/user\/JarmarkJagiellonski\"]},{\"@type\":\"Person\",\"@id\":\"https:\/\/retradycja.eu\/pl\/#\/schema\/person\/fd205a687bde7f36f7900874fe9c96c0\",\"name\":\"Ma\u0142gorzata\",\"image\":{\"@type\":\"ImageObject\",\"inLanguage\":\"pl-PL\",\"@id\":\"https:\/\/retradycja.eu\/pl\/#\/schema\/person\/image\/\",\"url\":\"https:\/\/secure.gravatar.com\/avatar\/c2f84c05c7c04cc536472b6e15a984f4?s=96&d=mm&r=g\",\"contentUrl\":\"https:\/\/secure.gravatar.com\/avatar\/c2f84c05c7c04cc536472b6e15a984f4?s=96&d=mm&r=g\",\"caption\":\"Ma\u0142gorzata\"}}]}<\/script>\n<!-- \/ Yoast SEO plugin. -->","yoast_head_json":{"title":"Festiwal Re:tradycja \u2013 Jarmark Jagiello\u0144ski ju\u017c w ten weekend! - Festiwal Re:tradycja - Jarmark Jagiello\u0144ski","robots":{"index":"index","follow":"follow","max-snippet":"max-snippet:-1","max-image-preview":"max-image-preview:large","max-video-preview":"max-video-preview:-1"},"canonical":"https:\/\/retradycja.eu\/pl\/festiwal-retradycja-jarmark-jagiellonski-juz-w-ten-weekend\/","og_locale":"pl_PL","og_type":"article","og_title":"Festiwal Re:tradycja \u2013 Jarmark Jagiello\u0144ski ju\u017c w ten weekend! - Festiwal Re:tradycja - Jarmark Jagiello\u0144ski","og_url":"https:\/\/retradycja.eu\/pl\/festiwal-retradycja-jarmark-jagiellonski-juz-w-ten-weekend\/","og_site_name":"Festiwal Re:tradycja - Jarmark Jagiello\u0144ski","article_publisher":"https:\/\/www.facebook.com\/retradycja","article_published_time":"2023-08-16T14:07:57+00:00","article_modified_time":"2024-01-09T18:55:46+00:00","og_image":[{"width":1024,"height":576,"url":"https:\/\/retradycja.eu\/wp-content\/uploads\/2023\/07\/RE_JJ_rozne_zbiorczy_23_07_18_hd-1024x576.png","type":"image\/png"}],"author":"Ma\u0142gorzata","twitter_card":"summary_large_image","twitter_misc":{"Napisane przez":"Ma\u0142gorzata","Szacowany czas czytania":"6 minut"},"schema":{"@context":"https:\/\/schema.org","@graph":[{"@type":"Article","@id":"https:\/\/retradycja.eu\/pl\/festiwal-retradycja-jarmark-jagiellonski-juz-w-ten-weekend\/#article","isPartOf":{"@id":"https:\/\/retradycja.eu\/pl\/festiwal-retradycja-jarmark-jagiellonski-juz-w-ten-weekend\/"},"author":{"name":"Ma\u0142gorzata","@id":"https:\/\/retradycja.eu\/pl\/#\/schema\/person\/fd205a687bde7f36f7900874fe9c96c0"},"headline":"Festiwal Re:tradycja \u2013 Jarmark Jagiello\u0144ski ju\u017c w ten weekend!","datePublished":"2023-08-16T14:07:57+00:00","dateModified":"2024-01-09T18:55:46+00:00","mainEntityOfPage":{"@id":"https:\/\/retradycja.eu\/pl\/festiwal-retradycja-jarmark-jagiellonski-juz-w-ten-weekend\/"},"wordCount":1410,"publisher":{"@id":"https:\/\/retradycja.eu\/pl\/#organization"},"image":{"@id":"https:\/\/retradycja.eu\/pl\/festiwal-retradycja-jarmark-jagiellonski-juz-w-ten-weekend\/#primaryimage"},"thumbnailUrl":"https:\/\/retradycja.eu\/wp-content\/uploads\/2023\/07\/RE_JJ_rozne_zbiorczy_23_07_18_hd.png","inLanguage":"pl-PL"},{"@type":"WebPage","@id":"https:\/\/retradycja.eu\/pl\/festiwal-retradycja-jarmark-jagiellonski-juz-w-ten-weekend\/","url":"https:\/\/retradycja.eu\/pl\/festiwal-retradycja-jarmark-jagiellonski-juz-w-ten-weekend\/","name":"Festiwal Re:tradycja \u2013 Jarmark Jagiello\u0144ski ju\u017c w ten weekend! - Festiwal Re:tradycja - Jarmark Jagiello\u0144ski","isPartOf":{"@id":"https:\/\/retradycja.eu\/pl\/#website"},"primaryImageOfPage":{"@id":"https:\/\/retradycja.eu\/pl\/festiwal-retradycja-jarmark-jagiellonski-juz-w-ten-weekend\/#primaryimage"},"image":{"@id":"https:\/\/retradycja.eu\/pl\/festiwal-retradycja-jarmark-jagiellonski-juz-w-ten-weekend\/#primaryimage"},"thumbnailUrl":"https:\/\/retradycja.eu\/wp-content\/uploads\/2023\/07\/RE_JJ_rozne_zbiorczy_23_07_18_hd.png","datePublished":"2023-08-16T14:07:57+00:00","dateModified":"2024-01-09T18:55:46+00:00","breadcrumb":{"@id":"https:\/\/retradycja.eu\/pl\/festiwal-retradycja-jarmark-jagiellonski-juz-w-ten-weekend\/#breadcrumb"},"inLanguage":"pl-PL","potentialAction":[{"@type":"ReadAction","target":["https:\/\/retradycja.eu\/pl\/festiwal-retradycja-jarmark-jagiellonski-juz-w-ten-weekend\/"]}]},{"@type":"ImageObject","inLanguage":"pl-PL","@id":"https:\/\/retradycja.eu\/pl\/festiwal-retradycja-jarmark-jagiellonski-juz-w-ten-weekend\/#primaryimage","url":"https:\/\/retradycja.eu\/wp-content\/uploads\/2023\/07\/RE_JJ_rozne_zbiorczy_23_07_18_hd.png","contentUrl":"https:\/\/retradycja.eu\/wp-content\/uploads\/2023\/07\/RE_JJ_rozne_zbiorczy_23_07_18_hd.png","width":1920,"height":1080,"caption":"Plakat festiwalowy z napisem: Re:tradycja, 18-20 sierpnia 2023, Stare Miasto Lublin. Festiwal Muzyki i rzemios\u0142a tradycyjnego."},{"@type":"BreadcrumbList","@id":"https:\/\/retradycja.eu\/pl\/festiwal-retradycja-jarmark-jagiellonski-juz-w-ten-weekend\/#breadcrumb","itemListElement":[{"@type":"ListItem","position":1,"name":"Strona g\u0142\u00f3wna","item":"https:\/\/retradycja.eu\/pl\/"},{"@type":"ListItem","position":2,"name":"Festiwal Re:tradycja \u2013 Jarmark Jagiello\u0144ski ju\u017c w ten weekend!"}]},{"@type":"WebSite","@id":"https:\/\/retradycja.eu\/pl\/#website","url":"https:\/\/retradycja.eu\/pl\/","name":"Festiwal Re:tradycja - Jarmark Jagiello\u0144ski","description":" Lublin, Stare Miasto","publisher":{"@id":"https:\/\/retradycja.eu\/pl\/#organization"},"potentialAction":[{"@type":"SearchAction","target":{"@type":"EntryPoint","urlTemplate":"https:\/\/retradycja.eu\/pl\/?s={search_term_string}"},"query-input":"required name=search_term_string"}],"inLanguage":"pl-PL"},{"@type":"Organization","@id":"https:\/\/retradycja.eu\/pl\/#organization","name":"Warsztaty Kultury w Lublinie","url":"https:\/\/retradycja.eu\/pl\/","logo":{"@type":"ImageObject","inLanguage":"pl-PL","@id":"https:\/\/retradycja.eu\/pl\/#\/schema\/logo\/image\/","url":"https:\/\/retradycja.eu\/wp-content\/uploads\/2022\/06\/logo_retradycje-01.png","contentUrl":"https:\/\/retradycja.eu\/wp-content\/uploads\/2022\/06\/logo_retradycje-01.png","width":332,"height":63,"caption":"Warsztaty Kultury w Lublinie"},"image":{"@id":"https:\/\/retradycja.eu\/pl\/#\/schema\/logo\/image\/"},"sameAs":["https:\/\/www.facebook.com\/retradycja","https:\/\/www.instagram.com\/retradycja_jarmarkjagiellonski\/","https:\/\/www.youtube.com\/user\/JarmarkJagiellonski"]},{"@type":"Person","@id":"https:\/\/retradycja.eu\/pl\/#\/schema\/person\/fd205a687bde7f36f7900874fe9c96c0","name":"Ma\u0142gorzata","image":{"@type":"ImageObject","inLanguage":"pl-PL","@id":"https:\/\/retradycja.eu\/pl\/#\/schema\/person\/image\/","url":"https:\/\/secure.gravatar.com\/avatar\/c2f84c05c7c04cc536472b6e15a984f4?s=96&d=mm&r=g","contentUrl":"https:\/\/secure.gravatar.com\/avatar\/c2f84c05c7c04cc536472b6e15a984f4?s=96&d=mm&r=g","caption":"Ma\u0142gorzata"}}]}},"_links":{"self":[{"href":"https:\/\/retradycja.eu\/pl\/wp-json\/wp\/v2\/posts\/51406"}],"collection":[{"href":"https:\/\/retradycja.eu\/pl\/wp-json\/wp\/v2\/posts"}],"about":[{"href":"https:\/\/retradycja.eu\/pl\/wp-json\/wp\/v2\/types\/post"}],"author":[{"embeddable":true,"href":"https:\/\/retradycja.eu\/pl\/wp-json\/wp\/v2\/users\/5"}],"replies":[{"embeddable":true,"href":"https:\/\/retradycja.eu\/pl\/wp-json\/wp\/v2\/comments?post=51406"}],"version-history":[{"count":4,"href":"https:\/\/retradycja.eu\/pl\/wp-json\/wp\/v2\/posts\/51406\/revisions"}],"predecessor-version":[{"id":51414,"href":"https:\/\/retradycja.eu\/pl\/wp-json\/wp\/v2\/posts\/51406\/revisions\/51414"}],"wp:featuredmedia":[{"embeddable":true,"href":"https:\/\/retradycja.eu\/pl\/wp-json\/wp\/v2\/media\/50791"}],"wp:attachment":[{"href":"https:\/\/retradycja.eu\/pl\/wp-json\/wp\/v2\/media?parent=51406"}],"wp:term":[{"taxonomy":"category","embeddable":true,"href":"https:\/\/retradycja.eu\/pl\/wp-json\/wp\/v2\/categories?post=51406"},{"taxonomy":"post_tag","embeddable":true,"href":"https:\/\/retradycja.eu\/pl\/wp-json\/wp\/v2\/tags?post=51406"}],"curies":[{"name":"wp","href":"https:\/\/api.w.org\/{rel}","templated":true}]}}