{"id":50165,"date":"2023-04-06T15:11:48","date_gmt":"2023-04-06T13:11:48","guid":{"rendered":"https:\/\/retradycja.eu\/?p=50165"},"modified":"2024-01-09T19:55:57","modified_gmt":"2024-01-09T18:55:57","slug":"wesolych-swiat-wielkanocnych","status":"publish","type":"post","link":"https:\/\/retradycja.eu\/pl\/wesolych-swiat-wielkanocnych\/","title":{"rendered":"Weso\u0142ych \u015bwi\u0105t Wielkanocnych!"},"content":{"rendered":"<div class=\"fusion-fullwidth fullwidth-box fusion-builder-row-1 fusion-flex-container nonhundred-percent-fullwidth non-hundred-percent-height-scrolling\" style=\"--awb-border-radius-top-left:0px;--awb-border-radius-top-right:0px;--awb-border-radius-bottom-right:0px;--awb-border-radius-bottom-left:0px;--awb-flex-wrap:wrap;\" ><div class=\"fusion-builder-row fusion-row fusion-flex-align-items-flex-start fusion-flex-content-wrap\" style=\"max-width:calc( 1920px + 0px );margin-left: calc(-0px \/ 2 );margin-right: calc(-0px \/ 2 );\"><div class=\"fusion-layout-column fusion_builder_column fusion-builder-column-0 fusion_builder_column_1_1 1_1 fusion-flex-column\" style=\"--awb-bg-size:cover;--awb-width-large:100%;--awb-margin-top-large:0px;--awb-spacing-right-large:0px;--awb-margin-bottom-large:0px;--awb-spacing-left-large:0px;--awb-width-medium:100%;--awb-spacing-right-medium:0px;--awb-spacing-left-medium:0px;--awb-width-small:100%;--awb-spacing-right-small:0px;--awb-spacing-left-small:0px;\"><div class=\"fusion-column-wrapper fusion-flex-justify-content-flex-start fusion-content-layout-column\"><div class=\"fusion-text fusion-text-1\"><p>Z okazji \u015awi\u0105t Wielkanocnych \u017cyczymy wszystkim Przyjacio\u0142om i Wsp\u00f3\u0142pracownikom, aby te dni przynios\u0142y Wam pok\u00f3j, rado\u015b\u0107 oraz wzajemn\u0105 \u017cyczliwo\u015b\u0107.<\/p>\n<p>Zesp\u00f3\u0142 Warsztat\u00f3w Kultury<\/p>\n<\/div><\/div><\/div><\/div><\/div>\n","protected":false},"excerpt":{"rendered":"","protected":false},"author":5,"featured_media":50166,"comment_status":"closed","ping_status":"closed","sticky":false,"template":"","format":"standard","meta":{"_acf_changed":false,"ngg_post_thumbnail":0,"footnotes":""},"categories":[1],"tags":[],"acf":[],"yoast_head":"<!-- This site is optimized with the Yoast SEO plugin v22.2 - https:\/\/yoast.com\/wordpress\/plugins\/seo\/ -->\n<title>Weso\u0142ych \u015bwi\u0105t Wielkanocnych<\/title>\n<meta name=\"description\" content=\"Weso\u0142ych \u015bwi\u0105t Wielkanocnych \u017cyczy zesp\u00f3\u0142 Warsztat\u00f3w Kultury w Lublinie.\" \/>\n<meta name=\"robots\" content=\"index, follow, max-snippet:-1, max-image-preview:large, max-video-preview:-1\" \/>\n<link rel=\"canonical\" href=\"https:\/\/retradycja.eu\/pl\/wesolych-swiat-wielkanocnych\/\" \/>\n<meta property=\"og:locale\" content=\"pl_PL\" \/>\n<meta property=\"og:type\" content=\"article\" \/>\n<meta property=\"og:title\" content=\"Weso\u0142ych \u015bwi\u0105t Wielkanocnych\" \/>\n<meta property=\"og:description\" content=\"Weso\u0142ych \u015bwi\u0105t Wielkanocnych \u017cyczy zesp\u00f3\u0142 Warsztat\u00f3w Kultury w Lublinie.\" \/>\n<meta property=\"og:url\" content=\"https:\/\/retradycja.eu\/pl\/wesolych-swiat-wielkanocnych\/\" \/>\n<meta property=\"og:site_name\" content=\"Festiwal Re:tradycja - Jarmark Jagiello\u0144ski\" \/>\n<meta property=\"article:publisher\" content=\"https:\/\/www.facebook.com\/retradycja\" \/>\n<meta property=\"article:published_time\" content=\"2023-04-06T13:11:48+00:00\" \/>\n<meta property=\"article:modified_time\" content=\"2024-01-09T18:55:57+00:00\" \/>\n<meta property=\"og:image\" content=\"https:\/\/retradycja.eu\/wp-content\/uploads\/2023\/04\/stronka-08.png\" \/>\n\t<meta property=\"og:image:width\" content=\"1920\" \/>\n\t<meta property=\"og:image:height\" content=\"1080\" \/>\n\t<meta property=\"og:image:type\" content=\"image\/png\" \/>\n<meta name=\"author\" content=\"Ma\u0142gorzata\" \/>\n<meta name=\"twitter:card\" content=\"summary_large_image\" \/>\n<meta name=\"twitter:label1\" content=\"Napisane przez\" \/>\n\t<meta name=\"twitter:data1\" content=\"Ma\u0142gorzata\" \/>\n\t<meta name=\"twitter:label2\" content=\"Szacowany czas czytania\" \/>\n\t<meta name=\"twitter:data2\" content=\"1 minuta\" \/>\n<script type=\"application\/ld+json\" class=\"yoast-schema-graph\">{\"@context\":\"https:\/\/schema.org\",\"@graph\":[{\"@type\":\"Article\",\"@id\":\"https:\/\/retradycja.eu\/pl\/wesolych-swiat-wielkanocnych\/#article\",\"isPartOf\":{\"@id\":\"https:\/\/retradycja.eu\/pl\/wesolych-swiat-wielkanocnych\/\"},\"author\":{\"name\":\"Ma\u0142gorzata\",\"@id\":\"https:\/\/retradycja.eu\/pl\/#\/schema\/person\/fd205a687bde7f36f7900874fe9c96c0\"},\"headline\":\"Weso\u0142ych \u015bwi\u0105t Wielkanocnych!\",\"datePublished\":\"2023-04-06T13:11:48+00:00\",\"dateModified\":\"2024-01-09T18:55:57+00:00\",\"mainEntityOfPage\":{\"@id\":\"https:\/\/retradycja.eu\/pl\/wesolych-swiat-wielkanocnych\/\"},\"wordCount\":147,\"publisher\":{\"@id\":\"https:\/\/retradycja.eu\/pl\/#organization\"},\"image\":{\"@id\":\"https:\/\/retradycja.eu\/pl\/wesolych-swiat-wielkanocnych\/#primaryimage\"},\"thumbnailUrl\":\"https:\/\/retradycja.eu\/wp-content\/uploads\/2023\/04\/stronka-08.png\",\"inLanguage\":\"pl-PL\"},{\"@type\":\"WebPage\",\"@id\":\"https:\/\/retradycja.eu\/pl\/wesolych-swiat-wielkanocnych\/\",\"url\":\"https:\/\/retradycja.eu\/pl\/wesolych-swiat-wielkanocnych\/\",\"name\":\"Weso\u0142ych \u015bwi\u0105t Wielkanocnych\",\"isPartOf\":{\"@id\":\"https:\/\/retradycja.eu\/pl\/#website\"},\"primaryImageOfPage\":{\"@id\":\"https:\/\/retradycja.eu\/pl\/wesolych-swiat-wielkanocnych\/#primaryimage\"},\"image\":{\"@id\":\"https:\/\/retradycja.eu\/pl\/wesolych-swiat-wielkanocnych\/#primaryimage\"},\"thumbnailUrl\":\"https:\/\/retradycja.eu\/wp-content\/uploads\/2023\/04\/stronka-08.png\",\"datePublished\":\"2023-04-06T13:11:48+00:00\",\"dateModified\":\"2024-01-09T18:55:57+00:00\",\"description\":\"Weso\u0142ych \u015bwi\u0105t Wielkanocnych \u017cyczy zesp\u00f3\u0142 Warsztat\u00f3w Kultury w Lublinie.\",\"breadcrumb\":{\"@id\":\"https:\/\/retradycja.eu\/pl\/wesolych-swiat-wielkanocnych\/#breadcrumb\"},\"inLanguage\":\"pl-PL\",\"potentialAction\":[{\"@type\":\"ReadAction\",\"target\":[\"https:\/\/retradycja.eu\/pl\/wesolych-swiat-wielkanocnych\/\"]}]},{\"@type\":\"ImageObject\",\"inLanguage\":\"pl-PL\",\"@id\":\"https:\/\/retradycja.eu\/pl\/wesolych-swiat-wielkanocnych\/#primaryimage\",\"url\":\"https:\/\/retradycja.eu\/wp-content\/uploads\/2023\/04\/stronka-08.png\",\"contentUrl\":\"https:\/\/retradycja.eu\/wp-content\/uploads\/2023\/04\/stronka-08.png\",\"width\":1920,\"height\":1080,\"caption\":\"Kartka Wielkanocna z napisem: Weso\u0142ego Alleluja!\"},{\"@type\":\"BreadcrumbList\",\"@id\":\"https:\/\/retradycja.eu\/pl\/wesolych-swiat-wielkanocnych\/#breadcrumb\",\"itemListElement\":[{\"@type\":\"ListItem\",\"position\":1,\"name\":\"Strona g\u0142\u00f3wna\",\"item\":\"https:\/\/retradycja.eu\/pl\/\"},{\"@type\":\"ListItem\",\"position\":2,\"name\":\"Weso\u0142ych \u015bwi\u0105t Wielkanocnych!\"}]},{\"@type\":\"WebSite\",\"@id\":\"https:\/\/retradycja.eu\/pl\/#website\",\"url\":\"https:\/\/retradycja.eu\/pl\/\",\"name\":\"Festiwal Re:tradycja - Jarmark Jagiello\u0144ski\",\"description\":\" Lublin, Stare Miasto\",\"publisher\":{\"@id\":\"https:\/\/retradycja.eu\/pl\/#organization\"},\"potentialAction\":[{\"@type\":\"SearchAction\",\"target\":{\"@type\":\"EntryPoint\",\"urlTemplate\":\"https:\/\/retradycja.eu\/pl\/?s={search_term_string}\"},\"query-input\":\"required name=search_term_string\"}],\"inLanguage\":\"pl-PL\"},{\"@type\":\"Organization\",\"@id\":\"https:\/\/retradycja.eu\/pl\/#organization\",\"name\":\"Warsztaty Kultury w Lublinie\",\"url\":\"https:\/\/retradycja.eu\/pl\/\",\"logo\":{\"@type\":\"ImageObject\",\"inLanguage\":\"pl-PL\",\"@id\":\"https:\/\/retradycja.eu\/pl\/#\/schema\/logo\/image\/\",\"url\":\"https:\/\/retradycja.eu\/wp-content\/uploads\/2022\/06\/logo_retradycje-01.png\",\"contentUrl\":\"https:\/\/retradycja.eu\/wp-content\/uploads\/2022\/06\/logo_retradycje-01.png\",\"width\":332,\"height\":63,\"caption\":\"Warsztaty Kultury w Lublinie\"},\"image\":{\"@id\":\"https:\/\/retradycja.eu\/pl\/#\/schema\/logo\/image\/\"},\"sameAs\":[\"https:\/\/www.facebook.com\/retradycja\",\"https:\/\/www.instagram.com\/retradycja_jarmarkjagiellonski\/\",\"https:\/\/www.youtube.com\/user\/JarmarkJagiellonski\"]},{\"@type\":\"Person\",\"@id\":\"https:\/\/retradycja.eu\/pl\/#\/schema\/person\/fd205a687bde7f36f7900874fe9c96c0\",\"name\":\"Ma\u0142gorzata\",\"image\":{\"@type\":\"ImageObject\",\"inLanguage\":\"pl-PL\",\"@id\":\"https:\/\/retradycja.eu\/pl\/#\/schema\/person\/image\/\",\"url\":\"https:\/\/secure.gravatar.com\/avatar\/c2f84c05c7c04cc536472b6e15a984f4?s=96&d=mm&r=g\",\"contentUrl\":\"https:\/\/secure.gravatar.com\/avatar\/c2f84c05c7c04cc536472b6e15a984f4?s=96&d=mm&r=g\",\"caption\":\"Ma\u0142gorzata\"}}]}<\/script>\n<!-- \/ Yoast SEO plugin. -->","yoast_head_json":{"title":"Weso\u0142ych \u015bwi\u0105t Wielkanocnych","description":"Weso\u0142ych \u015bwi\u0105t Wielkanocnych \u017cyczy zesp\u00f3\u0142 Warsztat\u00f3w Kultury w Lublinie.","robots":{"index":"index","follow":"follow","max-snippet":"max-snippet:-1","max-image-preview":"max-image-preview:large","max-video-preview":"max-video-preview:-1"},"canonical":"https:\/\/retradycja.eu\/pl\/wesolych-swiat-wielkanocnych\/","og_locale":"pl_PL","og_type":"article","og_title":"Weso\u0142ych \u015bwi\u0105t Wielkanocnych","og_description":"Weso\u0142ych \u015bwi\u0105t Wielkanocnych \u017cyczy zesp\u00f3\u0142 Warsztat\u00f3w Kultury w Lublinie.","og_url":"https:\/\/retradycja.eu\/pl\/wesolych-swiat-wielkanocnych\/","og_site_name":"Festiwal Re:tradycja - Jarmark Jagiello\u0144ski","article_publisher":"https:\/\/www.facebook.com\/retradycja","article_published_time":"2023-04-06T13:11:48+00:00","article_modified_time":"2024-01-09T18:55:57+00:00","og_image":[{"width":1920,"height":1080,"url":"https:\/\/retradycja.eu\/wp-content\/uploads\/2023\/04\/stronka-08.png","type":"image\/png"}],"author":"Ma\u0142gorzata","twitter_card":"summary_large_image","twitter_misc":{"Napisane przez":"Ma\u0142gorzata","Szacowany czas czytania":"1 minuta"},"schema":{"@context":"https:\/\/schema.org","@graph":[{"@type":"Article","@id":"https:\/\/retradycja.eu\/pl\/wesolych-swiat-wielkanocnych\/#article","isPartOf":{"@id":"https:\/\/retradycja.eu\/pl\/wesolych-swiat-wielkanocnych\/"},"author":{"name":"Ma\u0142gorzata","@id":"https:\/\/retradycja.eu\/pl\/#\/schema\/person\/fd205a687bde7f36f7900874fe9c96c0"},"headline":"Weso\u0142ych \u015bwi\u0105t Wielkanocnych!","datePublished":"2023-04-06T13:11:48+00:00","dateModified":"2024-01-09T18:55:57+00:00","mainEntityOfPage":{"@id":"https:\/\/retradycja.eu\/pl\/wesolych-swiat-wielkanocnych\/"},"wordCount":147,"publisher":{"@id":"https:\/\/retradycja.eu\/pl\/#organization"},"image":{"@id":"https:\/\/retradycja.eu\/pl\/wesolych-swiat-wielkanocnych\/#primaryimage"},"thumbnailUrl":"https:\/\/retradycja.eu\/wp-content\/uploads\/2023\/04\/stronka-08.png","inLanguage":"pl-PL"},{"@type":"WebPage","@id":"https:\/\/retradycja.eu\/pl\/wesolych-swiat-wielkanocnych\/","url":"https:\/\/retradycja.eu\/pl\/wesolych-swiat-wielkanocnych\/","name":"Weso\u0142ych \u015bwi\u0105t Wielkanocnych","isPartOf":{"@id":"https:\/\/retradycja.eu\/pl\/#website"},"primaryImageOfPage":{"@id":"https:\/\/retradycja.eu\/pl\/wesolych-swiat-wielkanocnych\/#primaryimage"},"image":{"@id":"https:\/\/retradycja.eu\/pl\/wesolych-swiat-wielkanocnych\/#primaryimage"},"thumbnailUrl":"https:\/\/retradycja.eu\/wp-content\/uploads\/2023\/04\/stronka-08.png","datePublished":"2023-04-06T13:11:48+00:00","dateModified":"2024-01-09T18:55:57+00:00","description":"Weso\u0142ych \u015bwi\u0105t Wielkanocnych \u017cyczy zesp\u00f3\u0142 Warsztat\u00f3w Kultury w Lublinie.","breadcrumb":{"@id":"https:\/\/retradycja.eu\/pl\/wesolych-swiat-wielkanocnych\/#breadcrumb"},"inLanguage":"pl-PL","potentialAction":[{"@type":"ReadAction","target":["https:\/\/retradycja.eu\/pl\/wesolych-swiat-wielkanocnych\/"]}]},{"@type":"ImageObject","inLanguage":"pl-PL","@id":"https:\/\/retradycja.eu\/pl\/wesolych-swiat-wielkanocnych\/#primaryimage","url":"https:\/\/retradycja.eu\/wp-content\/uploads\/2023\/04\/stronka-08.png","contentUrl":"https:\/\/retradycja.eu\/wp-content\/uploads\/2023\/04\/stronka-08.png","width":1920,"height":1080,"caption":"Kartka Wielkanocna z napisem: Weso\u0142ego Alleluja!"},{"@type":"BreadcrumbList","@id":"https:\/\/retradycja.eu\/pl\/wesolych-swiat-wielkanocnych\/#breadcrumb","itemListElement":[{"@type":"ListItem","position":1,"name":"Strona g\u0142\u00f3wna","item":"https:\/\/retradycja.eu\/pl\/"},{"@type":"ListItem","position":2,"name":"Weso\u0142ych \u015bwi\u0105t Wielkanocnych!"}]},{"@type":"WebSite","@id":"https:\/\/retradycja.eu\/pl\/#website","url":"https:\/\/retradycja.eu\/pl\/","name":"Festiwal Re:tradycja - Jarmark Jagiello\u0144ski","description":" Lublin, Stare Miasto","publisher":{"@id":"https:\/\/retradycja.eu\/pl\/#organization"},"potentialAction":[{"@type":"SearchAction","target":{"@type":"EntryPoint","urlTemplate":"https:\/\/retradycja.eu\/pl\/?s={search_term_string}"},"query-input":"required name=search_term_string"}],"inLanguage":"pl-PL"},{"@type":"Organization","@id":"https:\/\/retradycja.eu\/pl\/#organization","name":"Warsztaty Kultury w Lublinie","url":"https:\/\/retradycja.eu\/pl\/","logo":{"@type":"ImageObject","inLanguage":"pl-PL","@id":"https:\/\/retradycja.eu\/pl\/#\/schema\/logo\/image\/","url":"https:\/\/retradycja.eu\/wp-content\/uploads\/2022\/06\/logo_retradycje-01.png","contentUrl":"https:\/\/retradycja.eu\/wp-content\/uploads\/2022\/06\/logo_retradycje-01.png","width":332,"height":63,"caption":"Warsztaty Kultury w Lublinie"},"image":{"@id":"https:\/\/retradycja.eu\/pl\/#\/schema\/logo\/image\/"},"sameAs":["https:\/\/www.facebook.com\/retradycja","https:\/\/www.instagram.com\/retradycja_jarmarkjagiellonski\/","https:\/\/www.youtube.com\/user\/JarmarkJagiellonski"]},{"@type":"Person","@id":"https:\/\/retradycja.eu\/pl\/#\/schema\/person\/fd205a687bde7f36f7900874fe9c96c0","name":"Ma\u0142gorzata","image":{"@type":"ImageObject","inLanguage":"pl-PL","@id":"https:\/\/retradycja.eu\/pl\/#\/schema\/person\/image\/","url":"https:\/\/secure.gravatar.com\/avatar\/c2f84c05c7c04cc536472b6e15a984f4?s=96&d=mm&r=g","contentUrl":"https:\/\/secure.gravatar.com\/avatar\/c2f84c05c7c04cc536472b6e15a984f4?s=96&d=mm&r=g","caption":"Ma\u0142gorzata"}}]}},"_links":{"self":[{"href":"https:\/\/retradycja.eu\/pl\/wp-json\/wp\/v2\/posts\/50165"}],"collection":[{"href":"https:\/\/retradycja.eu\/pl\/wp-json\/wp\/v2\/posts"}],"about":[{"href":"https:\/\/retradycja.eu\/pl\/wp-json\/wp\/v2\/types\/post"}],"author":[{"embeddable":true,"href":"https:\/\/retradycja.eu\/pl\/wp-json\/wp\/v2\/users\/5"}],"replies":[{"embeddable":true,"href":"https:\/\/retradycja.eu\/pl\/wp-json\/wp\/v2\/comments?post=50165"}],"version-history":[{"count":2,"href":"https:\/\/retradycja.eu\/pl\/wp-json\/wp\/v2\/posts\/50165\/revisions"}],"predecessor-version":[{"id":50170,"href":"https:\/\/retradycja.eu\/pl\/wp-json\/wp\/v2\/posts\/50165\/revisions\/50170"}],"wp:featuredmedia":[{"embeddable":true,"href":"https:\/\/retradycja.eu\/pl\/wp-json\/wp\/v2\/media\/50166"}],"wp:attachment":[{"href":"https:\/\/retradycja.eu\/pl\/wp-json\/wp\/v2\/media?parent=50165"}],"wp:term":[{"taxonomy":"category","embeddable":true,"href":"https:\/\/retradycja.eu\/pl\/wp-json\/wp\/v2\/categories?post=50165"},{"taxonomy":"post_tag","embeddable":true,"href":"https:\/\/retradycja.eu\/pl\/wp-json\/wp\/v2\/tags?post=50165"}],"curies":[{"name":"wp","href":"https:\/\/api.w.org\/{rel}","templated":true}]}}