{"id":41272,"date":"2021-08-23T12:58:10","date_gmt":"2021-08-23T10:58:10","guid":{"rendered":"https:\/\/retradycja.eu\/?p=41272"},"modified":"2024-01-09T19:57:15","modified_gmt":"2024-01-09T18:57:15","slug":"dzikujemy-ze-byliscie-z-nami","status":"publish","type":"post","link":"https:\/\/retradycja.eu\/pl\/dzikujemy-ze-byliscie-z-nami\/","title":{"rendered":"Dzi\u0119kujemy, \u017ce byli\u015bcie z nami!"},"content":{"rendered":"<div class=\"fusion-fullwidth fullwidth-box fusion-builder-row-1 fusion-flex-container nonhundred-percent-fullwidth non-hundred-percent-height-scrolling\" style=\"--awb-border-radius-top-left:0px;--awb-border-radius-top-right:0px;--awb-border-radius-bottom-right:0px;--awb-border-radius-bottom-left:0px;--awb-flex-wrap:wrap;\" ><div class=\"fusion-builder-row fusion-row fusion-flex-align-items-flex-start fusion-flex-content-wrap\" style=\"max-width:calc( 1920px + 0px );margin-left: calc(-0px \/ 2 );margin-right: calc(-0px \/ 2 );\"><div class=\"fusion-layout-column fusion_builder_column fusion-builder-column-0 fusion_builder_column_1_1 1_1 fusion-flex-column\" style=\"--awb-bg-size:cover;--awb-width-large:100%;--awb-margin-top-large:0px;--awb-spacing-right-large:0px;--awb-margin-bottom-large:0px;--awb-spacing-left-large:0px;--awb-width-medium:100%;--awb-spacing-right-medium:0px;--awb-spacing-left-medium:0px;--awb-width-small:100%;--awb-spacing-right-small:0px;--awb-spacing-left-small:0px;\"><div class=\"fusion-column-wrapper fusion-flex-justify-content-flex-start fusion-content-layout-column\"><div class=\"fusion-text fusion-text-1\"><p>XV Jarmark Jagiello\u0144ski za nami! Z ca\u0142ego serca dzi\u0119kujemy wszystkim, kt\u00f3rzy odwiedzili lubelskie Stare Miasto, ale tak\u017ce tym, kt\u00f3rzy kibicowali nam z oddali, nie mog\u0105c by\u0107 w tym roku z nami. W obu przypadkach \u017cyczymy, sobie i Wam, kolejnego spotkania w przysz\u0142ym roku i smakowania kultury tradycyjnej w jej najpi\u0119kniejszych ods\u0142onach!<\/p>\n<p>Dzi\u0119kujemy tak\u017ce naszym wspania\u0142ym rzemie\u015blnikom, kt\u00f3rzy swoim kunsztem i talentem wype\u0142nili jarmarkowe stragany. Dzi\u0119kujemy wszystkim zespo\u0142om i muzykom, kt\u00f3rych melodie pop\u0142yn\u0119\u0142y z festiwalowych scen. Dzi\u0119kujemy wolontariuszom, kt\u00f3rzy jak co roku t\u0142umnie zaanga\u017cowali si\u0119 w pomoc przy wydarzeniach. I wreszcie &#8211; dzi\u0119kujemy i k\u0142aniamy si\u0119 w pas prowadz\u0105cym spotkania i warsztaty &#8211; Wasza wiedza i pasja zapiera dech w piersiach!<\/p>\n<p>Do rych\u0142ego zobaczenia!<\/p>\n<\/div><\/div><\/div><\/div><\/div>\n","protected":false},"excerpt":{"rendered":"","protected":false},"author":5,"featured_media":41253,"comment_status":"closed","ping_status":"closed","sticky":false,"template":"","format":"standard","meta":{"_acf_changed":false,"ngg_post_thumbnail":0,"footnotes":""},"categories":[1],"tags":[],"acf":[],"yoast_head":"<!-- This site is optimized with the Yoast SEO plugin v22.2 - https:\/\/yoast.com\/wordpress\/plugins\/seo\/ -->\n<title>Dzi\u0119kujemy, \u017ce byli\u015bcie z nami! - Festiwal Re:tradycja - Jarmark Jagiello\u0144ski<\/title>\n<meta name=\"robots\" content=\"index, follow, max-snippet:-1, max-image-preview:large, max-video-preview:-1\" \/>\n<link rel=\"canonical\" href=\"https:\/\/retradycja.eu\/pl\/dzikujemy-ze-byliscie-z-nami\/\" \/>\n<meta property=\"og:locale\" content=\"pl_PL\" \/>\n<meta property=\"og:type\" content=\"article\" \/>\n<meta property=\"og:title\" content=\"Dzi\u0119kujemy, \u017ce byli\u015bcie z nami! - Festiwal Re:tradycja - Jarmark Jagiello\u0144ski\" \/>\n<meta property=\"og:url\" content=\"https:\/\/retradycja.eu\/pl\/dzikujemy-ze-byliscie-z-nami\/\" \/>\n<meta property=\"og:site_name\" content=\"Festiwal Re:tradycja - Jarmark Jagiello\u0144ski\" \/>\n<meta property=\"article:publisher\" content=\"https:\/\/www.facebook.com\/retradycja\" \/>\n<meta property=\"article:published_time\" content=\"2021-08-23T10:58:10+00:00\" \/>\n<meta property=\"article:modified_time\" content=\"2024-01-09T18:57:15+00:00\" \/>\n<meta property=\"og:image\" content=\"https:\/\/retradycja.eu\/wp-content\/uploads\/2021\/08\/fot.-Katarzyna-Motek-39.jpg\" \/>\n\t<meta property=\"og:image:width\" content=\"1920\" \/>\n\t<meta property=\"og:image:height\" content=\"1282\" \/>\n\t<meta property=\"og:image:type\" content=\"image\/jpeg\" \/>\n<meta name=\"author\" content=\"Ma\u0142gorzata\" \/>\n<meta name=\"twitter:card\" content=\"summary_large_image\" \/>\n<meta name=\"twitter:label1\" content=\"Napisane przez\" \/>\n\t<meta name=\"twitter:data1\" content=\"Ma\u0142gorzata\" \/>\n\t<meta name=\"twitter:label2\" content=\"Szacowany czas czytania\" \/>\n\t<meta name=\"twitter:data2\" content=\"1 minuta\" \/>\n<script type=\"application\/ld+json\" class=\"yoast-schema-graph\">{\"@context\":\"https:\/\/schema.org\",\"@graph\":[{\"@type\":\"Article\",\"@id\":\"https:\/\/retradycja.eu\/pl\/dzikujemy-ze-byliscie-z-nami\/#article\",\"isPartOf\":{\"@id\":\"https:\/\/retradycja.eu\/pl\/dzikujemy-ze-byliscie-z-nami\/\"},\"author\":{\"name\":\"Ma\u0142gorzata\",\"@id\":\"https:\/\/retradycja.eu\/pl\/#\/schema\/person\/fd205a687bde7f36f7900874fe9c96c0\"},\"headline\":\"Dzi\u0119kujemy, \u017ce byli\u015bcie z nami!\",\"datePublished\":\"2021-08-23T10:58:10+00:00\",\"dateModified\":\"2024-01-09T18:57:15+00:00\",\"mainEntityOfPage\":{\"@id\":\"https:\/\/retradycja.eu\/pl\/dzikujemy-ze-byliscie-z-nami\/\"},\"wordCount\":281,\"publisher\":{\"@id\":\"https:\/\/retradycja.eu\/pl\/#organization\"},\"image\":{\"@id\":\"https:\/\/retradycja.eu\/pl\/dzikujemy-ze-byliscie-z-nami\/#primaryimage\"},\"thumbnailUrl\":\"https:\/\/retradycja.eu\/wp-content\/uploads\/2021\/08\/fot.-Katarzyna-Motek-39.jpg\",\"inLanguage\":\"pl-PL\"},{\"@type\":\"WebPage\",\"@id\":\"https:\/\/retradycja.eu\/pl\/dzikujemy-ze-byliscie-z-nami\/\",\"url\":\"https:\/\/retradycja.eu\/pl\/dzikujemy-ze-byliscie-z-nami\/\",\"name\":\"Dzi\u0119kujemy, \u017ce byli\u015bcie z nami! - Festiwal Re:tradycja - Jarmark Jagiello\u0144ski\",\"isPartOf\":{\"@id\":\"https:\/\/retradycja.eu\/pl\/#website\"},\"primaryImageOfPage\":{\"@id\":\"https:\/\/retradycja.eu\/pl\/dzikujemy-ze-byliscie-z-nami\/#primaryimage\"},\"image\":{\"@id\":\"https:\/\/retradycja.eu\/pl\/dzikujemy-ze-byliscie-z-nami\/#primaryimage\"},\"thumbnailUrl\":\"https:\/\/retradycja.eu\/wp-content\/uploads\/2021\/08\/fot.-Katarzyna-Motek-39.jpg\",\"datePublished\":\"2021-08-23T10:58:10+00:00\",\"dateModified\":\"2024-01-09T18:57:15+00:00\",\"breadcrumb\":{\"@id\":\"https:\/\/retradycja.eu\/pl\/dzikujemy-ze-byliscie-z-nami\/#breadcrumb\"},\"inLanguage\":\"pl-PL\",\"potentialAction\":[{\"@type\":\"ReadAction\",\"target\":[\"https:\/\/retradycja.eu\/pl\/dzikujemy-ze-byliscie-z-nami\/\"]}]},{\"@type\":\"ImageObject\",\"inLanguage\":\"pl-PL\",\"@id\":\"https:\/\/retradycja.eu\/pl\/dzikujemy-ze-byliscie-z-nami\/#primaryimage\",\"url\":\"https:\/\/retradycja.eu\/wp-content\/uploads\/2021\/08\/fot.-Katarzyna-Motek-39.jpg\",\"contentUrl\":\"https:\/\/retradycja.eu\/wp-content\/uploads\/2021\/08\/fot.-Katarzyna-Motek-39.jpg\",\"width\":1920,\"height\":1282,\"caption\":\"Scena z oddali. Widzowie nagrywaj\u0105 koncert.\"},{\"@type\":\"BreadcrumbList\",\"@id\":\"https:\/\/retradycja.eu\/pl\/dzikujemy-ze-byliscie-z-nami\/#breadcrumb\",\"itemListElement\":[{\"@type\":\"ListItem\",\"position\":1,\"name\":\"Strona g\u0142\u00f3wna\",\"item\":\"https:\/\/retradycja.eu\/pl\/\"},{\"@type\":\"ListItem\",\"position\":2,\"name\":\"Dzi\u0119kujemy, \u017ce byli\u015bcie z nami!\"}]},{\"@type\":\"WebSite\",\"@id\":\"https:\/\/retradycja.eu\/pl\/#website\",\"url\":\"https:\/\/retradycja.eu\/pl\/\",\"name\":\"Festiwal Re:tradycja - Jarmark Jagiello\u0144ski\",\"description\":\" Lublin, Stare Miasto\",\"publisher\":{\"@id\":\"https:\/\/retradycja.eu\/pl\/#organization\"},\"potentialAction\":[{\"@type\":\"SearchAction\",\"target\":{\"@type\":\"EntryPoint\",\"urlTemplate\":\"https:\/\/retradycja.eu\/pl\/?s={search_term_string}\"},\"query-input\":\"required name=search_term_string\"}],\"inLanguage\":\"pl-PL\"},{\"@type\":\"Organization\",\"@id\":\"https:\/\/retradycja.eu\/pl\/#organization\",\"name\":\"Warsztaty Kultury w Lublinie\",\"url\":\"https:\/\/retradycja.eu\/pl\/\",\"logo\":{\"@type\":\"ImageObject\",\"inLanguage\":\"pl-PL\",\"@id\":\"https:\/\/retradycja.eu\/pl\/#\/schema\/logo\/image\/\",\"url\":\"https:\/\/retradycja.eu\/wp-content\/uploads\/2022\/06\/logo_retradycje-01.png\",\"contentUrl\":\"https:\/\/retradycja.eu\/wp-content\/uploads\/2022\/06\/logo_retradycje-01.png\",\"width\":332,\"height\":63,\"caption\":\"Warsztaty Kultury w Lublinie\"},\"image\":{\"@id\":\"https:\/\/retradycja.eu\/pl\/#\/schema\/logo\/image\/\"},\"sameAs\":[\"https:\/\/www.facebook.com\/retradycja\",\"https:\/\/www.instagram.com\/retradycja_jarmarkjagiellonski\/\",\"https:\/\/www.youtube.com\/user\/JarmarkJagiellonski\"]},{\"@type\":\"Person\",\"@id\":\"https:\/\/retradycja.eu\/pl\/#\/schema\/person\/fd205a687bde7f36f7900874fe9c96c0\",\"name\":\"Ma\u0142gorzata\",\"image\":{\"@type\":\"ImageObject\",\"inLanguage\":\"pl-PL\",\"@id\":\"https:\/\/retradycja.eu\/pl\/#\/schema\/person\/image\/\",\"url\":\"https:\/\/secure.gravatar.com\/avatar\/c2f84c05c7c04cc536472b6e15a984f4?s=96&d=mm&r=g\",\"contentUrl\":\"https:\/\/secure.gravatar.com\/avatar\/c2f84c05c7c04cc536472b6e15a984f4?s=96&d=mm&r=g\",\"caption\":\"Ma\u0142gorzata\"}}]}<\/script>\n<!-- \/ Yoast SEO plugin. -->","yoast_head_json":{"title":"Dzi\u0119kujemy, \u017ce byli\u015bcie z nami! - Festiwal Re:tradycja - Jarmark Jagiello\u0144ski","robots":{"index":"index","follow":"follow","max-snippet":"max-snippet:-1","max-image-preview":"max-image-preview:large","max-video-preview":"max-video-preview:-1"},"canonical":"https:\/\/retradycja.eu\/pl\/dzikujemy-ze-byliscie-z-nami\/","og_locale":"pl_PL","og_type":"article","og_title":"Dzi\u0119kujemy, \u017ce byli\u015bcie z nami! - Festiwal Re:tradycja - Jarmark Jagiello\u0144ski","og_url":"https:\/\/retradycja.eu\/pl\/dzikujemy-ze-byliscie-z-nami\/","og_site_name":"Festiwal Re:tradycja - Jarmark Jagiello\u0144ski","article_publisher":"https:\/\/www.facebook.com\/retradycja","article_published_time":"2021-08-23T10:58:10+00:00","article_modified_time":"2024-01-09T18:57:15+00:00","og_image":[{"width":1920,"height":1282,"url":"https:\/\/retradycja.eu\/wp-content\/uploads\/2021\/08\/fot.-Katarzyna-Motek-39.jpg","type":"image\/jpeg"}],"author":"Ma\u0142gorzata","twitter_card":"summary_large_image","twitter_misc":{"Napisane przez":"Ma\u0142gorzata","Szacowany czas czytania":"1 minuta"},"schema":{"@context":"https:\/\/schema.org","@graph":[{"@type":"Article","@id":"https:\/\/retradycja.eu\/pl\/dzikujemy-ze-byliscie-z-nami\/#article","isPartOf":{"@id":"https:\/\/retradycja.eu\/pl\/dzikujemy-ze-byliscie-z-nami\/"},"author":{"name":"Ma\u0142gorzata","@id":"https:\/\/retradycja.eu\/pl\/#\/schema\/person\/fd205a687bde7f36f7900874fe9c96c0"},"headline":"Dzi\u0119kujemy, \u017ce byli\u015bcie z nami!","datePublished":"2021-08-23T10:58:10+00:00","dateModified":"2024-01-09T18:57:15+00:00","mainEntityOfPage":{"@id":"https:\/\/retradycja.eu\/pl\/dzikujemy-ze-byliscie-z-nami\/"},"wordCount":281,"publisher":{"@id":"https:\/\/retradycja.eu\/pl\/#organization"},"image":{"@id":"https:\/\/retradycja.eu\/pl\/dzikujemy-ze-byliscie-z-nami\/#primaryimage"},"thumbnailUrl":"https:\/\/retradycja.eu\/wp-content\/uploads\/2021\/08\/fot.-Katarzyna-Motek-39.jpg","inLanguage":"pl-PL"},{"@type":"WebPage","@id":"https:\/\/retradycja.eu\/pl\/dzikujemy-ze-byliscie-z-nami\/","url":"https:\/\/retradycja.eu\/pl\/dzikujemy-ze-byliscie-z-nami\/","name":"Dzi\u0119kujemy, \u017ce byli\u015bcie z nami! - Festiwal Re:tradycja - Jarmark Jagiello\u0144ski","isPartOf":{"@id":"https:\/\/retradycja.eu\/pl\/#website"},"primaryImageOfPage":{"@id":"https:\/\/retradycja.eu\/pl\/dzikujemy-ze-byliscie-z-nami\/#primaryimage"},"image":{"@id":"https:\/\/retradycja.eu\/pl\/dzikujemy-ze-byliscie-z-nami\/#primaryimage"},"thumbnailUrl":"https:\/\/retradycja.eu\/wp-content\/uploads\/2021\/08\/fot.-Katarzyna-Motek-39.jpg","datePublished":"2021-08-23T10:58:10+00:00","dateModified":"2024-01-09T18:57:15+00:00","breadcrumb":{"@id":"https:\/\/retradycja.eu\/pl\/dzikujemy-ze-byliscie-z-nami\/#breadcrumb"},"inLanguage":"pl-PL","potentialAction":[{"@type":"ReadAction","target":["https:\/\/retradycja.eu\/pl\/dzikujemy-ze-byliscie-z-nami\/"]}]},{"@type":"ImageObject","inLanguage":"pl-PL","@id":"https:\/\/retradycja.eu\/pl\/dzikujemy-ze-byliscie-z-nami\/#primaryimage","url":"https:\/\/retradycja.eu\/wp-content\/uploads\/2021\/08\/fot.-Katarzyna-Motek-39.jpg","contentUrl":"https:\/\/retradycja.eu\/wp-content\/uploads\/2021\/08\/fot.-Katarzyna-Motek-39.jpg","width":1920,"height":1282,"caption":"Scena z oddali. Widzowie nagrywaj\u0105 koncert."},{"@type":"BreadcrumbList","@id":"https:\/\/retradycja.eu\/pl\/dzikujemy-ze-byliscie-z-nami\/#breadcrumb","itemListElement":[{"@type":"ListItem","position":1,"name":"Strona g\u0142\u00f3wna","item":"https:\/\/retradycja.eu\/pl\/"},{"@type":"ListItem","position":2,"name":"Dzi\u0119kujemy, \u017ce byli\u015bcie z nami!"}]},{"@type":"WebSite","@id":"https:\/\/retradycja.eu\/pl\/#website","url":"https:\/\/retradycja.eu\/pl\/","name":"Festiwal Re:tradycja - Jarmark Jagiello\u0144ski","description":" Lublin, Stare Miasto","publisher":{"@id":"https:\/\/retradycja.eu\/pl\/#organization"},"potentialAction":[{"@type":"SearchAction","target":{"@type":"EntryPoint","urlTemplate":"https:\/\/retradycja.eu\/pl\/?s={search_term_string}"},"query-input":"required name=search_term_string"}],"inLanguage":"pl-PL"},{"@type":"Organization","@id":"https:\/\/retradycja.eu\/pl\/#organization","name":"Warsztaty Kultury w Lublinie","url":"https:\/\/retradycja.eu\/pl\/","logo":{"@type":"ImageObject","inLanguage":"pl-PL","@id":"https:\/\/retradycja.eu\/pl\/#\/schema\/logo\/image\/","url":"https:\/\/retradycja.eu\/wp-content\/uploads\/2022\/06\/logo_retradycje-01.png","contentUrl":"https:\/\/retradycja.eu\/wp-content\/uploads\/2022\/06\/logo_retradycje-01.png","width":332,"height":63,"caption":"Warsztaty Kultury w Lublinie"},"image":{"@id":"https:\/\/retradycja.eu\/pl\/#\/schema\/logo\/image\/"},"sameAs":["https:\/\/www.facebook.com\/retradycja","https:\/\/www.instagram.com\/retradycja_jarmarkjagiellonski\/","https:\/\/www.youtube.com\/user\/JarmarkJagiellonski"]},{"@type":"Person","@id":"https:\/\/retradycja.eu\/pl\/#\/schema\/person\/fd205a687bde7f36f7900874fe9c96c0","name":"Ma\u0142gorzata","image":{"@type":"ImageObject","inLanguage":"pl-PL","@id":"https:\/\/retradycja.eu\/pl\/#\/schema\/person\/image\/","url":"https:\/\/secure.gravatar.com\/avatar\/c2f84c05c7c04cc536472b6e15a984f4?s=96&d=mm&r=g","contentUrl":"https:\/\/secure.gravatar.com\/avatar\/c2f84c05c7c04cc536472b6e15a984f4?s=96&d=mm&r=g","caption":"Ma\u0142gorzata"}}]}},"_links":{"self":[{"href":"https:\/\/retradycja.eu\/pl\/wp-json\/wp\/v2\/posts\/41272"}],"collection":[{"href":"https:\/\/retradycja.eu\/pl\/wp-json\/wp\/v2\/posts"}],"about":[{"href":"https:\/\/retradycja.eu\/pl\/wp-json\/wp\/v2\/types\/post"}],"author":[{"embeddable":true,"href":"https:\/\/retradycja.eu\/pl\/wp-json\/wp\/v2\/users\/5"}],"replies":[{"embeddable":true,"href":"https:\/\/retradycja.eu\/pl\/wp-json\/wp\/v2\/comments?post=41272"}],"version-history":[{"count":2,"href":"https:\/\/retradycja.eu\/pl\/wp-json\/wp\/v2\/posts\/41272\/revisions"}],"predecessor-version":[{"id":41276,"href":"https:\/\/retradycja.eu\/pl\/wp-json\/wp\/v2\/posts\/41272\/revisions\/41276"}],"wp:featuredmedia":[{"embeddable":true,"href":"https:\/\/retradycja.eu\/pl\/wp-json\/wp\/v2\/media\/41253"}],"wp:attachment":[{"href":"https:\/\/retradycja.eu\/pl\/wp-json\/wp\/v2\/media?parent=41272"}],"wp:term":[{"taxonomy":"category","embeddable":true,"href":"https:\/\/retradycja.eu\/pl\/wp-json\/wp\/v2\/categories?post=41272"},{"taxonomy":"post_tag","embeddable":true,"href":"https:\/\/retradycja.eu\/pl\/wp-json\/wp\/v2\/tags?post=41272"}],"curies":[{"name":"wp","href":"https:\/\/api.w.org\/{rel}","templated":true}]}}