{"id":39952,"date":"2021-04-28T11:00:40","date_gmt":"2021-04-28T09:00:40","guid":{"rendered":"https:\/\/retradycja.eu\/?p=39952"},"modified":"2024-01-09T19:58:02","modified_gmt":"2024-01-09T18:58:02","slug":"data-jarmarku-jagiellonskiego","status":"publish","type":"post","link":"https:\/\/retradycja.eu\/pl\/data-jarmarku-jagiellonskiego\/","title":{"rendered":"Znamy dat\u0119 Jarmarku Jagiello\u0144skiego!"},"content":{"rendered":"<div class=\"fusion-fullwidth fullwidth-box fusion-builder-row-1 fusion-flex-container nonhundred-percent-fullwidth non-hundred-percent-height-scrolling\" style=\"--awb-border-radius-top-left:0px;--awb-border-radius-top-right:0px;--awb-border-radius-bottom-right:0px;--awb-border-radius-bottom-left:0px;--awb-flex-wrap:wrap;\" ><div class=\"fusion-builder-row fusion-row fusion-flex-align-items-flex-start fusion-flex-content-wrap\" style=\"max-width:calc( 1920px + 0px );margin-left: calc(-0px \/ 2 );margin-right: calc(-0px \/ 2 );\"><div class=\"fusion-layout-column fusion_builder_column fusion-builder-column-0 fusion_builder_column_1_1 1_1 fusion-flex-column\" style=\"--awb-bg-size:cover;--awb-width-large:100%;--awb-margin-top-large:0px;--awb-spacing-right-large:0px;--awb-margin-bottom-large:0px;--awb-spacing-left-large:0px;--awb-width-medium:100%;--awb-spacing-right-medium:0px;--awb-spacing-left-medium:0px;--awb-width-small:100%;--awb-spacing-right-small:0px;--awb-spacing-left-small:0px;\"><div class=\"fusion-column-wrapper fusion-flex-justify-content-flex-start fusion-content-layout-column\"><div class=\"fusion-text fusion-text-1\"><p><span style=\"background-color: rgba(255, 255, 255, 0); color: var(--body_typography-color); font-family: var(--body_typography-font-family); font-size: var(--body_typography-font-size); font-style: var(--body_typography-font-style,normal); letter-spacing: var(--body_typography-letter-spacing);\"><b>Zbli\u017ca si\u0119 lato a wraz z nim nadzieja na festiwale. Warsztaty Kultury pe\u0142n\u0105 par\u0105 pracuj\u0105 nad tegorocznym Jarmarkiem Jagiello\u0144skim, tak, aby jak co roku cieszy\u0142 mieszka\u0144c\u00f3w Lublina swoim niepowtarzalnym programem. Oczywi\u015bcie zosta\u0142y one pomy\u015blane tak, aby zapewni\u0107 wszystkim bezpiecze\u0144stwo zwi\u0105zane z trwaj\u0105c\u0105 nadal pandemi\u0105. Wkr\u00f3tce wi\u0119cej informacji.<\/b><\/span><\/p>\n<p><span style=\"background-color: rgba(255, 255, 255, 0); color: var(--body_typography-color); font-family: var(--body_typography-font-family); font-size: var(--body_typography-font-size); font-style: var(--body_typography-font-style,normal); font-weight: var(--body_typography-font-weight); letter-spacing: var(--body_typography-letter-spacing);\">Jarmark Jagiello\u0144ski<\/span><\/p>\n<p>20-22 sierpnia 2021, Lublin \u2013 Stare Miasto, B\u0142onia pod Zamkiem<\/p>\n<p>udzia\u0142 bezp\u0142atny<\/p>\n<p>Spotkajmy si\u0119 w przyjaznej, bezpiecznej przestrzeni!<\/p>\n<hr>\n<p>Zapraszamy te\u017c na:&nbsp;<\/p>\n<p><a href=\"https:\/\/nockultury.pl\/\"><b>Noc Kultury<\/b><\/a><\/p>\n<p>4 czerwca \u2013 21 lipca 2021, Lublin \u2013 Stare Miasto i \u015ar\u00f3dmie\u015bcie<\/p>\n<p>udzia\u0142 bezp\u0142atny<\/p>\n<p><a href=\"https:\/\/innebrzmienia.eu\/\"><b>Wsch\u00f3d Kultury \u2013 Inne Brzmienia<\/b><\/a><\/p>\n<p>24-27 czerwca 2021, Lublin \u2013 B\u0142onia pod Zamkiem i Stare Miasto<\/p>\n<p>udzia\u0142 bezp\u0142atny<\/p>\n<p><a href=\"https:\/\/sztukmistrze.eu\/\"><b>Carnaval Sztukmistrz\u00f3w i Urban Highline Festival<\/b><\/a><\/p>\n<p>22-25 lipca 2021 \u2013 Stare Miasto, \u015ar\u00f3dmie\u015bcie i B\u0142onia pod Zamkiem<\/p>\n<p>udzia\u0142 bezp\u0142atny \/ wybrane wydarzenia biletowane<\/p>\n<\/div><\/div><\/div><\/div><\/div>\n","protected":false},"excerpt":{"rendered":"","protected":false},"author":5,"featured_media":39962,"comment_status":"closed","ping_status":"closed","sticky":false,"template":"","format":"standard","meta":{"_acf_changed":false,"ngg_post_thumbnail":0,"footnotes":""},"categories":[1],"tags":[],"acf":[],"yoast_head":"<!-- This site is optimized with the Yoast SEO plugin v22.2 - https:\/\/yoast.com\/wordpress\/plugins\/seo\/ -->\n<title>Znamy dat\u0119 Jarmarku Jagiello\u0144skiego! - Festiwal Re:tradycja - Jarmark Jagiello\u0144ski<\/title>\n<meta name=\"robots\" content=\"index, follow, max-snippet:-1, max-image-preview:large, max-video-preview:-1\" \/>\n<link rel=\"canonical\" href=\"https:\/\/retradycja.eu\/pl\/data-jarmarku-jagiellonskiego\/\" \/>\n<meta property=\"og:locale\" content=\"pl_PL\" \/>\n<meta property=\"og:type\" content=\"article\" \/>\n<meta property=\"og:title\" content=\"Znamy dat\u0119 Jarmarku Jagiello\u0144skiego! - Festiwal Re:tradycja - Jarmark Jagiello\u0144ski\" \/>\n<meta property=\"og:url\" content=\"https:\/\/retradycja.eu\/pl\/data-jarmarku-jagiellonskiego\/\" \/>\n<meta property=\"og:site_name\" content=\"Festiwal Re:tradycja - Jarmark Jagiello\u0144ski\" \/>\n<meta property=\"article:publisher\" content=\"https:\/\/www.facebook.com\/retradycja\" \/>\n<meta property=\"article:published_time\" content=\"2021-04-28T09:00:40+00:00\" \/>\n<meta property=\"article:modified_time\" content=\"2024-01-09T18:58:02+00:00\" \/>\n<meta property=\"og:image\" content=\"https:\/\/retradycja.eu\/wp-content\/uploads\/2021\/04\/jj-hd-1.jpg\" \/>\n\t<meta property=\"og:image:width\" content=\"1920\" \/>\n\t<meta property=\"og:image:height\" content=\"1080\" \/>\n\t<meta property=\"og:image:type\" content=\"image\/jpeg\" \/>\n<meta name=\"author\" content=\"Ma\u0142gorzata\" \/>\n<meta name=\"twitter:card\" content=\"summary_large_image\" \/>\n<meta name=\"twitter:label1\" content=\"Napisane przez\" \/>\n\t<meta name=\"twitter:data1\" content=\"Ma\u0142gorzata\" \/>\n\t<meta name=\"twitter:label2\" content=\"Szacowany czas czytania\" \/>\n\t<meta name=\"twitter:data2\" content=\"2 minuty\" \/>\n<script type=\"application\/ld+json\" class=\"yoast-schema-graph\">{\"@context\":\"https:\/\/schema.org\",\"@graph\":[{\"@type\":\"Article\",\"@id\":\"https:\/\/retradycja.eu\/pl\/data-jarmarku-jagiellonskiego\/#article\",\"isPartOf\":{\"@id\":\"https:\/\/retradycja.eu\/pl\/data-jarmarku-jagiellonskiego\/\"},\"author\":{\"name\":\"Ma\u0142gorzata\",\"@id\":\"https:\/\/retradycja.eu\/pl\/#\/schema\/person\/fd205a687bde7f36f7900874fe9c96c0\"},\"headline\":\"Znamy dat\u0119 Jarmarku Jagiello\u0144skiego!\",\"datePublished\":\"2021-04-28T09:00:40+00:00\",\"dateModified\":\"2024-01-09T18:58:02+00:00\",\"mainEntityOfPage\":{\"@id\":\"https:\/\/retradycja.eu\/pl\/data-jarmarku-jagiellonskiego\/\"},\"wordCount\":339,\"publisher\":{\"@id\":\"https:\/\/retradycja.eu\/pl\/#organization\"},\"image\":{\"@id\":\"https:\/\/retradycja.eu\/pl\/data-jarmarku-jagiellonskiego\/#primaryimage\"},\"thumbnailUrl\":\"https:\/\/retradycja.eu\/wp-content\/uploads\/2021\/04\/jj-hd-1.jpg\",\"inLanguage\":\"pl-PL\"},{\"@type\":\"WebPage\",\"@id\":\"https:\/\/retradycja.eu\/pl\/data-jarmarku-jagiellonskiego\/\",\"url\":\"https:\/\/retradycja.eu\/pl\/data-jarmarku-jagiellonskiego\/\",\"name\":\"Znamy dat\u0119 Jarmarku Jagiello\u0144skiego! - Festiwal Re:tradycja - Jarmark Jagiello\u0144ski\",\"isPartOf\":{\"@id\":\"https:\/\/retradycja.eu\/pl\/#website\"},\"primaryImageOfPage\":{\"@id\":\"https:\/\/retradycja.eu\/pl\/data-jarmarku-jagiellonskiego\/#primaryimage\"},\"image\":{\"@id\":\"https:\/\/retradycja.eu\/pl\/data-jarmarku-jagiellonskiego\/#primaryimage\"},\"thumbnailUrl\":\"https:\/\/retradycja.eu\/wp-content\/uploads\/2021\/04\/jj-hd-1.jpg\",\"datePublished\":\"2021-04-28T09:00:40+00:00\",\"dateModified\":\"2024-01-09T18:58:02+00:00\",\"breadcrumb\":{\"@id\":\"https:\/\/retradycja.eu\/pl\/data-jarmarku-jagiellonskiego\/#breadcrumb\"},\"inLanguage\":\"pl-PL\",\"potentialAction\":[{\"@type\":\"ReadAction\",\"target\":[\"https:\/\/retradycja.eu\/pl\/data-jarmarku-jagiellonskiego\/\"]}]},{\"@type\":\"ImageObject\",\"inLanguage\":\"pl-PL\",\"@id\":\"https:\/\/retradycja.eu\/pl\/data-jarmarku-jagiellonskiego\/#primaryimage\",\"url\":\"https:\/\/retradycja.eu\/wp-content\/uploads\/2021\/04\/jj-hd-1.jpg\",\"contentUrl\":\"https:\/\/retradycja.eu\/wp-content\/uploads\/2021\/04\/jj-hd-1.jpg\",\"width\":1920,\"height\":1080,\"caption\":\"Grafika informuj\u0105ca, kiedy odb\u0119dzie si\u0119 Jarmark Jagiello\u0144ski 2021.\"},{\"@type\":\"BreadcrumbList\",\"@id\":\"https:\/\/retradycja.eu\/pl\/data-jarmarku-jagiellonskiego\/#breadcrumb\",\"itemListElement\":[{\"@type\":\"ListItem\",\"position\":1,\"name\":\"Strona g\u0142\u00f3wna\",\"item\":\"https:\/\/retradycja.eu\/pl\/\"},{\"@type\":\"ListItem\",\"position\":2,\"name\":\"Znamy dat\u0119 Jarmarku Jagiello\u0144skiego!\"}]},{\"@type\":\"WebSite\",\"@id\":\"https:\/\/retradycja.eu\/pl\/#website\",\"url\":\"https:\/\/retradycja.eu\/pl\/\",\"name\":\"Festiwal Re:tradycja - Jarmark Jagiello\u0144ski\",\"description\":\" Lublin, Stare Miasto\",\"publisher\":{\"@id\":\"https:\/\/retradycja.eu\/pl\/#organization\"},\"potentialAction\":[{\"@type\":\"SearchAction\",\"target\":{\"@type\":\"EntryPoint\",\"urlTemplate\":\"https:\/\/retradycja.eu\/pl\/?s={search_term_string}\"},\"query-input\":\"required name=search_term_string\"}],\"inLanguage\":\"pl-PL\"},{\"@type\":\"Organization\",\"@id\":\"https:\/\/retradycja.eu\/pl\/#organization\",\"name\":\"Warsztaty Kultury w Lublinie\",\"url\":\"https:\/\/retradycja.eu\/pl\/\",\"logo\":{\"@type\":\"ImageObject\",\"inLanguage\":\"pl-PL\",\"@id\":\"https:\/\/retradycja.eu\/pl\/#\/schema\/logo\/image\/\",\"url\":\"https:\/\/retradycja.eu\/wp-content\/uploads\/2022\/06\/logo_retradycje-01.png\",\"contentUrl\":\"https:\/\/retradycja.eu\/wp-content\/uploads\/2022\/06\/logo_retradycje-01.png\",\"width\":332,\"height\":63,\"caption\":\"Warsztaty Kultury w Lublinie\"},\"image\":{\"@id\":\"https:\/\/retradycja.eu\/pl\/#\/schema\/logo\/image\/\"},\"sameAs\":[\"https:\/\/www.facebook.com\/retradycja\",\"https:\/\/www.instagram.com\/retradycja_jarmarkjagiellonski\/\",\"https:\/\/www.youtube.com\/user\/JarmarkJagiellonski\"]},{\"@type\":\"Person\",\"@id\":\"https:\/\/retradycja.eu\/pl\/#\/schema\/person\/fd205a687bde7f36f7900874fe9c96c0\",\"name\":\"Ma\u0142gorzata\",\"image\":{\"@type\":\"ImageObject\",\"inLanguage\":\"pl-PL\",\"@id\":\"https:\/\/retradycja.eu\/pl\/#\/schema\/person\/image\/\",\"url\":\"https:\/\/secure.gravatar.com\/avatar\/c2f84c05c7c04cc536472b6e15a984f4?s=96&d=mm&r=g\",\"contentUrl\":\"https:\/\/secure.gravatar.com\/avatar\/c2f84c05c7c04cc536472b6e15a984f4?s=96&d=mm&r=g\",\"caption\":\"Ma\u0142gorzata\"}}]}<\/script>\n<!-- \/ Yoast SEO plugin. -->","yoast_head_json":{"title":"Znamy dat\u0119 Jarmarku Jagiello\u0144skiego! - Festiwal Re:tradycja - Jarmark Jagiello\u0144ski","robots":{"index":"index","follow":"follow","max-snippet":"max-snippet:-1","max-image-preview":"max-image-preview:large","max-video-preview":"max-video-preview:-1"},"canonical":"https:\/\/retradycja.eu\/pl\/data-jarmarku-jagiellonskiego\/","og_locale":"pl_PL","og_type":"article","og_title":"Znamy dat\u0119 Jarmarku Jagiello\u0144skiego! - Festiwal Re:tradycja - Jarmark Jagiello\u0144ski","og_url":"https:\/\/retradycja.eu\/pl\/data-jarmarku-jagiellonskiego\/","og_site_name":"Festiwal Re:tradycja - Jarmark Jagiello\u0144ski","article_publisher":"https:\/\/www.facebook.com\/retradycja","article_published_time":"2021-04-28T09:00:40+00:00","article_modified_time":"2024-01-09T18:58:02+00:00","og_image":[{"width":1920,"height":1080,"url":"https:\/\/retradycja.eu\/wp-content\/uploads\/2021\/04\/jj-hd-1.jpg","type":"image\/jpeg"}],"author":"Ma\u0142gorzata","twitter_card":"summary_large_image","twitter_misc":{"Napisane przez":"Ma\u0142gorzata","Szacowany czas czytania":"2 minuty"},"schema":{"@context":"https:\/\/schema.org","@graph":[{"@type":"Article","@id":"https:\/\/retradycja.eu\/pl\/data-jarmarku-jagiellonskiego\/#article","isPartOf":{"@id":"https:\/\/retradycja.eu\/pl\/data-jarmarku-jagiellonskiego\/"},"author":{"name":"Ma\u0142gorzata","@id":"https:\/\/retradycja.eu\/pl\/#\/schema\/person\/fd205a687bde7f36f7900874fe9c96c0"},"headline":"Znamy dat\u0119 Jarmarku Jagiello\u0144skiego!","datePublished":"2021-04-28T09:00:40+00:00","dateModified":"2024-01-09T18:58:02+00:00","mainEntityOfPage":{"@id":"https:\/\/retradycja.eu\/pl\/data-jarmarku-jagiellonskiego\/"},"wordCount":339,"publisher":{"@id":"https:\/\/retradycja.eu\/pl\/#organization"},"image":{"@id":"https:\/\/retradycja.eu\/pl\/data-jarmarku-jagiellonskiego\/#primaryimage"},"thumbnailUrl":"https:\/\/retradycja.eu\/wp-content\/uploads\/2021\/04\/jj-hd-1.jpg","inLanguage":"pl-PL"},{"@type":"WebPage","@id":"https:\/\/retradycja.eu\/pl\/data-jarmarku-jagiellonskiego\/","url":"https:\/\/retradycja.eu\/pl\/data-jarmarku-jagiellonskiego\/","name":"Znamy dat\u0119 Jarmarku Jagiello\u0144skiego! - Festiwal Re:tradycja - Jarmark Jagiello\u0144ski","isPartOf":{"@id":"https:\/\/retradycja.eu\/pl\/#website"},"primaryImageOfPage":{"@id":"https:\/\/retradycja.eu\/pl\/data-jarmarku-jagiellonskiego\/#primaryimage"},"image":{"@id":"https:\/\/retradycja.eu\/pl\/data-jarmarku-jagiellonskiego\/#primaryimage"},"thumbnailUrl":"https:\/\/retradycja.eu\/wp-content\/uploads\/2021\/04\/jj-hd-1.jpg","datePublished":"2021-04-28T09:00:40+00:00","dateModified":"2024-01-09T18:58:02+00:00","breadcrumb":{"@id":"https:\/\/retradycja.eu\/pl\/data-jarmarku-jagiellonskiego\/#breadcrumb"},"inLanguage":"pl-PL","potentialAction":[{"@type":"ReadAction","target":["https:\/\/retradycja.eu\/pl\/data-jarmarku-jagiellonskiego\/"]}]},{"@type":"ImageObject","inLanguage":"pl-PL","@id":"https:\/\/retradycja.eu\/pl\/data-jarmarku-jagiellonskiego\/#primaryimage","url":"https:\/\/retradycja.eu\/wp-content\/uploads\/2021\/04\/jj-hd-1.jpg","contentUrl":"https:\/\/retradycja.eu\/wp-content\/uploads\/2021\/04\/jj-hd-1.jpg","width":1920,"height":1080,"caption":"Grafika informuj\u0105ca, kiedy odb\u0119dzie si\u0119 Jarmark Jagiello\u0144ski 2021."},{"@type":"BreadcrumbList","@id":"https:\/\/retradycja.eu\/pl\/data-jarmarku-jagiellonskiego\/#breadcrumb","itemListElement":[{"@type":"ListItem","position":1,"name":"Strona g\u0142\u00f3wna","item":"https:\/\/retradycja.eu\/pl\/"},{"@type":"ListItem","position":2,"name":"Znamy dat\u0119 Jarmarku Jagiello\u0144skiego!"}]},{"@type":"WebSite","@id":"https:\/\/retradycja.eu\/pl\/#website","url":"https:\/\/retradycja.eu\/pl\/","name":"Festiwal Re:tradycja - Jarmark Jagiello\u0144ski","description":" Lublin, Stare Miasto","publisher":{"@id":"https:\/\/retradycja.eu\/pl\/#organization"},"potentialAction":[{"@type":"SearchAction","target":{"@type":"EntryPoint","urlTemplate":"https:\/\/retradycja.eu\/pl\/?s={search_term_string}"},"query-input":"required name=search_term_string"}],"inLanguage":"pl-PL"},{"@type":"Organization","@id":"https:\/\/retradycja.eu\/pl\/#organization","name":"Warsztaty Kultury w Lublinie","url":"https:\/\/retradycja.eu\/pl\/","logo":{"@type":"ImageObject","inLanguage":"pl-PL","@id":"https:\/\/retradycja.eu\/pl\/#\/schema\/logo\/image\/","url":"https:\/\/retradycja.eu\/wp-content\/uploads\/2022\/06\/logo_retradycje-01.png","contentUrl":"https:\/\/retradycja.eu\/wp-content\/uploads\/2022\/06\/logo_retradycje-01.png","width":332,"height":63,"caption":"Warsztaty Kultury w Lublinie"},"image":{"@id":"https:\/\/retradycja.eu\/pl\/#\/schema\/logo\/image\/"},"sameAs":["https:\/\/www.facebook.com\/retradycja","https:\/\/www.instagram.com\/retradycja_jarmarkjagiellonski\/","https:\/\/www.youtube.com\/user\/JarmarkJagiellonski"]},{"@type":"Person","@id":"https:\/\/retradycja.eu\/pl\/#\/schema\/person\/fd205a687bde7f36f7900874fe9c96c0","name":"Ma\u0142gorzata","image":{"@type":"ImageObject","inLanguage":"pl-PL","@id":"https:\/\/retradycja.eu\/pl\/#\/schema\/person\/image\/","url":"https:\/\/secure.gravatar.com\/avatar\/c2f84c05c7c04cc536472b6e15a984f4?s=96&d=mm&r=g","contentUrl":"https:\/\/secure.gravatar.com\/avatar\/c2f84c05c7c04cc536472b6e15a984f4?s=96&d=mm&r=g","caption":"Ma\u0142gorzata"}}]}},"_links":{"self":[{"href":"https:\/\/retradycja.eu\/pl\/wp-json\/wp\/v2\/posts\/39952"}],"collection":[{"href":"https:\/\/retradycja.eu\/pl\/wp-json\/wp\/v2\/posts"}],"about":[{"href":"https:\/\/retradycja.eu\/pl\/wp-json\/wp\/v2\/types\/post"}],"author":[{"embeddable":true,"href":"https:\/\/retradycja.eu\/pl\/wp-json\/wp\/v2\/users\/5"}],"replies":[{"embeddable":true,"href":"https:\/\/retradycja.eu\/pl\/wp-json\/wp\/v2\/comments?post=39952"}],"version-history":[{"count":4,"href":"https:\/\/retradycja.eu\/pl\/wp-json\/wp\/v2\/posts\/39952\/revisions"}],"predecessor-version":[{"id":39974,"href":"https:\/\/retradycja.eu\/pl\/wp-json\/wp\/v2\/posts\/39952\/revisions\/39974"}],"wp:featuredmedia":[{"embeddable":true,"href":"https:\/\/retradycja.eu\/pl\/wp-json\/wp\/v2\/media\/39962"}],"wp:attachment":[{"href":"https:\/\/retradycja.eu\/pl\/wp-json\/wp\/v2\/media?parent=39952"}],"wp:term":[{"taxonomy":"category","embeddable":true,"href":"https:\/\/retradycja.eu\/pl\/wp-json\/wp\/v2\/categories?post=39952"},{"taxonomy":"post_tag","embeddable":true,"href":"https:\/\/retradycja.eu\/pl\/wp-json\/wp\/v2\/tags?post=39952"}],"curies":[{"name":"wp","href":"https:\/\/api.w.org\/{rel}","templated":true}]}}