{"id":54693,"date":"2024-07-12T18:53:35","date_gmt":"2024-07-12T16:53:35","guid":{"rendered":"https:\/\/retradycja.eu\/dance-parties2024\/"},"modified":"2024-07-12T18:53:36","modified_gmt":"2024-07-12T16:53:36","slug":"dance-parties2024","status":"publish","type":"post","link":"https:\/\/retradycja.eu\/en\/dance-parties2024\/","title":{"rendered":"Polkas, waltzes and other dances! Dance parties at Re:tradition 2024"},"content":{"rendered":"<div class=\"fusion-fullwidth fullwidth-box fusion-builder-row-1 fusion-flex-container nonhundred-percent-fullwidth non-hundred-percent-height-scrolling\" style=\"--awb-border-radius-top-left:0px;--awb-border-radius-top-right:0px;--awb-border-radius-bottom-right:0px;--awb-border-radius-bottom-left:0px;--awb-flex-wrap:wrap;\" ><div class=\"fusion-builder-row fusion-row fusion-flex-align-items-flex-start fusion-flex-content-wrap\" style=\"max-width:calc( 1920px + 0px );margin-left: calc(-0px \/ 2 );margin-right: calc(-0px \/ 2 );\"><div class=\"fusion-layout-column fusion_builder_column fusion-builder-column-0 fusion_builder_column_1_1 1_1 fusion-flex-column\" style=\"--awb-bg-size:cover;--awb-width-large:100%;--awb-margin-top-large:0px;--awb-spacing-right-large:0px;--awb-margin-bottom-large:0px;--awb-spacing-left-large:0px;--awb-width-medium:100%;--awb-spacing-right-medium:0px;--awb-spacing-left-medium:0px;--awb-width-small:100%;--awb-spacing-right-small:0px;--awb-spacing-left-small:0px;\"><div class=\"fusion-column-wrapper fusion-flex-justify-content-flex-start fusion-content-layout-column\"><div class=\"fusion-text fusion-text-1\"><p><strong>Re:tradition &#8211; The Jagiellonian Fair Festival is fast approaching, and from August 23rd to 25th, Lublin will once again welcome lovers of traditional music, folk artists, and artisans for whom tradition is a primary source of inspiration. The event&#8217;s programme is packed with concerts and dance parties that attract crowds every year. Festival Friday&#8217;s calling you, but who&#8217;ll provide the dancing cue? Check the lineup, don&#8217;t delay, and get ready to dance the night away!<\/strong><\/p>\n<h2>About<\/h2>\n<p>The festival&#8217;s dance stage is a special place where tradition comes alive, and the shared joy of dance unites all participants. On Friday evening, the dance floor will be filled with the sounds of bands and orchestras performing traditional repertoire from different parts of Poland. The first to perform for the audience will be the Roztocze-based <strong>Orkiestra Podr\u00f3\u017cniacy<\/strong>, a group of young enthusiasts of wind instruments. Led by Filip Majerowski, the group will play podr\u00f3\u017cniak tunes (ride tunes), polkas, obereks, waltzes, and foxtrots in an old-fashioned style. The orchestra&#8217;s instrumentation includes clarinets, trumpets, alto and tenor saxhorns, trombone, alto saxophone, tuba, and drums. None of the musicians have been playing their instruments for more than a year and a half! Despite their young age, these talented musicians have already got crowds moving at\u00a0 Fanfara Festival, the Lublin Stage of Tradition, and local dances in Zdzi\u0142owice and \u017buraw.<\/p>\n<p>Following the youthful energy of\u00a0 Orkiestra Podr\u00f3\u017cniacy, the stage will welcome <strong>Kapela Dobrzeliniacy<\/strong>, a band honoured with the prestigious Oskar Kolberg Award. They&#8217;ll showcase a captivating repertoire \u00a0from the Kutnowo-\u0141owicz-\u0141\u0119czyca borderland, blending the lively \u0141owicz melodies with the more lyrical and extended kujawiaks characteristic of the Sanniki and P\u0142ock regions. Prepare to be transported by their renditions of oberki, kujony, kujawiaks, polkas, and marches, some of which were originally played by the legendary harmonica maestro from Dobrzelin, Adam Radzymi\u0144ski.<\/p>\n<p>Next, we will hear <strong>Kapela Fedak\u00f3w, <\/strong>who plays traditional music from Silesia and other parts of the country, as well as their own music, inspired by tradition.<br \/>\nThey&#8217;re more than performers; they&#8217;re ambassadors of joy, bringing the spirit of traditional music to life with infectious energy. Forget fancy instruments &#8211; Kapela Fedak\u00f3w uses the very sounds that once filled the Polish and Silesian countryside, infused with a touch of family warmth and the Fedak&#8217;s undeniable sense of humor. Their music isn&#8217;t just a performance; it&#8217;s an invitation to join a friendly celebration. These talented musicians are like musical archaeologists, unearthing hidden gems from their region, but they don&#8217;t stop there. They breathe new life into these melodies with their own innovative arrangements, creating a sound that honours tradition while adding a fresh, personal touch.<\/p>\n<p>Closing out the night with a return to the\u00a0 Roztocze region, we&#8217;ll have Lublin&#8217;s own <strong>Kapela Bornego<\/strong>! These musicians are deeply rooted in tradition, having learned directly from fiddle and suka masters like Stanis\u0142aw G\u0142az, Bronis\u0142aw Bida, and Zbigniew Butryn. Their repertoire reflects this heritage, drawing inspiration from the rich history of both fiddle bands and brass bands. Interestingly, their dedication goes beyond just music. They strive to emulate the well-rounded lives of their mentors who balanced artistic pursuits with complex work ethic. &#8220;This music chose us,&#8221; they say, and for over a decade, they&#8217;ve remained true to that calling, resisting the allure of fleeting trends.<\/p>\n<h2>When will they play?<\/h2>\n<p>23 August 2024 (Friday), 21.00-1.00<br \/>\nFestival Stage, B\u0142onia near the Castle<br \/>\nAdmission free<\/p>\n<p>The dance floor fun will continue on Saturday, August 24th, and we&#8217;ll soon reveal more bands that&#8217;ll have you moving and grooving to the beat. But dance parties are just one of the many exciting surprises in store for you.<\/p>\n<p>Get ready for an even richer musical experience at the Re:tradition Festival in Lublin! As we continue to expand the lineup, we\u2019re excited to remind you about other captivating artist gracing the stage:<strong>\u00a0Katarina Barruk<\/strong>, a \u00a0talented artist brings the magic of S\u00e1mi culture straight to Lublin! Weaving the local S\u00e1mi language and the hauntingly beautiful joiking technique into her music, Barruk creates a truly phenomenal soundscape. She adds another layer of wonder with musical improvisation, ensuring each performance is a unique and unforgettable experience Joining her on stage are\u00a0 Norwegian musicians\u00a0<strong>Arnljot Nordvik and Vegard Bjerkan<\/strong>. Together, they\u2019ll create a captivating blend of S\u00e1mi tradition and contemporary artistry. Mark your calendars for Saturday, August 24th at 7:30 PM at B\u0142onia pod Zamkiem, the main Festival Stage. On the same day, at 8:30 PM, the same stage will reverberate with the electrifying sounds of\u00a0<strong>Barrut,<\/strong>\u00a0a captivating ensemble that weaves together a tapestry of voices in an energetic polyphony deeply rooted in the rich traditions of Occitania. The next day, on August 25 at 2:00 PM, we shall head to the Dominican Basilica for a concert by Dr\u00ebsz\u00eb , a band that keeps Kashubian traditions alive. In the evening, we will move to B\u0142onia near the Castle for \u00a0the performance of<strong>\u00a0Duo Ruut<\/strong>, featuring Katariina Kivi and Ann-Lisett Rebane, at the same location. Their lyrics draw inspiration from traditional themes, echoing motifs found in old Estonian songs. Also gracing the festival stage that same evening will be the Polish group Duality, a Polish band that weaves a tapestry of sound inspired by the rich melodies and folk songs of the Polish-Belarusian borderland and broadly understood world and electronic music.<\/p>\n<p>Just like every year, the festival audience can expect an incredibly rich artistic programme, full of diverse musical events. Participants can also look forward to exhibitions, workshops, attractions for children, and a handicrafts module where 120 creators will present their unique products. More announcements coming soon!<\/p>\n<hr \/>\n<h2 class=\"fusion-responsive-typography-calculated\" data-sourcepos=\"11:1-11:2\" data-fontsize=\"28.8\" data-lineheight=\"34.56px\">Details<\/h2>\n<p>re:tradition \u2013 the Jagiellonian Fair Festival<br \/>\n23025 August 2024<br \/>\nLublin \u2013 Old Town, B\u0142onia near the Castle<br \/>\nAdmission free<\/p>\n<p data-sourcepos=\"3:1-3:15\"><strong>Organizers:<\/strong><\/p>\n<ul data-sourcepos=\"5:1-8:0\">\n<li data-sourcepos=\"5:1-5:32\">Workshops of Culture in Lublin<\/li>\n<li data-sourcepos=\"6:1-6:12\">Lublin City Cultural Institution<\/li>\n<li data-sourcepos=\"6:1-6:33\">Lublin City of Inspiration<\/li>\n<\/ul>\n<p data-sourcepos=\"9:1-9:23\"><strong>Honorary Patronage:<\/strong><\/p>\n<ul data-sourcepos=\"11:1-12:0\">\n<li data-sourcepos=\"11:1-12:0\">Krzysztof \u017buk,\u00a0 Mayor of the City of Lublin<\/li>\n<\/ul>\n<p data-sourcepos=\"13:1-13:14\"><strong>Funded by:<\/strong><\/p>\n<ul data-sourcepos=\"15:1-16:0\">\n<li data-sourcepos=\"15:1-16:0\">Ministry of Culture and National Heritage<\/li>\n<\/ul>\n<p data-sourcepos=\"17:1-17:18\"><strong>Media Patronage:<\/strong><\/p>\n<ul data-sourcepos=\"19:1-22:3\">\n<li data-sourcepos=\"19:1-19:6\">ONET<\/li>\n<li data-sourcepos=\"20:1-20:18\">KulturaLudowa.pl<\/li>\n<li data-sourcepos=\"21:1-21:21\">MuzykaTradycyjna.pl<\/li>\n<li data-sourcepos=\"22:1-22:3\">Czas Dzieci<\/li>\n<li data-sourcepos=\"23:1-24:0\">Kultura Enter<\/li>\n<\/ul>\n<\/div><\/div><\/div><\/div><\/div>\n","protected":false},"excerpt":{"rendered":"","protected":false},"author":5,"featured_media":54631,"comment_status":"closed","ping_status":"open","sticky":false,"template":"","format":"standard","meta":{"_acf_changed":false,"ngg_post_thumbnail":0,"footnotes":""},"categories":[86],"tags":[],"acf":[],"yoast_head":"<!-- This site is optimized with the Yoast SEO plugin v22.2 - https:\/\/yoast.com\/wordpress\/plugins\/seo\/ -->\n<title>Polkas, waltzes and other dances! Dance parties at Re:tradition 2024<\/title>\n<meta name=\"description\" content=\"The event&#039;s programme is packed with concerts and dance parties that attract crowds every year\" \/>\n<meta name=\"robots\" content=\"index, follow, max-snippet:-1, max-image-preview:large, max-video-preview:-1\" \/>\n<link rel=\"canonical\" href=\"https:\/\/retradycja.eu\/pl\/polki-walczyki-i-oberki-potancowki-na-festiwalu\/\" \/>\n<meta property=\"og:locale\" content=\"en_US\" \/>\n<meta property=\"og:type\" content=\"article\" \/>\n<meta property=\"og:title\" content=\"Polkas, waltzes and other dances! Dance parties at Re:tradition 2024\" \/>\n<meta property=\"og:description\" content=\"The event&#039;s programme is packed with concerts and dance parties that attract crowds every year\" \/>\n<meta property=\"og:url\" content=\"https:\/\/retradycja.eu\/pl\/polki-walczyki-i-oberki-potancowki-na-festiwalu\/\" \/>\n<meta property=\"og:site_name\" content=\"Jarmark Jagiello\u0144ski\" \/>\n<meta property=\"article:publisher\" content=\"https:\/\/www.facebook.com\/retradycja\" \/>\n<meta property=\"article:published_time\" content=\"2024-07-12T16:53:35+00:00\" \/>\n<meta property=\"article:modified_time\" content=\"2024-07-12T16:53:36+00:00\" \/>\n<meta property=\"og:image\" content=\"https:\/\/retradycja.eu\/wp-content\/uploads\/2024\/07\/Potancowka_-_1920x1080.jpg\" \/>\n\t<meta property=\"og:image:width\" content=\"1920\" \/>\n\t<meta property=\"og:image:height\" content=\"1080\" \/>\n\t<meta property=\"og:image:type\" content=\"image\/jpeg\" \/>\n<meta name=\"author\" content=\"Ma\u0142gorzata\" \/>\n<meta name=\"twitter:card\" content=\"summary_large_image\" \/>\n<meta name=\"twitter:label1\" content=\"Written by\" \/>\n\t<meta name=\"twitter:data1\" content=\"Ma\u0142gorzata\" \/>\n\t<meta name=\"twitter:label2\" content=\"Est. reading time\" \/>\n\t<meta name=\"twitter:data2\" content=\"6 minutes\" \/>\n<script type=\"application\/ld+json\" class=\"yoast-schema-graph\">{\"@context\":\"https:\/\/schema.org\",\"@graph\":[{\"@type\":\"Article\",\"@id\":\"https:\/\/retradycja.eu\/pl\/polki-walczyki-i-oberki-potancowki-na-festiwalu\/#article\",\"isPartOf\":{\"@id\":\"https:\/\/retradycja.eu\/pl\/polki-walczyki-i-oberki-potancowki-na-festiwalu\/\"},\"author\":{\"name\":\"Ma\u0142gorzata\",\"@id\":\"https:\/\/retradycja.eu\/pl\/#\/schema\/person\/fd205a687bde7f36f7900874fe9c96c0\"},\"headline\":\"Polkas, waltzes and other dances! Dance parties at Re:tradition 2024\",\"datePublished\":\"2024-07-12T16:53:35+00:00\",\"dateModified\":\"2024-07-12T16:53:36+00:00\",\"mainEntityOfPage\":{\"@id\":\"https:\/\/retradycja.eu\/pl\/polki-walczyki-i-oberki-potancowki-na-festiwalu\/\"},\"wordCount\":1239,\"publisher\":{\"@id\":\"https:\/\/retradycja.eu\/pl\/#organization\"},\"image\":{\"@id\":\"https:\/\/retradycja.eu\/pl\/polki-walczyki-i-oberki-potancowki-na-festiwalu\/#primaryimage\"},\"thumbnailUrl\":\"https:\/\/retradycja.eu\/wp-content\/uploads\/2024\/07\/Potancowka_-_1920x1080.jpg\",\"inLanguage\":\"en-US\"},{\"@type\":\"WebPage\",\"@id\":\"https:\/\/retradycja.eu\/pl\/polki-walczyki-i-oberki-potancowki-na-festiwalu\/\",\"url\":\"https:\/\/retradycja.eu\/pl\/polki-walczyki-i-oberki-potancowki-na-festiwalu\/\",\"name\":\"Polkas, waltzes and other dances! Dance parties at Re:tradition 2024\",\"isPartOf\":{\"@id\":\"https:\/\/retradycja.eu\/pl\/#website\"},\"primaryImageOfPage\":{\"@id\":\"https:\/\/retradycja.eu\/pl\/polki-walczyki-i-oberki-potancowki-na-festiwalu\/#primaryimage\"},\"image\":{\"@id\":\"https:\/\/retradycja.eu\/pl\/polki-walczyki-i-oberki-potancowki-na-festiwalu\/#primaryimage\"},\"thumbnailUrl\":\"https:\/\/retradycja.eu\/wp-content\/uploads\/2024\/07\/Potancowka_-_1920x1080.jpg\",\"datePublished\":\"2024-07-12T16:53:35+00:00\",\"dateModified\":\"2024-07-12T16:53:36+00:00\",\"description\":\"The event's programme is packed with concerts and dance parties that attract crowds every year\",\"breadcrumb\":{\"@id\":\"https:\/\/retradycja.eu\/pl\/polki-walczyki-i-oberki-potancowki-na-festiwalu\/#breadcrumb\"},\"inLanguage\":\"en-US\",\"potentialAction\":[{\"@type\":\"ReadAction\",\"target\":[\"https:\/\/retradycja.eu\/pl\/polki-walczyki-i-oberki-potancowki-na-festiwalu\/\"]}]},{\"@type\":\"ImageObject\",\"inLanguage\":\"en-US\",\"@id\":\"https:\/\/retradycja.eu\/pl\/polki-walczyki-i-oberki-potancowki-na-festiwalu\/#primaryimage\",\"url\":\"https:\/\/retradycja.eu\/wp-content\/uploads\/2024\/07\/Potancowka_-_1920x1080.jpg\",\"contentUrl\":\"https:\/\/retradycja.eu\/wp-content\/uploads\/2024\/07\/Potancowka_-_1920x1080.jpg\",\"width\":1920,\"height\":1080,\"caption\":\"Kola\u017c ze zdj\u0119\u0107 czterech kapel. Napis: Pota\u0144c\u00f3wka.\"},{\"@type\":\"BreadcrumbList\",\"@id\":\"https:\/\/retradycja.eu\/pl\/polki-walczyki-i-oberki-potancowki-na-festiwalu\/#breadcrumb\",\"itemListElement\":[{\"@type\":\"ListItem\",\"position\":1,\"name\":\"Strona g\u0142\u00f3wna\",\"item\":\"https:\/\/retradycja.eu\/en\/\"},{\"@type\":\"ListItem\",\"position\":2,\"name\":\"Polkas, waltzes and other dances! Dance parties at Re:tradition 2024\"}]},{\"@type\":\"WebSite\",\"@id\":\"https:\/\/retradycja.eu\/pl\/#website\",\"url\":\"https:\/\/retradycja.eu\/pl\/\",\"name\":\"Jarmark Jagiello\u0144ski\",\"description\":\"The Jagiellonian Fair 21-23 August 2020 |  Lublin, Old Town\",\"publisher\":{\"@id\":\"https:\/\/retradycja.eu\/pl\/#organization\"},\"potentialAction\":[{\"@type\":\"SearchAction\",\"target\":{\"@type\":\"EntryPoint\",\"urlTemplate\":\"https:\/\/retradycja.eu\/pl\/?s={search_term_string}\"},\"query-input\":\"required name=search_term_string\"}],\"inLanguage\":\"en-US\"},{\"@type\":\"Organization\",\"@id\":\"https:\/\/retradycja.eu\/pl\/#organization\",\"name\":\"Warsztaty Kultury w Lublinie\",\"url\":\"https:\/\/retradycja.eu\/pl\/\",\"logo\":{\"@type\":\"ImageObject\",\"inLanguage\":\"en-US\",\"@id\":\"https:\/\/retradycja.eu\/pl\/#\/schema\/logo\/image\/\",\"url\":\"https:\/\/retradycja.eu\/wp-content\/uploads\/2022\/06\/logo_retradycje-01.png\",\"contentUrl\":\"https:\/\/retradycja.eu\/wp-content\/uploads\/2022\/06\/logo_retradycje-01.png\",\"width\":332,\"height\":63,\"caption\":\"Warsztaty Kultury w Lublinie\"},\"image\":{\"@id\":\"https:\/\/retradycja.eu\/pl\/#\/schema\/logo\/image\/\"},\"sameAs\":[\"https:\/\/www.facebook.com\/retradycja\",\"https:\/\/www.instagram.com\/retradycja_jarmarkjagiellonski\/\",\"https:\/\/www.youtube.com\/user\/JarmarkJagiellonski\"]},{\"@type\":\"Person\",\"@id\":\"https:\/\/retradycja.eu\/pl\/#\/schema\/person\/fd205a687bde7f36f7900874fe9c96c0\",\"name\":\"Ma\u0142gorzata\",\"image\":{\"@type\":\"ImageObject\",\"inLanguage\":\"en-US\",\"@id\":\"https:\/\/retradycja.eu\/pl\/#\/schema\/person\/image\/\",\"url\":\"https:\/\/secure.gravatar.com\/avatar\/c2f84c05c7c04cc536472b6e15a984f4?s=96&d=mm&r=g\",\"contentUrl\":\"https:\/\/secure.gravatar.com\/avatar\/c2f84c05c7c04cc536472b6e15a984f4?s=96&d=mm&r=g\",\"caption\":\"Ma\u0142gorzata\"}}]}<\/script>\n<!-- \/ Yoast SEO plugin. -->","yoast_head_json":{"title":"Polkas, waltzes and other dances! Dance parties at Re:tradition 2024","description":"The event's programme is packed with concerts and dance parties that attract crowds every year","robots":{"index":"index","follow":"follow","max-snippet":"max-snippet:-1","max-image-preview":"max-image-preview:large","max-video-preview":"max-video-preview:-1"},"canonical":"https:\/\/retradycja.eu\/pl\/polki-walczyki-i-oberki-potancowki-na-festiwalu\/","og_locale":"en_US","og_type":"article","og_title":"Polkas, waltzes and other dances! Dance parties at Re:tradition 2024","og_description":"The event's programme is packed with concerts and dance parties that attract crowds every year","og_url":"https:\/\/retradycja.eu\/pl\/polki-walczyki-i-oberki-potancowki-na-festiwalu\/","og_site_name":"Jarmark Jagiello\u0144ski","article_publisher":"https:\/\/www.facebook.com\/retradycja","article_published_time":"2024-07-12T16:53:35+00:00","article_modified_time":"2024-07-12T16:53:36+00:00","og_image":[{"width":1920,"height":1080,"url":"https:\/\/retradycja.eu\/wp-content\/uploads\/2024\/07\/Potancowka_-_1920x1080.jpg","type":"image\/jpeg"}],"author":"Ma\u0142gorzata","twitter_card":"summary_large_image","twitter_misc":{"Written by":"Ma\u0142gorzata","Est. reading time":"6 minutes"},"schema":{"@context":"https:\/\/schema.org","@graph":[{"@type":"Article","@id":"https:\/\/retradycja.eu\/pl\/polki-walczyki-i-oberki-potancowki-na-festiwalu\/#article","isPartOf":{"@id":"https:\/\/retradycja.eu\/pl\/polki-walczyki-i-oberki-potancowki-na-festiwalu\/"},"author":{"name":"Ma\u0142gorzata","@id":"https:\/\/retradycja.eu\/pl\/#\/schema\/person\/fd205a687bde7f36f7900874fe9c96c0"},"headline":"Polkas, waltzes and other dances! Dance parties at Re:tradition 2024","datePublished":"2024-07-12T16:53:35+00:00","dateModified":"2024-07-12T16:53:36+00:00","mainEntityOfPage":{"@id":"https:\/\/retradycja.eu\/pl\/polki-walczyki-i-oberki-potancowki-na-festiwalu\/"},"wordCount":1239,"publisher":{"@id":"https:\/\/retradycja.eu\/pl\/#organization"},"image":{"@id":"https:\/\/retradycja.eu\/pl\/polki-walczyki-i-oberki-potancowki-na-festiwalu\/#primaryimage"},"thumbnailUrl":"https:\/\/retradycja.eu\/wp-content\/uploads\/2024\/07\/Potancowka_-_1920x1080.jpg","inLanguage":"en-US"},{"@type":"WebPage","@id":"https:\/\/retradycja.eu\/pl\/polki-walczyki-i-oberki-potancowki-na-festiwalu\/","url":"https:\/\/retradycja.eu\/pl\/polki-walczyki-i-oberki-potancowki-na-festiwalu\/","name":"Polkas, waltzes and other dances! Dance parties at Re:tradition 2024","isPartOf":{"@id":"https:\/\/retradycja.eu\/pl\/#website"},"primaryImageOfPage":{"@id":"https:\/\/retradycja.eu\/pl\/polki-walczyki-i-oberki-potancowki-na-festiwalu\/#primaryimage"},"image":{"@id":"https:\/\/retradycja.eu\/pl\/polki-walczyki-i-oberki-potancowki-na-festiwalu\/#primaryimage"},"thumbnailUrl":"https:\/\/retradycja.eu\/wp-content\/uploads\/2024\/07\/Potancowka_-_1920x1080.jpg","datePublished":"2024-07-12T16:53:35+00:00","dateModified":"2024-07-12T16:53:36+00:00","description":"The event's programme is packed with concerts and dance parties that attract crowds every year","breadcrumb":{"@id":"https:\/\/retradycja.eu\/pl\/polki-walczyki-i-oberki-potancowki-na-festiwalu\/#breadcrumb"},"inLanguage":"en-US","potentialAction":[{"@type":"ReadAction","target":["https:\/\/retradycja.eu\/pl\/polki-walczyki-i-oberki-potancowki-na-festiwalu\/"]}]},{"@type":"ImageObject","inLanguage":"en-US","@id":"https:\/\/retradycja.eu\/pl\/polki-walczyki-i-oberki-potancowki-na-festiwalu\/#primaryimage","url":"https:\/\/retradycja.eu\/wp-content\/uploads\/2024\/07\/Potancowka_-_1920x1080.jpg","contentUrl":"https:\/\/retradycja.eu\/wp-content\/uploads\/2024\/07\/Potancowka_-_1920x1080.jpg","width":1920,"height":1080,"caption":"Kola\u017c ze zdj\u0119\u0107 czterech kapel. Napis: Pota\u0144c\u00f3wka."},{"@type":"BreadcrumbList","@id":"https:\/\/retradycja.eu\/pl\/polki-walczyki-i-oberki-potancowki-na-festiwalu\/#breadcrumb","itemListElement":[{"@type":"ListItem","position":1,"name":"Strona g\u0142\u00f3wna","item":"https:\/\/retradycja.eu\/en\/"},{"@type":"ListItem","position":2,"name":"Polkas, waltzes and other dances! Dance parties at Re:tradition 2024"}]},{"@type":"WebSite","@id":"https:\/\/retradycja.eu\/pl\/#website","url":"https:\/\/retradycja.eu\/pl\/","name":"Jarmark Jagiello\u0144ski","description":"The Jagiellonian Fair 21-23 August 2020 |  Lublin, Old Town","publisher":{"@id":"https:\/\/retradycja.eu\/pl\/#organization"},"potentialAction":[{"@type":"SearchAction","target":{"@type":"EntryPoint","urlTemplate":"https:\/\/retradycja.eu\/pl\/?s={search_term_string}"},"query-input":"required name=search_term_string"}],"inLanguage":"en-US"},{"@type":"Organization","@id":"https:\/\/retradycja.eu\/pl\/#organization","name":"Warsztaty Kultury w Lublinie","url":"https:\/\/retradycja.eu\/pl\/","logo":{"@type":"ImageObject","inLanguage":"en-US","@id":"https:\/\/retradycja.eu\/pl\/#\/schema\/logo\/image\/","url":"https:\/\/retradycja.eu\/wp-content\/uploads\/2022\/06\/logo_retradycje-01.png","contentUrl":"https:\/\/retradycja.eu\/wp-content\/uploads\/2022\/06\/logo_retradycje-01.png","width":332,"height":63,"caption":"Warsztaty Kultury w Lublinie"},"image":{"@id":"https:\/\/retradycja.eu\/pl\/#\/schema\/logo\/image\/"},"sameAs":["https:\/\/www.facebook.com\/retradycja","https:\/\/www.instagram.com\/retradycja_jarmarkjagiellonski\/","https:\/\/www.youtube.com\/user\/JarmarkJagiellonski"]},{"@type":"Person","@id":"https:\/\/retradycja.eu\/pl\/#\/schema\/person\/fd205a687bde7f36f7900874fe9c96c0","name":"Ma\u0142gorzata","image":{"@type":"ImageObject","inLanguage":"en-US","@id":"https:\/\/retradycja.eu\/pl\/#\/schema\/person\/image\/","url":"https:\/\/secure.gravatar.com\/avatar\/c2f84c05c7c04cc536472b6e15a984f4?s=96&d=mm&r=g","contentUrl":"https:\/\/secure.gravatar.com\/avatar\/c2f84c05c7c04cc536472b6e15a984f4?s=96&d=mm&r=g","caption":"Ma\u0142gorzata"}}]}},"_links":{"self":[{"href":"https:\/\/retradycja.eu\/en\/wp-json\/wp\/v2\/posts\/54693"}],"collection":[{"href":"https:\/\/retradycja.eu\/en\/wp-json\/wp\/v2\/posts"}],"about":[{"href":"https:\/\/retradycja.eu\/en\/wp-json\/wp\/v2\/types\/post"}],"author":[{"embeddable":true,"href":"https:\/\/retradycja.eu\/en\/wp-json\/wp\/v2\/users\/5"}],"replies":[{"embeddable":true,"href":"https:\/\/retradycja.eu\/en\/wp-json\/wp\/v2\/comments?post=54693"}],"version-history":[{"count":2,"href":"https:\/\/retradycja.eu\/en\/wp-json\/wp\/v2\/posts\/54693\/revisions"}],"predecessor-version":[{"id":54695,"href":"https:\/\/retradycja.eu\/en\/wp-json\/wp\/v2\/posts\/54693\/revisions\/54695"}],"wp:featuredmedia":[{"embeddable":true,"href":"https:\/\/retradycja.eu\/en\/wp-json\/wp\/v2\/media\/54631"}],"wp:attachment":[{"href":"https:\/\/retradycja.eu\/en\/wp-json\/wp\/v2\/media?parent=54693"}],"wp:term":[{"taxonomy":"category","embeddable":true,"href":"https:\/\/retradycja.eu\/en\/wp-json\/wp\/v2\/categories?post=54693"},{"taxonomy":"post_tag","embeddable":true,"href":"https:\/\/retradycja.eu\/en\/wp-json\/wp\/v2\/tags?post=54693"}],"curies":[{"name":"wp","href":"https:\/\/api.w.org\/{rel}","templated":true}]}}