{"id":51493,"date":"2023-08-22T12:54:46","date_gmt":"2023-08-22T10:54:46","guid":{"rendered":"https:\/\/retradycja.eu\/thank-you-for-being-with-us\/"},"modified":"2023-08-22T12:54:46","modified_gmt":"2023-08-22T10:54:46","slug":"thank-you-for-being-with-us","status":"publish","type":"post","link":"https:\/\/retradycja.eu\/en\/thank-you-for-being-with-us\/","title":{"rendered":"Thank you for being with us"},"content":{"rendered":"<div class=\"fusion-fullwidth fullwidth-box fusion-builder-row-1 fusion-flex-container nonhundred-percent-fullwidth non-hundred-percent-height-scrolling\" style=\"--awb-border-radius-top-left:0px;--awb-border-radius-top-right:0px;--awb-border-radius-bottom-right:0px;--awb-border-radius-bottom-left:0px;--awb-flex-wrap:wrap;\" ><div class=\"fusion-builder-row fusion-row fusion-flex-align-items-flex-start fusion-flex-content-wrap\" style=\"max-width:calc( 1920px + 0px );margin-left: calc(-0px \/ 2 );margin-right: calc(-0px \/ 2 );\"><div class=\"fusion-layout-column fusion_builder_column fusion-builder-column-0 fusion_builder_column_1_1 1_1 fusion-flex-column\" style=\"--awb-bg-blend:overlay;--awb-bg-size:cover;--awb-width-large:100%;--awb-margin-top-large:0px;--awb-spacing-right-large:0px;--awb-margin-bottom-large:0px;--awb-spacing-left-large:0px;--awb-width-medium:100%;--awb-spacing-right-medium:0px;--awb-spacing-left-medium:0px;--awb-width-small:100%;--awb-spacing-right-small:0px;--awb-spacing-left-small:0px;\"><div class=\"fusion-column-wrapper fusion-flex-justify-content-flex-start fusion-content-layout-column\"><div class=\"fusion-text fusion-text-1\"><\/div><div class=\"fusion-text fusion-text-2\"><p>We express our heartfelt gratitude to all those who visited Lublin&#8217;s Old Town, as well as those who supported us from a distance , even though they couldn&#8217;t join us this year. We also extend our thanks to the talented craftsmen who showcased their skills and talents at the stalls.<\/p>\n<p>We appreciate the bands and musicians whose melodies filled the festival stages. Our gratitude also goes to the dedicated volunteers who enthusiastically contributed to the events. Lastly, we would like to thank and acknowledge the hosts who led the meetings and workshops &#8211; your expertise and passion are truly remarkable!<\/p>\n<\/div><\/div><\/div><\/div><\/div>\n","protected":false},"excerpt":{"rendered":"","protected":false},"author":5,"featured_media":51479,"comment_status":"closed","ping_status":"closed","sticky":false,"template":"","format":"standard","meta":{"_acf_changed":false,"ngg_post_thumbnail":0,"footnotes":""},"categories":[86],"tags":[],"acf":[],"yoast_head":"<!-- This site is optimized with the Yoast SEO plugin v22.2 - https:\/\/yoast.com\/wordpress\/plugins\/seo\/ -->\n<title>Thank you for being with us<\/title>\n<meta name=\"description\" content=\"Thank yuou for being with us at Re:tradition - the Jagiellonian Fair Festival\" \/>\n<meta name=\"robots\" content=\"index, follow, max-snippet:-1, max-image-preview:large, max-video-preview:-1\" \/>\n<link rel=\"canonical\" href=\"https:\/\/retradycja.eu\/pl\/dziekujemy-ze-byliscie-z-nami\/\" \/>\n<meta property=\"og:locale\" content=\"en_US\" \/>\n<meta property=\"og:type\" content=\"article\" \/>\n<meta property=\"og:title\" content=\"Thank you for being with us\" \/>\n<meta property=\"og:description\" content=\"Thank yuou for being with us at Re:tradition - the Jagiellonian Fair Festival\" \/>\n<meta property=\"og:url\" content=\"https:\/\/retradycja.eu\/pl\/dziekujemy-ze-byliscie-z-nami\/\" \/>\n<meta property=\"og:site_name\" content=\"Jarmark Jagiello\u0144ski\" \/>\n<meta property=\"article:publisher\" content=\"https:\/\/www.facebook.com\/retradycja\" \/>\n<meta property=\"article:published_time\" content=\"2023-08-22T10:54:46+00:00\" \/>\n<meta property=\"og:image\" content=\"https:\/\/retradycja.eu\/wp-content\/uploads\/2023\/08\/grafiki_4_prawie_hd_dziekujemy.jpg\" \/>\n\t<meta property=\"og:image:width\" content=\"1920\" \/>\n\t<meta property=\"og:image:height\" content=\"1005\" \/>\n\t<meta property=\"og:image:type\" content=\"image\/jpeg\" \/>\n<meta name=\"author\" content=\"Ma\u0142gorzata\" \/>\n<meta name=\"twitter:card\" content=\"summary_large_image\" \/>\n<meta name=\"twitter:label1\" content=\"Written by\" \/>\n\t<meta name=\"twitter:data1\" content=\"Ma\u0142gorzata\" \/>\n\t<meta name=\"twitter:label2\" content=\"Est. reading time\" \/>\n\t<meta name=\"twitter:data2\" content=\"2 minutes\" \/>\n<script type=\"application\/ld+json\" class=\"yoast-schema-graph\">{\"@context\":\"https:\/\/schema.org\",\"@graph\":[{\"@type\":\"Article\",\"@id\":\"https:\/\/retradycja.eu\/pl\/dziekujemy-ze-byliscie-z-nami\/#article\",\"isPartOf\":{\"@id\":\"https:\/\/retradycja.eu\/pl\/dziekujemy-ze-byliscie-z-nami\/\"},\"author\":{\"name\":\"Ma\u0142gorzata\",\"@id\":\"https:\/\/retradycja.eu\/pl\/#\/schema\/person\/fd205a687bde7f36f7900874fe9c96c0\"},\"headline\":\"Thank you for being with us\",\"datePublished\":\"2023-08-22T10:54:46+00:00\",\"dateModified\":\"2023-08-22T10:54:46+00:00\",\"mainEntityOfPage\":{\"@id\":\"https:\/\/retradycja.eu\/pl\/dziekujemy-ze-byliscie-z-nami\/\"},\"wordCount\":375,\"publisher\":{\"@id\":\"https:\/\/retradycja.eu\/pl\/#organization\"},\"image\":{\"@id\":\"https:\/\/retradycja.eu\/pl\/dziekujemy-ze-byliscie-z-nami\/#primaryimage\"},\"thumbnailUrl\":\"https:\/\/retradycja.eu\/wp-content\/uploads\/2023\/08\/grafiki_4_prawie_hd_dziekujemy.jpg\",\"inLanguage\":\"en-US\"},{\"@type\":\"WebPage\",\"@id\":\"https:\/\/retradycja.eu\/pl\/dziekujemy-ze-byliscie-z-nami\/\",\"url\":\"https:\/\/retradycja.eu\/pl\/dziekujemy-ze-byliscie-z-nami\/\",\"name\":\"Thank you for being with us\",\"isPartOf\":{\"@id\":\"https:\/\/retradycja.eu\/pl\/#website\"},\"primaryImageOfPage\":{\"@id\":\"https:\/\/retradycja.eu\/pl\/dziekujemy-ze-byliscie-z-nami\/#primaryimage\"},\"image\":{\"@id\":\"https:\/\/retradycja.eu\/pl\/dziekujemy-ze-byliscie-z-nami\/#primaryimage\"},\"thumbnailUrl\":\"https:\/\/retradycja.eu\/wp-content\/uploads\/2023\/08\/grafiki_4_prawie_hd_dziekujemy.jpg\",\"datePublished\":\"2023-08-22T10:54:46+00:00\",\"dateModified\":\"2023-08-22T10:54:46+00:00\",\"description\":\"Thank yuou for being with us at Re:tradition - the Jagiellonian Fair Festival\",\"breadcrumb\":{\"@id\":\"https:\/\/retradycja.eu\/pl\/dziekujemy-ze-byliscie-z-nami\/#breadcrumb\"},\"inLanguage\":\"en-US\",\"potentialAction\":[{\"@type\":\"ReadAction\",\"target\":[\"https:\/\/retradycja.eu\/pl\/dziekujemy-ze-byliscie-z-nami\/\"]}]},{\"@type\":\"ImageObject\",\"inLanguage\":\"en-US\",\"@id\":\"https:\/\/retradycja.eu\/pl\/dziekujemy-ze-byliscie-z-nami\/#primaryimage\",\"url\":\"https:\/\/retradycja.eu\/wp-content\/uploads\/2023\/08\/grafiki_4_prawie_hd_dziekujemy.jpg\",\"contentUrl\":\"https:\/\/retradycja.eu\/wp-content\/uploads\/2023\/08\/grafiki_4_prawie_hd_dziekujemy.jpg\",\"width\":1920,\"height\":1005,\"caption\":\"Grafika ze zdj\u0119ciem sceny festiwalowej podczas koncertu oraz napis: Dzi\u0119kujemy, \u017ce byli\u015bcie z nami!\"},{\"@type\":\"BreadcrumbList\",\"@id\":\"https:\/\/retradycja.eu\/pl\/dziekujemy-ze-byliscie-z-nami\/#breadcrumb\",\"itemListElement\":[{\"@type\":\"ListItem\",\"position\":1,\"name\":\"Strona g\u0142\u00f3wna\",\"item\":\"https:\/\/retradycja.eu\/en\/\"},{\"@type\":\"ListItem\",\"position\":2,\"name\":\"Thank you for being with us\"}]},{\"@type\":\"WebSite\",\"@id\":\"https:\/\/retradycja.eu\/pl\/#website\",\"url\":\"https:\/\/retradycja.eu\/pl\/\",\"name\":\"Jarmark Jagiello\u0144ski\",\"description\":\"The Jagiellonian Fair 21-23 August 2020 |  Lublin, Old Town\",\"publisher\":{\"@id\":\"https:\/\/retradycja.eu\/pl\/#organization\"},\"potentialAction\":[{\"@type\":\"SearchAction\",\"target\":{\"@type\":\"EntryPoint\",\"urlTemplate\":\"https:\/\/retradycja.eu\/pl\/?s={search_term_string}\"},\"query-input\":\"required name=search_term_string\"}],\"inLanguage\":\"en-US\"},{\"@type\":\"Organization\",\"@id\":\"https:\/\/retradycja.eu\/pl\/#organization\",\"name\":\"Warsztaty Kultury w Lublinie\",\"url\":\"https:\/\/retradycja.eu\/pl\/\",\"logo\":{\"@type\":\"ImageObject\",\"inLanguage\":\"en-US\",\"@id\":\"https:\/\/retradycja.eu\/pl\/#\/schema\/logo\/image\/\",\"url\":\"https:\/\/retradycja.eu\/wp-content\/uploads\/2022\/06\/logo_retradycje-01.png\",\"contentUrl\":\"https:\/\/retradycja.eu\/wp-content\/uploads\/2022\/06\/logo_retradycje-01.png\",\"width\":332,\"height\":63,\"caption\":\"Warsztaty Kultury w Lublinie\"},\"image\":{\"@id\":\"https:\/\/retradycja.eu\/pl\/#\/schema\/logo\/image\/\"},\"sameAs\":[\"https:\/\/www.facebook.com\/retradycja\",\"https:\/\/www.instagram.com\/retradycja_jarmarkjagiellonski\/\",\"https:\/\/www.youtube.com\/user\/JarmarkJagiellonski\"]},{\"@type\":\"Person\",\"@id\":\"https:\/\/retradycja.eu\/pl\/#\/schema\/person\/fd205a687bde7f36f7900874fe9c96c0\",\"name\":\"Ma\u0142gorzata\",\"image\":{\"@type\":\"ImageObject\",\"inLanguage\":\"en-US\",\"@id\":\"https:\/\/retradycja.eu\/pl\/#\/schema\/person\/image\/\",\"url\":\"https:\/\/secure.gravatar.com\/avatar\/c2f84c05c7c04cc536472b6e15a984f4?s=96&d=mm&r=g\",\"contentUrl\":\"https:\/\/secure.gravatar.com\/avatar\/c2f84c05c7c04cc536472b6e15a984f4?s=96&d=mm&r=g\",\"caption\":\"Ma\u0142gorzata\"}}]}<\/script>\n<!-- \/ Yoast SEO plugin. -->","yoast_head_json":{"title":"Thank you for being with us","description":"Thank yuou for being with us at Re:tradition - the Jagiellonian Fair Festival","robots":{"index":"index","follow":"follow","max-snippet":"max-snippet:-1","max-image-preview":"max-image-preview:large","max-video-preview":"max-video-preview:-1"},"canonical":"https:\/\/retradycja.eu\/pl\/dziekujemy-ze-byliscie-z-nami\/","og_locale":"en_US","og_type":"article","og_title":"Thank you for being with us","og_description":"Thank yuou for being with us at Re:tradition - the Jagiellonian Fair Festival","og_url":"https:\/\/retradycja.eu\/pl\/dziekujemy-ze-byliscie-z-nami\/","og_site_name":"Jarmark Jagiello\u0144ski","article_publisher":"https:\/\/www.facebook.com\/retradycja","article_published_time":"2023-08-22T10:54:46+00:00","og_image":[{"width":1920,"height":1005,"url":"https:\/\/retradycja.eu\/wp-content\/uploads\/2023\/08\/grafiki_4_prawie_hd_dziekujemy.jpg","type":"image\/jpeg"}],"author":"Ma\u0142gorzata","twitter_card":"summary_large_image","twitter_misc":{"Written by":"Ma\u0142gorzata","Est. reading time":"2 minutes"},"schema":{"@context":"https:\/\/schema.org","@graph":[{"@type":"Article","@id":"https:\/\/retradycja.eu\/pl\/dziekujemy-ze-byliscie-z-nami\/#article","isPartOf":{"@id":"https:\/\/retradycja.eu\/pl\/dziekujemy-ze-byliscie-z-nami\/"},"author":{"name":"Ma\u0142gorzata","@id":"https:\/\/retradycja.eu\/pl\/#\/schema\/person\/fd205a687bde7f36f7900874fe9c96c0"},"headline":"Thank you for being with us","datePublished":"2023-08-22T10:54:46+00:00","dateModified":"2023-08-22T10:54:46+00:00","mainEntityOfPage":{"@id":"https:\/\/retradycja.eu\/pl\/dziekujemy-ze-byliscie-z-nami\/"},"wordCount":375,"publisher":{"@id":"https:\/\/retradycja.eu\/pl\/#organization"},"image":{"@id":"https:\/\/retradycja.eu\/pl\/dziekujemy-ze-byliscie-z-nami\/#primaryimage"},"thumbnailUrl":"https:\/\/retradycja.eu\/wp-content\/uploads\/2023\/08\/grafiki_4_prawie_hd_dziekujemy.jpg","inLanguage":"en-US"},{"@type":"WebPage","@id":"https:\/\/retradycja.eu\/pl\/dziekujemy-ze-byliscie-z-nami\/","url":"https:\/\/retradycja.eu\/pl\/dziekujemy-ze-byliscie-z-nami\/","name":"Thank you for being with us","isPartOf":{"@id":"https:\/\/retradycja.eu\/pl\/#website"},"primaryImageOfPage":{"@id":"https:\/\/retradycja.eu\/pl\/dziekujemy-ze-byliscie-z-nami\/#primaryimage"},"image":{"@id":"https:\/\/retradycja.eu\/pl\/dziekujemy-ze-byliscie-z-nami\/#primaryimage"},"thumbnailUrl":"https:\/\/retradycja.eu\/wp-content\/uploads\/2023\/08\/grafiki_4_prawie_hd_dziekujemy.jpg","datePublished":"2023-08-22T10:54:46+00:00","dateModified":"2023-08-22T10:54:46+00:00","description":"Thank yuou for being with us at Re:tradition - the Jagiellonian Fair Festival","breadcrumb":{"@id":"https:\/\/retradycja.eu\/pl\/dziekujemy-ze-byliscie-z-nami\/#breadcrumb"},"inLanguage":"en-US","potentialAction":[{"@type":"ReadAction","target":["https:\/\/retradycja.eu\/pl\/dziekujemy-ze-byliscie-z-nami\/"]}]},{"@type":"ImageObject","inLanguage":"en-US","@id":"https:\/\/retradycja.eu\/pl\/dziekujemy-ze-byliscie-z-nami\/#primaryimage","url":"https:\/\/retradycja.eu\/wp-content\/uploads\/2023\/08\/grafiki_4_prawie_hd_dziekujemy.jpg","contentUrl":"https:\/\/retradycja.eu\/wp-content\/uploads\/2023\/08\/grafiki_4_prawie_hd_dziekujemy.jpg","width":1920,"height":1005,"caption":"Grafika ze zdj\u0119ciem sceny festiwalowej podczas koncertu oraz napis: Dzi\u0119kujemy, \u017ce byli\u015bcie z nami!"},{"@type":"BreadcrumbList","@id":"https:\/\/retradycja.eu\/pl\/dziekujemy-ze-byliscie-z-nami\/#breadcrumb","itemListElement":[{"@type":"ListItem","position":1,"name":"Strona g\u0142\u00f3wna","item":"https:\/\/retradycja.eu\/en\/"},{"@type":"ListItem","position":2,"name":"Thank you for being with us"}]},{"@type":"WebSite","@id":"https:\/\/retradycja.eu\/pl\/#website","url":"https:\/\/retradycja.eu\/pl\/","name":"Jarmark Jagiello\u0144ski","description":"The Jagiellonian Fair 21-23 August 2020 |  Lublin, Old Town","publisher":{"@id":"https:\/\/retradycja.eu\/pl\/#organization"},"potentialAction":[{"@type":"SearchAction","target":{"@type":"EntryPoint","urlTemplate":"https:\/\/retradycja.eu\/pl\/?s={search_term_string}"},"query-input":"required name=search_term_string"}],"inLanguage":"en-US"},{"@type":"Organization","@id":"https:\/\/retradycja.eu\/pl\/#organization","name":"Warsztaty Kultury w Lublinie","url":"https:\/\/retradycja.eu\/pl\/","logo":{"@type":"ImageObject","inLanguage":"en-US","@id":"https:\/\/retradycja.eu\/pl\/#\/schema\/logo\/image\/","url":"https:\/\/retradycja.eu\/wp-content\/uploads\/2022\/06\/logo_retradycje-01.png","contentUrl":"https:\/\/retradycja.eu\/wp-content\/uploads\/2022\/06\/logo_retradycje-01.png","width":332,"height":63,"caption":"Warsztaty Kultury w Lublinie"},"image":{"@id":"https:\/\/retradycja.eu\/pl\/#\/schema\/logo\/image\/"},"sameAs":["https:\/\/www.facebook.com\/retradycja","https:\/\/www.instagram.com\/retradycja_jarmarkjagiellonski\/","https:\/\/www.youtube.com\/user\/JarmarkJagiellonski"]},{"@type":"Person","@id":"https:\/\/retradycja.eu\/pl\/#\/schema\/person\/fd205a687bde7f36f7900874fe9c96c0","name":"Ma\u0142gorzata","image":{"@type":"ImageObject","inLanguage":"en-US","@id":"https:\/\/retradycja.eu\/pl\/#\/schema\/person\/image\/","url":"https:\/\/secure.gravatar.com\/avatar\/c2f84c05c7c04cc536472b6e15a984f4?s=96&d=mm&r=g","contentUrl":"https:\/\/secure.gravatar.com\/avatar\/c2f84c05c7c04cc536472b6e15a984f4?s=96&d=mm&r=g","caption":"Ma\u0142gorzata"}}]}},"_links":{"self":[{"href":"https:\/\/retradycja.eu\/en\/wp-json\/wp\/v2\/posts\/51493"}],"collection":[{"href":"https:\/\/retradycja.eu\/en\/wp-json\/wp\/v2\/posts"}],"about":[{"href":"https:\/\/retradycja.eu\/en\/wp-json\/wp\/v2\/types\/post"}],"author":[{"embeddable":true,"href":"https:\/\/retradycja.eu\/en\/wp-json\/wp\/v2\/users\/5"}],"replies":[{"embeddable":true,"href":"https:\/\/retradycja.eu\/en\/wp-json\/wp\/v2\/comments?post=51493"}],"version-history":[{"count":2,"href":"https:\/\/retradycja.eu\/en\/wp-json\/wp\/v2\/posts\/51493\/revisions"}],"predecessor-version":[{"id":51495,"href":"https:\/\/retradycja.eu\/en\/wp-json\/wp\/v2\/posts\/51493\/revisions\/51495"}],"wp:featuredmedia":[{"embeddable":true,"href":"https:\/\/retradycja.eu\/en\/wp-json\/wp\/v2\/media\/51479"}],"wp:attachment":[{"href":"https:\/\/retradycja.eu\/en\/wp-json\/wp\/v2\/media?parent=51493"}],"wp:term":[{"taxonomy":"category","embeddable":true,"href":"https:\/\/retradycja.eu\/en\/wp-json\/wp\/v2\/categories?post=51493"},{"taxonomy":"post_tag","embeddable":true,"href":"https:\/\/retradycja.eu\/en\/wp-json\/wp\/v2\/tags?post=51493"}],"curies":[{"name":"wp","href":"https:\/\/api.w.org\/{rel}","templated":true}]}}